{"id":379108,"date":"2025-09-10T01:33:09","date_gmt":"2025-09-10T01:33:09","guid":{"rendered":"https:\/\/www.europesays.com\/fr\/379108\/"},"modified":"2025-09-10T01:33:09","modified_gmt":"2025-09-10T01:33:09","slug":"us-open-une-employee-du-tournoi-charge-severement-john-mcenroe-je-me-suis-sentie-humiliee-je-ne-voulais-meme-plus-aller-sur-le-court-de-peur-quil-ne-fasse-dautres-remarques-desobligeantes-a-m-2","status":"publish","type":"post","link":"https:\/\/www.europesays.com\/fr\/379108\/","title":{"rendered":"US Open > Une employ\u00e9e du tournoi charge s\u00e9v\u00e8rement John McEnroe : \u00ab\u00a0Je me suis sentie humili\u00e9e. Je ne voulais m\u00eame plus aller sur le court, de peur qu&rsquo;il ne fasse d&rsquo;autres remarques d\u00e9sobligeantes \u00e0 mon \u00e9gard\u00a0\u00bb"},"content":{"rendered":"<p>Si John McEnroe est connu pour \u00eatre parfois un peu brut de d\u00e9cof\u00adfrage, l\u2019an\u00adcien num\u00e9ro 1 mondial est peut\u2010\u00eatre all\u00e9 un peu trop loin alors qu\u2019il commen\u00adtait pour la cha\u00eene am\u00e9ri\u00adcaine, ESPN, le match entre Novak Djokovic et Taylor Fritz comp\u00adtant pour les quarts de finale de l\u2019US\u00a0Open.<\/p>\n<p>Alors qu\u2019une membre \u00e2g\u00e9e du personnel p\u00e9n\u00e9\u00adtrait sur le court pour donner une raquette \u00e0 l\u2019un des deux joueurs, \u00ab\u202fBig Mac\u202f\u00bb a notam\u00adment d\u00e9clar\u00e9\u00a0: \u00ab\u202fMerci, grand\u2010m\u00e8re\u202f\u00bb. Des commen\u00adtaires qui sont revenus aux oreilles de la personne en ques\u00adtion, Susan Perkins. L\u2019employ\u00e9e s\u2019est notam\u00adment exprim\u00e9e chez nos confr\u00e8res de <a href=\"https:\/\/www.sportskeeda.com\/tennis\/news-after-john-mcenroe-s-hurtful-remarks-senior-us-open-female-staff-member-opens-up-says-embarrassed-even-get-back-court-exclusive\" data-wpel-link=\"external\" target=\"_blank\" rel=\"nofollow external noopener\">Sportskeeda<\/a>. <\/p>\n<p><strong>\u00ab\u202fJe voudrais dire \u00e0 John McEnroe que ses commen\u00adtaires tels que \u00ab\u202fbon moment pour son \u00e2ge\u202f\u00bb et \u00ab\u202fgrand\u2010m\u00e8re\u202f\u00bb m\u2019ont sembl\u00e9 d\u00e9dai\u00adgneux et bles\u00adsants plut\u00f4t qu\u2019hu\u00admo\u00adris\u00adtiques. Je faisais simple\u00adment mon travail en livrant une raquette record\u00e9e \u00e0 un joueur. Son travail consiste \u00e0 commenter les joueurs, pas les autres personnes qui travaillent sur le court. C\u2019est une chose de plai\u00adsanter, c\u2019en est une autre de st\u00e9r\u00e9o\u00adtyper quel\u00adqu\u2019un en fonc\u00adtion de son \u00e2ge. Je travaille \u00e0 l\u2019US Open depuis des ann\u00e9es et j\u2019ai pass\u00e9 tout ce temps \u00e0 soutenir ce sport avec fiert\u00e9 et profes\u00adsion\u00adna\u00adlisme, mais ces commen\u00adtaires m\u2019ont fait me sentir invi\u00adsible et ridi\u00adcu\u00adlis\u00e9e. Je travaille comme pr\u00e9pos\u00e9e au court depuis 20 ans, depuis que mes propres enfants \u00e9taient ramas\u00adseurs de balles. J\u2019aime le tennis et je renonce \u00e0 mes deux semaines de vacances en ao\u00fbt pour travailler l\u00e0\u2010bas. J\u2019ai ador\u00e9 chaque minute de cette exp\u00e9\u00adrience jusqu\u2019\u00e0 cette ann\u00e9e. Apr\u00e8s les commen\u00adtaires de McEnroe, je ne voulais m\u00eame plus aller sur le court, de peur qu\u2019il ne fasse d\u2019autres remarques d\u00e9so\u00adbli\u00adgeantes \u00e0 mon\u00a0\u00e9gard.\u202f\u00bb<\/strong><\/p>\n<p class=\"post-published-date\" style=\"color: silver; font-size: 75%; text-align: left;\">Publi\u00e9 le mardi 9 septembre 2025 \u00e0 19:09<\/p>\n","protected":false},"excerpt":{"rendered":"Si John McEnroe est connu pour \u00eatre parfois un peu brut de d\u00e9cof\u00adfrage, l\u2019an\u00adcien num\u00e9ro 1 mondial est&hellip;\n","protected":false},"author":2,"featured_media":349910,"comment_status":"","ping_status":"","sticky":false,"template":"","format":"standard","meta":{"footnotes":""},"categories":[1415],"tags":[105,1011,27,60,1467],"class_list":{"0":"post-379108","1":"post","2":"type-post","3":"status-publish","4":"format-standard","5":"has-post-thumbnail","7":"category-tennis","8":"tag-djokovic","9":"tag-fr","10":"tag-france","11":"tag-sports","12":"tag-tennis"},"share_on_mastodon":{"url":"https:\/\/pubeurope.com\/@fr\/115177429587054336","error":""},"_links":{"self":[{"href":"https:\/\/www.europesays.com\/fr\/wp-json\/wp\/v2\/posts\/379108","targetHints":{"allow":["GET"]}}],"collection":[{"href":"https:\/\/www.europesays.com\/fr\/wp-json\/wp\/v2\/posts"}],"about":[{"href":"https:\/\/www.europesays.com\/fr\/wp-json\/wp\/v2\/types\/post"}],"author":[{"embeddable":true,"href":"https:\/\/www.europesays.com\/fr\/wp-json\/wp\/v2\/users\/2"}],"replies":[{"embeddable":true,"href":"https:\/\/www.europesays.com\/fr\/wp-json\/wp\/v2\/comments?post=379108"}],"version-history":[{"count":0,"href":"https:\/\/www.europesays.com\/fr\/wp-json\/wp\/v2\/posts\/379108\/revisions"}],"wp:featuredmedia":[{"embeddable":true,"href":"https:\/\/www.europesays.com\/fr\/wp-json\/wp\/v2\/media\/349910"}],"wp:attachment":[{"href":"https:\/\/www.europesays.com\/fr\/wp-json\/wp\/v2\/media?parent=379108"}],"wp:term":[{"taxonomy":"category","embeddable":true,"href":"https:\/\/www.europesays.com\/fr\/wp-json\/wp\/v2\/categories?post=379108"},{"taxonomy":"post_tag","embeddable":true,"href":"https:\/\/www.europesays.com\/fr\/wp-json\/wp\/v2\/tags?post=379108"}],"curies":[{"name":"wp","href":"https:\/\/api.w.org\/{rel}","templated":true}]}}