{"id":379109,"date":"2025-09-10T01:35:16","date_gmt":"2025-09-10T01:35:16","guid":{"rendered":"https:\/\/www.europesays.com\/fr\/379109\/"},"modified":"2025-09-10T01:35:16","modified_gmt":"2025-09-10T01:35:16","slug":"moto-gp-la-perf-inattendue-de-johann-zarco-en-catalogne","status":"publish","type":"post","link":"https:\/\/www.europesays.com\/fr\/379109\/","title":{"rendered":"Moto GP | La perf inattendue de Johann Zarco en Catalogne"},"content":{"rendered":"<p><strong>Alors que les projecteurs \u00e9taient braqu\u00e9s sur Fabio Quartararo au Grand Prix Moto de Catalogne, c\u2019est finalement Johann Zarco qui a attir\u00e9 toute la lumi\u00e8re sur lui. Et de quelle mani\u00e8re s\u2019il vous pla\u00eet.<\/strong><\/p>\n<p>Johann Zarco peut avoir des regrets en Moto GP<\/p>\n<p>Apr\u00e8s <a href=\"https:\/\/fflose.com\/moto-gp-la-chute-se-poursuit-pour-fabio-quartararo\/\" target=\"_blank\" rel=\"noopener\">une s\u00e9ance de qualifications extr\u00eamement mal effectu\u00e9e<\/a>, et une deuxi\u00e8me place \u00e0 la clef, Fabio Quartararo a r\u00e9cidiv\u00e9 lors de la course sprint. Une deuxi\u00e8me position, synonyme de podium. Il n\u2019en fallait pas plus pour nous inqui\u00e9ter en ce dimanche. Pourtant, d\u00e8s l\u2019extinction des feux,\u00a0Fabio Quartararo perd deux positions d\u00e8s le d\u00e9part, et nous confirme que nous n\u2019avons pas \u00e0 nous faire du mauvais sang pour un \u00e9ventuel risque de podium.<\/p>\n<blockquote class=\"twitter-tweet\">\n<p dir=\"ltr\" lang=\"fr\">ET BOOUUM \ud83d\udca5<\/p>\n<p>D\u00e9part du GP de Catalogne ! \ud83d\ude0e<\/p>\n<p>\u27a1\ufe0f CANAL+ \ud83d\udcfa<a href=\"https:\/\/twitter.com\/hashtag\/CatalanGP?src=hash&amp;ref_src=twsrc%5Etfw\" target=\"_blank\" rel=\"noopener\">#CatalanGP<\/a> | <a href=\"https:\/\/twitter.com\/hashtag\/MotoGP?src=hash&amp;ref_src=twsrc%5Etfw\" target=\"_blank\" rel=\"noopener\">#MotoGP<\/a> <a href=\"https:\/\/t.co\/iK8FefdFYn\">pic.twitter.com\/iK8FefdFYn<\/a><\/p>\n<p>\u2014 CANAL+ MotoGP\u2122 (@CanalplusMotoGP) <a href=\"https:\/\/twitter.com\/CanalplusMotoGP\/status\/1964661585604903332?ref_src=twsrc%5Etfw\" target=\"_blank\" rel=\"noopener\">September 7, 2025<\/a><\/p>\n<\/blockquote>\n<p>Puis le moment qu\u2019on attendait tous se d\u00e9roule sous nos yeux ; Johann Zarco met la pression sur Fabio Quartararo, et on esp\u00e8re tant voir ce duel franco-fran\u00e7ais se terminer dans le bac \u00e0 graviers de Catalogne. Mais le d\u00e9passement se d\u00e9roule malheureusement sans incident, une occasion manqu\u00e9e. Mais cela n\u2019emp\u00eache pas\u00a0El Diablo\u00a0de poursuivre sa d\u00e9gringolade au classement, en se faisant doubler cette fois par Luca Marini. On se console comme on peut.<\/p>\n<blockquote class=\"twitter-tweet\">\n<p dir=\"ltr\" lang=\"it\">Johann Zarco passe Fabio Quartararo pour la P5 ! \ud83c\uddeb\ud83c\uddf7<a href=\"https:\/\/twitter.com\/hashtag\/CatalanGP?src=hash&amp;ref_src=twsrc%5Etfw\" target=\"_blank\" rel=\"noopener\">#CatalanGP<\/a> | <a href=\"https:\/\/twitter.com\/hashtag\/MotoGP?src=hash&amp;ref_src=twsrc%5Etfw\" target=\"_blank\" rel=\"noopener\">#MotoGP<\/a> <a href=\"https:\/\/t.co\/6uclT8148h\">pic.twitter.com\/6uclT8148h<\/a><\/p>\n<p>\u2014 CANAL+ MotoGP\u2122 (@CanalplusMotoGP) <a href=\"https:\/\/twitter.com\/CanalplusMotoGP\/status\/1964664614345375836?ref_src=twsrc%5Etfw\" target=\"_blank\" rel=\"noopener\">September 7, 2025<\/a><\/p>\n<\/blockquote>\n<p>Puis quelques tours apr\u00e8s, alors que Johann Zarco force sur sa moto pour essayer de remonter sur le quatuor de t\u00eate, le Fran\u00e7ais\u00a0chute dans le virage n\u00b010, et fait voler en \u00e9clat la principale menace tricolore de la journ\u00e9e pour la FFL. Cocorico.<\/p>\n<blockquote class=\"twitter-tweet\">\n<p dir=\"ltr\" lang=\"fr\">Chute de Johann Zarco ! \ud83d\ude22\ud83c\uddeb\ud83c\uddf7<a href=\"https:\/\/twitter.com\/hashtag\/CatalanGP?src=hash&amp;ref_src=twsrc%5Etfw\" target=\"_blank\" rel=\"noopener\">#CatalanGP<\/a> | <a href=\"https:\/\/twitter.com\/hashtag\/MotoGP?src=hash&amp;ref_src=twsrc%5Etfw\" target=\"_blank\" rel=\"noopener\">#MotoGP<\/a> <a href=\"https:\/\/t.co\/p0PMylwmqh\">pic.twitter.com\/p0PMylwmqh<\/a><\/p>\n<p>\u2014 CANAL+ MotoGP\u2122 (@CanalplusMotoGP) <a href=\"https:\/\/twitter.com\/CanalplusMotoGP\/status\/1964665716293935352?ref_src=twsrc%5Etfw\" target=\"_blank\" rel=\"noopener\">September 7, 2025<\/a><\/p>\n<\/blockquote>\n<p>Fabio Quartararo termine finalement \u00e0 la 5e position, n\u2019ayant pas pu s\u2019emp\u00eacher de doubler Luca Marini \u00e0 deux tours de la fin. Le pilote Yamaha termine hors du podium, et on s\u2019en contenterait presque. Nos attentes ont dr\u00f4lement chut\u00e9 en Moto GP.<\/p>\n<blockquote class=\"twitter-tweet\">\n<p dir=\"ltr\" lang=\"fr\">je ne suis pas sp\u00e9cialiste mais \u00e0 mon avis y\u2019a un peu trop d\u2019angle l\u00e0 <a href=\"https:\/\/t.co\/kOlPZtEnZp\">pic.twitter.com\/kOlPZtEnZp<\/a><\/p>\n<p>\u2014 F\u00e9d\u00e9 \ud83c\uddeb\ud83c\uddf7 de la Lose (@FFLose) <a href=\"https:\/\/twitter.com\/FFLose\/status\/1964665604172116178?ref_src=twsrc%5Etfw\" target=\"_blank\" rel=\"noopener\">September 7, 2025<\/a><\/p>\n<\/blockquote>\n<p>                         <a href=\"https:\/\/fflose.com\/author\/tomgaleron\/\" class=\"url\" title=\"Tom\" target=\"_blank\" rel=\"noopener\"> <img loading=\"lazy\" decoding=\"async\" alt=\"Tom\" src=\"https:\/\/www.europesays.com\/fr\/wp-content\/uploads\/2025\/09\/1757468116_67_42b7cbe105414bcd1f96d432c56f293f\"  class=\"avatar avatar-250 photo\" height=\"250\" width=\"250\"\/><\/a> <\/p>\n<p>Natif de Marseille, autant vous dire qu&rsquo;il est pr\u00e9f\u00e9rable de ne pas me parler de football en ce moment. Merci pour votre compr\u00e9hension.<\/p>\n<p> <a href=\"https:\/\/fflose.com\/author\/tomgaleron\/\" class=\"url\" title=\"Tom\" target=\"_blank\" rel=\"noopener\"><img loading=\"lazy\" decoding=\"async\" alt=\"Tom\" src=\"https:\/\/www.europesays.com\/fr\/wp-content\/uploads\/2025\/09\/1757468116_67_42b7cbe105414bcd1f96d432c56f293f\"  class=\"avatar avatar-250 photo\" height=\"250\" width=\"250\"\/><\/a>  <\/p>\n<p><script async src=\"https:\/\/platform.twitter.com\/widgets.js\" charset=\"utf-8\"><\/script><\/p>\n","protected":false},"excerpt":{"rendered":"Alors que les projecteurs \u00e9taient braqu\u00e9s sur Fabio Quartararo au Grand Prix Moto de Catalogne, c\u2019est finalement Johann&hellip;\n","protected":false},"author":2,"featured_media":379110,"comment_status":"","ping_status":"","sticky":false,"template":"","format":"standard","meta":{"footnotes":""},"categories":[1413],"tags":[1011,27,1457,1456,60],"class_list":{"0":"post-379109","1":"post","2":"type-post","3":"status-publish","4":"format-standard","5":"has-post-thumbnail","7":"category-moto","8":"tag-fr","9":"tag-france","10":"tag-moto","11":"tag-motocycle","12":"tag-sports"},"share_on_mastodon":{"url":"https:\/\/pubeurope.com\/@fr\/115177437837114360","error":""},"_links":{"self":[{"href":"https:\/\/www.europesays.com\/fr\/wp-json\/wp\/v2\/posts\/379109","targetHints":{"allow":["GET"]}}],"collection":[{"href":"https:\/\/www.europesays.com\/fr\/wp-json\/wp\/v2\/posts"}],"about":[{"href":"https:\/\/www.europesays.com\/fr\/wp-json\/wp\/v2\/types\/post"}],"author":[{"embeddable":true,"href":"https:\/\/www.europesays.com\/fr\/wp-json\/wp\/v2\/users\/2"}],"replies":[{"embeddable":true,"href":"https:\/\/www.europesays.com\/fr\/wp-json\/wp\/v2\/comments?post=379109"}],"version-history":[{"count":0,"href":"https:\/\/www.europesays.com\/fr\/wp-json\/wp\/v2\/posts\/379109\/revisions"}],"wp:featuredmedia":[{"embeddable":true,"href":"https:\/\/www.europesays.com\/fr\/wp-json\/wp\/v2\/media\/379110"}],"wp:attachment":[{"href":"https:\/\/www.europesays.com\/fr\/wp-json\/wp\/v2\/media?parent=379109"}],"wp:term":[{"taxonomy":"category","embeddable":true,"href":"https:\/\/www.europesays.com\/fr\/wp-json\/wp\/v2\/categories?post=379109"},{"taxonomy":"post_tag","embeddable":true,"href":"https:\/\/www.europesays.com\/fr\/wp-json\/wp\/v2\/tags?post=379109"}],"curies":[{"name":"wp","href":"https:\/\/api.w.org\/{rel}","templated":true}]}}