{"id":379111,"date":"2025-09-10T01:36:25","date_gmt":"2025-09-10T01:36:25","guid":{"rendered":"https:\/\/www.europesays.com\/fr\/379111\/"},"modified":"2025-09-10T01:36:25","modified_gmt":"2025-09-10T01:36:25","slug":"la-mercedes-dayrton-senna-a-vendre-aux-encheres-au-prix-dun-appartement","status":"publish","type":"post","link":"https:\/\/www.europesays.com\/fr\/379111\/","title":{"rendered":"La Mercedes d\u2019Ayrton Senna \u00e0 vendre aux ench\u00e8res, au prix d\u2019un appartement"},"content":{"rendered":"<p class=\"p1\">Passer d\u2019une valeur comprise entre 20 000 et 50 000 euros \u00e0 250 000-280 000 euros, c\u2019est l\u2019effet Ayrton Senna. Lors d\u2019une prochaine vente aux ench\u00e8res, une Mercedes 190 E 2.3-16 ayant appartenu au pilote sera \u00e0 l\u2019affiche.<\/p>\n<p><b>Une pi\u00e8ce charg\u00e9e d\u2019histoire<\/b><\/p>\n<p class=\"p1\">Le triple champion du monde de F1 a conduit cette berline de 1985 \u00e0 1987, l\u2019ayant achet\u00e9e neuve directement chez Mercedes-Benz avant de la rapatrier lui-m\u00eame depuis l\u2019usine, en compagnie de son compatriote Maur\u00edcio Gugelmin.<\/p>\n<p class=\"p1\">Un an plus t\u00f4t, Senna avait brill\u00e9 au N\u00fcrburgring lors de la \u00ab course des champions \u00bb au volant d\u2019une 190 E identique, Smoke Silver Metallic, qu\u2019il avait men\u00e9e \u00e0 la victoire.<\/p>\n<p class=\"p1\">Aujourd\u2019hui, l\u2019auto se pr\u00e9sente dans sa teinte d\u2019origine, avec un int\u00e9rieur en cuir noir, et s\u2019accompagne d\u2019une documentation charg\u00e9e d&rsquo;histoire : facture d\u2019usine, papiers de l\u2019\u00e9poque au nom de Senna, historique d\u2019entretien, mais aussi une signature de Niki Lauda dans le compartiment moteur, appos\u00e9e en 2016 au Grand Prix d\u2019Australie.<\/p>\n<p><b>Un collector au parfum de l\u00e9gende<\/b><\/p>\n<p class=\"p1\">Acquise en 1996 par son propri\u00e9taire actuel puis emmen\u00e9e en Australie en 2004, cette Mercedes est l\u2019une des rares voitures de route personnelles d\u2019Ayrton Senna encore existantes. Plus qu\u2019une youngtimer, elle devient un v\u00e9ritable morceau d\u2019histoire du sport automobile.<\/p>\n<p class=\"p1\">Le 1\u1d49\u02b3 novembre, \u00e0 Londres, les collectionneurs auront rendez-vous avec un mythe. Et avec un prix qui rappelle que la l\u00e9gende Senna, pr\u00e8s de 30 ans apr\u00e8s sa disparition, n\u2019a rien perdu de son aura.<\/p>\n<p>   Partagez cette info avec vos amis et vos proches en cliquant ici  <\/p>\n<p> Podcasts \u00e0 la une MEN LIFE <\/p>\n<p>    La Mercedes d\u2019Ayrton Senna \u00e0 vendre aux ench\u00e8res, au prix d\u2019un appartement<\/p>\n<p>Si vous souhaitez conna\u00eetre la valeur d\u2019une Mercedes 190 E 2.3-16, ce n\u2019est pas ici que \u00e7a se passe : le chiffre est biais\u00e9. Lors d\u2019une vente aux ench\u00e8res \u00e0 Londres, le 1er novembre prochain, la maison RM Sotheby\u2019s proposera la voiture personnelle du champion br\u00e9silien de Formule 1 Ayrton Senna, utilis\u00e9e de 1985 \u00e0 1987.<\/p>\n<p>R\u00e9dacteur<\/p>\n<p><img decoding=\"async\" width=\"76\" height=\"76\" loading=\"lazy\" src=\"https:\/\/www.europesays.com\/fr\/wp-content\/uploads\/2025\/04\/avatar-automoto.webp.webp\" alt=\"Mathis Poirot\"\/><\/p>\n","protected":false},"excerpt":{"rendered":"Passer d\u2019une valeur comprise entre 20 000 et 50 000 euros \u00e0 250 000-280 000 euros, c\u2019est l\u2019effet&hellip;\n","protected":false},"author":2,"featured_media":379112,"comment_status":"","ping_status":"","sticky":false,"template":"","format":"standard","meta":{"footnotes":""},"categories":[1412],"tags":[1451,1452,1453,1454,1455,1011,27,60],"class_list":{"0":"post-379111","1":"post","2":"type-post","3":"status-publish","4":"format-standard","5":"has-post-thumbnail","7":"category-f1","8":"tag-f1","9":"tag-formula-1","10":"tag-formula1","11":"tag-formule-1","12":"tag-formule1","13":"tag-fr","14":"tag-france","15":"tag-sports"},"share_on_mastodon":{"url":"https:\/\/pubeurope.com\/@fr\/115177441510094797","error":""},"_links":{"self":[{"href":"https:\/\/www.europesays.com\/fr\/wp-json\/wp\/v2\/posts\/379111","targetHints":{"allow":["GET"]}}],"collection":[{"href":"https:\/\/www.europesays.com\/fr\/wp-json\/wp\/v2\/posts"}],"about":[{"href":"https:\/\/www.europesays.com\/fr\/wp-json\/wp\/v2\/types\/post"}],"author":[{"embeddable":true,"href":"https:\/\/www.europesays.com\/fr\/wp-json\/wp\/v2\/users\/2"}],"replies":[{"embeddable":true,"href":"https:\/\/www.europesays.com\/fr\/wp-json\/wp\/v2\/comments?post=379111"}],"version-history":[{"count":0,"href":"https:\/\/www.europesays.com\/fr\/wp-json\/wp\/v2\/posts\/379111\/revisions"}],"wp:featuredmedia":[{"embeddable":true,"href":"https:\/\/www.europesays.com\/fr\/wp-json\/wp\/v2\/media\/379112"}],"wp:attachment":[{"href":"https:\/\/www.europesays.com\/fr\/wp-json\/wp\/v2\/media?parent=379111"}],"wp:term":[{"taxonomy":"category","embeddable":true,"href":"https:\/\/www.europesays.com\/fr\/wp-json\/wp\/v2\/categories?post=379111"},{"taxonomy":"post_tag","embeddable":true,"href":"https:\/\/www.europesays.com\/fr\/wp-json\/wp\/v2\/tags?post=379111"}],"curies":[{"name":"wp","href":"https:\/\/api.w.org\/{rel}","templated":true}]}}