{"id":379113,"date":"2025-09-10T01:37:11","date_gmt":"2025-09-10T01:37:11","guid":{"rendered":"https:\/\/www.europesays.com\/fr\/379113\/"},"modified":"2025-09-10T01:37:11","modified_gmt":"2025-09-10T01:37:11","slug":"cyclisme-tour-de-toscane-parcours-profil-favoris-le-giro-della-toscana-2025","status":"publish","type":"post","link":"https:\/\/www.europesays.com\/fr\/379113\/","title":{"rendered":"Cyclisme. Tour de Toscane &#8211; Parcours, profil, favoris&#8230; le Giro della Toscana 2025"},"content":{"rendered":"<p> Lire la suite de l&rsquo;article&#13;<\/p>\n<p>\u00a0<\/p>\n<p>&#13;<br \/>\nDel Toro grand favori&#8230; quid de Richard Carapaz ?&#13;<\/p>\n<p>Vainqueur du\u00a0<strong><a href=\"https:\/\/www.cyclismactu.net\/..\/news-gp-larciano-route-isaac-del-toro-remporte-gp-industria-artigianato-90022.html\" target=\"_blank\" rel=\"nofollow noopener\">Grand Prix de l&rsquo;industrie et de l&rsquo;artisanat de Larciano<\/a><\/strong> dimanche dernier, la p\u00e9pite mexicaine d&rsquo;<strong>UAE Team Emirates-XRG<\/strong> semble sur le papier intouchable sur ce type de parcours. Car m\u00eame s&rsquo;il n&rsquo;arrive pas \u00e0 faire la diff\u00e9rence dans le\u00a0Monte Serra, sa pointe de vitesse n&rsquo;a pas d&rsquo;\u00e9gal parmi le peu de grimpeur capable d&rsquo;accompagner le 2e du dernier <strong>Giro<\/strong>. Toujours aussi \u00e0 l&rsquo;aise sur les routes italiennes, <strong>Del Toro<\/strong> pourra en plus compter sur une grosse \u00e9quipe autour de lui, avec\u00a0<strong>Rafal Majka<\/strong>,\u00a0<strong>Jan Christen<\/strong> ou encore\u00a0<strong>Pablo Torres<\/strong> pour le soutenir. Un gros point d&rsquo;interrogation entoure encore la forme de\u00a0<strong>Richard Carapaz<\/strong> (EF Education-EasyPost), qui n&rsquo;a pas pu rivaliser dimanche pour sa course de reprise mais pourrait monter en pression et s&rsquo;offrir un nouveau duel all\u00e9chant\u00a0avec son rival mexicain.<\/p>\n<p>&#13;<\/p>\n<p>L&rsquo;\u00e9quipe <strong>XDS Astana<\/strong> est la seule \u00e0 pouvoir rivaliser avec <strong>UAE<\/strong>\u00a0en densit\u00e9, avec en plus du tenant du titre <strong>Champoussin<\/strong> la pr\u00e9sence de\u00a0<strong>Christian Scaroni<\/strong>, battu au sprint par <strong>Del Toro<\/strong> il y a trois jours, et de <strong>Diego Ulissi<\/strong>. Sur le podium en 2024,\u00a0<strong>Jordan Jegat<\/strong> (Team TotalEnergies) esp\u00e8re faire aussi bien cette ann\u00e9e. Le Fran\u00e7ais sera \u00e0 suivre, tout comme\u00a0<strong>Davide Piganzoli<\/strong> (Team Polti VisitMalta),\u00a0<strong>Aleksandr Vlasov<\/strong> (Red Bull-BORA-hansgrohe), <strong>Stefano Oldani<\/strong>,\u00a0<strong>Sylvain Moniquet<\/strong> (Cofidis),\u00a0<strong>Davide Formolo<\/strong>,\u00a0<strong>Nairo Quintana<\/strong> (Movistar) ou encore\u00a0<strong>Georg Zimmermann<\/strong> (Intermarch\u00e9-Wanty).<\/p>\n<p>&#13;<br \/>\n&#13;<br \/>\nLe parcours&#13;<\/p>\n<p>Mercredi 10 septembre &#8211; Pontedera &gt; Pontedera \/ 189,6 km<\/p>\n<p>&#13;<\/p>\n<p><img decoding=\"async\" src=\"https:\/\/www.total-velo.com\/wp-content\/uploads\/2022\/07\/profil-tour-de-toscane-2025-e1757241161199-1024x520.png\" style=\"max-width:100%;max-height:100%;\" alt=\"image\" loading=\"lazy\"\/><\/p>\n<p>&#13;<\/p>\n<p>\u00a0<\/p>\n<p>&#13;<br \/>\nLa liste de d\u00e9part&#13;<\/p>\n<p><strong>XDS Astana Team<\/strong><br \/>1  Champoussin Cl\u00e9ment<br \/>2  Gazzoli Michele<br \/>3  Kajamini Florian<br \/>4  Scaroni Christian<br \/>5  Negrente Mattia<br \/>6  Ulissi Diego<br \/>7  Mellano Ludovico<\/p>\n<p><strong>UAE Team Emirates-XRG<\/strong><br \/>11  Laengen Vegard Stake<br \/>12  Christen Jan<br \/>13  Covi Alessandro<br \/>14  del Toro Isaac<br \/>15  Majka Rafal<br \/>16  Herregodts Rune<br \/>17  Torres Pablo<\/p>\n<p><strong>Cofidis<\/strong><br \/>21  Oldani Stefano<br \/>22  Carr Simon<br \/>23  Lastra Jonathan<br \/>24  Meehan Jamie<br \/>25  Moniquet Sylvain<br \/>26  Teuns Dylan<br \/>27  Thomas Benjamin<\/p>\n<p><strong>EF Education-EasyPost<\/strong><br \/>31  Battistella Samuele<br \/>32  Valgren Michael<br \/>33  Costa Rui<br \/>34  Cepeda Alexander<br \/>35  Rootkin-Gray Jack<br \/>36  Walker Max<br \/>37  Carapaz Richard<\/p>\n<p><strong>Intermarch\u00e9-Wanty<\/strong><br \/>41  Busatto Francesco<br \/>42  Colleoni Kevin<br \/>43  Dolven Halvor<br \/>44  Faure-Prost Alexy<br \/>45  Gualdi Simone<br \/>46  Rota Lorenzo<br \/>47  Zimmermann Georg<\/p>\n<p><strong>Team Jayco-AlUla<\/strong><br \/>51  Berhe Welay<br \/>52  Rafferty Adam<br \/>53  De Marchi Alessandro<br \/>54  De Pretto Davide<br \/>55  Double Paul<br \/>56  Engelhardt Felix<br \/>57  Krijnsen Jelte<\/p>\n<p><strong>Movistar Team<\/strong><br \/>61  Formolo Davide<br \/>62  Pescador Diego<br \/>63  Quintana Nairo<br \/>64  Sanchez Pelayo<br \/>65  Tesfazion Natnael<br \/>66  Castillo Kevin David<br \/>67  Milesi Lorenzo<\/p>\n<p><strong>Red Bull-BORA-hansgrohe<\/strong><br \/>71  Hajek Alexander<br \/>72  Herzog Emil<br \/>73  Donati Davide<br \/>74  Moscon Gianni<br \/>75  Pringle Nate<br \/>76  Vlasov Aleksandr<br \/>77  Wandahl Frederik<\/p>\n<p><strong>Tudor Pro Cycling Team<\/strong><br \/>81  Storer Michael<br \/>82  Brenner Marco<br \/>83  Voisard Yannis<br \/>84  Kluckers Arthur<br \/>85  Suter Joel<br \/>86  Thalmann Roland<br \/>87  Donz\u00e9 Robin<\/p>\n<p><strong>Burgos Burpellet BH<\/strong><br \/>91  Burnett Josh<br \/>92  Delgado David<br \/>93  Alleno Cl\u00e9ment<br \/>94  Angulo Antonio<br \/>95  Okamika Ander<br \/>96  Kudus Merhawi<br \/>97  Diaz Jose Manuel<\/p>\n<p><strong>Caja Rural-Seguros RGA<\/strong><br \/>101  Arriola-Bengoa Julen<br \/>102  Berwick Sebastian<br \/>103  Prades Eduard<br \/>104  Fern\u00e1ndez Garcia Samuel<br \/>105  Diaz Alex<br \/>106  Sorarrain Gorka<br \/>107  Stites Tyler<\/p>\n<p><strong>Equipo Kern Pharma<\/strong><br \/>111  Berrade Urko<br \/>112  Gimeno Nil<br \/>113  Iribar Unai<br \/>114  Cobo Ivan<br \/>115  Guti\u00e9rrez Jorge<br \/>116  Ruiz Ibon<br \/>117  Retegi Mikel<\/p>\n<p><strong>Euskaltel-Euskadi<\/strong><br \/>121  Sutton Louis<br \/>122  Alustiza Nicolas<br \/>123  Bizkarra Mikel<br \/>124  Murguialday Jokin<br \/>125  Juaristi Txomin<br \/>126  Zubeldia Unai<br \/>127  Agirre Jon<\/p>\n<p><strong>Solution Tech-Vini Fantini<\/strong><br \/>131  Conti Valerio<br \/>132  Fabbro Matteo<br \/>133  Piras Andrea<br \/>134  Gonzalez Roberto<br \/>135  Tissi\u00e8res Arnaud<br \/>137  Balmer Alexandre<\/p>\n<p><strong>Team Novo Nordisk<\/strong><br \/>141  Armitt Hamish<br \/>142  Brand Sam<br \/>143  Colladon Jacopo<br \/>144  Kopecky Matyas<br \/>145  Lozano David<br \/>146  Polga Antonio<br \/>147  Ridolfo Filippo<\/p>\n<p><strong>Team Polti VisitMalta<\/strong><br \/>151  Bais Mattia<br \/>152  Crescioli Ludovico<br \/>153  Martin Alex<br \/>154  Piganzoli Davide<br \/>155  Tercero Fernando<br \/>156  Tonelli Alessandro<br \/>157  Gaffuri Mattia<\/p>\n<p><strong>Team TotalEnergies<\/strong><br \/>161  Cras Steff<br \/>162  Delbove Joris<br \/>163  Jegat Jordan<br \/>164  Jousseaume Alan<br \/>165  Latour Pierre<br \/>166  Retailleau Valentin<br \/>167  Vercher Matt\u00e9o<\/p>\n<p><strong>Unibet Tietema Rockets<\/strong><br \/>171  Maire Adrien<br \/>172  Inkelaar Kevin<br \/>174  Fougner Eivind Broholt<br \/>175  Savioz Colin<br \/>176  Verschuren Killian<br \/>177  Geleijn Owen<\/p>\n<p><strong>Uno-X Mobility<\/strong><br \/>181  Dalby Simon<br \/>182  Svarre Tobias<br \/>183  Hoelgaard Markus<br \/>184  Holter \u00c5dne<br \/>185  Hvideberg Jonas Hem<br \/>186  Kulset Johannes<br \/>187  Kulset Magnus<\/p>\n<p><strong>VF Group-Bardiani CSF-Faizan\u00e8<\/strong><br \/>191  Covili Luca<br \/>192  Turconi Filippo<br \/>194  Pinarello Alessandro<br \/>195  Rojas Vicente<br \/>196  Scalco Matteo<br \/>197  Tolio Alex<\/p>\n<p><strong>MBH Bank Ballan CSB<\/strong><br \/>201  Ambrosini Matteo<br \/>202  Vesco Leonardo<br \/>203  Cretti Luca<br \/>204  Felline Fabio<br \/>205  Makrai Balint<br \/>207  Valent M\u00e1rk<\/p>\n<p><strong>MG.K vis Costruzioni Ambiente<\/strong><br \/>211  Faieta Fabiano<br \/>212  Roberts John<br \/>213  Bozicevich Matteo Lapo<br \/>214  Cantoni Andrea<br \/>215  Parravano Francesco<br \/>216  Spreafico Matteo<br \/>217  Laudi Luca<\/p>\n<p><strong>Petrolike<\/strong><br \/>221  Caicedo Jonathan<br \/>222  Cadena Edgar<br \/>223  O&rsquo;Brien Killian<br \/>224  Cisneros Mu\u00f1iz Cesar Leonel<br \/>225  D&rsquo;Aiuto Filippo<br \/>226  Galimberti Lorenzo<br \/>227  Ponomar Andrii<\/p>\n<p><strong>SAM-Vitalcare-Dynatek<\/strong><br \/>231  Abreha Negasi Haylu<br \/>232  Nannini Andrea<br \/>233  Dignani Filippo<br \/>234  Pase Christian Danilo<br \/>235  Minoia Sebastiano<br \/>236  Fermanelli Marco<br \/>237  Merola Marco<\/p>\n","protected":false},"excerpt":{"rendered":"Lire la suite de l&rsquo;article&#13; \u00a0 &#13; Del Toro grand favori&#8230; quid de Richard Carapaz ?&#13; Vainqueur du\u00a0Grand&hellip;\n","protected":false},"author":2,"featured_media":379114,"comment_status":"","ping_status":"","sticky":false,"template":"","format":"standard","meta":{"footnotes":""},"categories":[1411],"tags":[1154,207,211,1011,27,209,60,210,51254,212,208,213],"class_list":{"0":"post-379113","1":"post","2":"type-post","3":"status-publish","4":"format-standard","5":"has-post-thumbnail","7":"category-cyclisme","8":"tag-cycling","9":"tag-cyclisme","10":"tag-ffc","11":"tag-fr","12":"tag-france","13":"tag-route","14":"tag-sports","15":"tag-tour-de-france","16":"tag-tour-de-toscane","17":"tag-uci","18":"tag-velo","19":"tag-world-tour"},"share_on_mastodon":{"url":"https:\/\/pubeurope.com\/@fr\/115177445443022212","error":""},"_links":{"self":[{"href":"https:\/\/www.europesays.com\/fr\/wp-json\/wp\/v2\/posts\/379113","targetHints":{"allow":["GET"]}}],"collection":[{"href":"https:\/\/www.europesays.com\/fr\/wp-json\/wp\/v2\/posts"}],"about":[{"href":"https:\/\/www.europesays.com\/fr\/wp-json\/wp\/v2\/types\/post"}],"author":[{"embeddable":true,"href":"https:\/\/www.europesays.com\/fr\/wp-json\/wp\/v2\/users\/2"}],"replies":[{"embeddable":true,"href":"https:\/\/www.europesays.com\/fr\/wp-json\/wp\/v2\/comments?post=379113"}],"version-history":[{"count":0,"href":"https:\/\/www.europesays.com\/fr\/wp-json\/wp\/v2\/posts\/379113\/revisions"}],"wp:featuredmedia":[{"embeddable":true,"href":"https:\/\/www.europesays.com\/fr\/wp-json\/wp\/v2\/media\/379114"}],"wp:attachment":[{"href":"https:\/\/www.europesays.com\/fr\/wp-json\/wp\/v2\/media?parent=379113"}],"wp:term":[{"taxonomy":"category","embeddable":true,"href":"https:\/\/www.europesays.com\/fr\/wp-json\/wp\/v2\/categories?post=379113"},{"taxonomy":"post_tag","embeddable":true,"href":"https:\/\/www.europesays.com\/fr\/wp-json\/wp\/v2\/tags?post=379113"}],"curies":[{"name":"wp","href":"https:\/\/api.w.org\/{rel}","templated":true}]}}