{"id":379117,"date":"2025-09-10T01:39:24","date_gmt":"2025-09-10T01:39:24","guid":{"rendered":"https:\/\/www.europesays.com\/fr\/379117\/"},"modified":"2025-09-10T01:39:24","modified_gmt":"2025-09-10T01:39:24","slug":"trop-tard-pour-ce-genre-de-reconversion-si-anne-elisabeth-lem","status":"publish","type":"post","link":"https:\/\/www.europesays.com\/fr\/379117\/","title":{"rendered":"\u201cTrop tard pour ce genre de reconversion\u201d : si Anne-Elisabeth Lem &#8230;"},"content":{"rendered":"<p>EN BREF<\/p>\n<ul class=\"bloc_resume_post_list\">\n<li>Depuis 2017, Anne-Elisabeth Lemoine anime C \u00e0 Vous sur<br \/>\nFrance 5, avec une \u00e9mission \u00e9tendue \u00e0 deux heures depuis<br \/>\n2021.<\/li>\n<li>Une nouvelle \u00e9quipe dirig\u00e9e par Mohamed Bouhafsi prend en<br \/>\ncharge les \u00e9missions du vendredi et samedi, all\u00e9geant l\u00a0\u00bbemploi du<br \/>\ntemps d&rsquo;Anne-Elisabeth Lemoine.<\/li>\n<li>Anne-Elisabeth Lemoine envisage de nouveaux projets,<br \/>\nnotamment des podcasts<\/li>\n<\/ul>\n<p>Et c\u2019est reparti pour un tour ! Depuis 2017, <a href=\"https:\/\/www.telestar.fr\/actu_tv\/anne-elisabeth-lemoine-perd-ses-mots-a-levocation-de-francois-bayrou-patrick-cohen-vole-a-sa-rescousse-1737493\" target=\"_blank\" rel=\"noopener\"><br \/>\nAnne-Elisabeth Lemoine<\/a> est aux commandes de <a href=\"https:\/\/www.telestar.fr\/actu_tv\/c-a-vous-patrick-cohen-vise-par-un-depute-mediatique-apres-ses-propos-voles-sur-rachida-dati-1737285\" target=\"_blank\" rel=\"noopener\"><br \/>\nC \u00e0 Vous<\/a> sur France 5. Si le public est au rendez-vous, la<br \/>\n<strong>charge de travail<\/strong> est consid\u00e9rable pour les<br \/>\n\u00e9quipes, surtout depuis que l\u2019\u00e9mission est pass\u00e9e \u00e0 deux heures<br \/>\nd\u2019antenne en 2021.\u00a0<\/p>\n<p>C\u2019est pourquoi cette ann\u00e9e, la production a d\u00e9cid\u00e9 d\u2019op\u00e9rer un<br \/>\npetit changement, \u00e0 savoir une nouvelle \u00e9quipe &#8211; men\u00e9e par <a href=\"https:\/\/www.telestar.fr\/actu_tv\/c_a_vous\/c-a-vous-pour-sa-premiere-mohamed-bouhafsi-se-fait-remettre-en-place-par-un-invite-1737237\" target=\"_blank\" rel=\"noopener\"><br \/>\nMohamed Bouhafsi<\/a> &#8211; pour les \u00e9missions du vendredi et du samedi.<br \/>\nPour Anne-Elisabeth Lemoine, c\u2019est la promesse d\u2019un <strong>emploi<br \/>\ndu temps all\u00e9g\u00e9<\/strong>, et donc l\u2019occasion de penser \u00e0 de<br \/>\nnouveaux projets.\u00a0<\/p>\n<p>Le nouvel agenda d\u2019Anne-Elisabeth Lemoine arrange bien sa vie<br \/>\npriv\u00e9e<\/p>\n<p>\u201cCela fait <a href=\"https:\/\/www.telestar.fr\/actu_tv\/huit-ans-que-je-refuse-anne-elisabeth-lemoine-compte-bien-profiter-de-son-absence-dans-c-a-vous-les-vendredis-1737442\" target=\"_blank\" rel=\"noopener\"><br \/>\n8 ans<\/a> que je refuse quasiment tout ce que l\u2019on me propose, je<br \/>\nme dis que c\u2019est le moment de me lancer\u2026\u201d, avoue l\u2019animatrice<br \/>\n\u00e0 T\u00e9l\u00e9 7 jours. C\u00f4t\u00e9 <a href=\"https:\/\/www.telestar.fr\/people\/anne-elisabeth-lemoine-cette-rare-confidence-sur-son-couple-dans-c-a-vous-547434\" target=\"_blank\" rel=\"noopener\"><br \/>\nvie priv\u00e9e<\/a>, ce vendredi lib\u00e9r\u00e9 change \u00e9galement la donne.<br \/>\n\u201cJe vais enfin pouvoir aller <strong>chercher mon fils \u00e0<br \/>\nl\u2019\u00e9cole<\/strong>, ce que je n\u2019ai pu faire depuis qu\u2019il est n\u00e9<br \/>\n!\u201d, s\u2019extasie Anne-Elisabeth Lemoine.\u00a0<\/p>\n<p>\u201cQuand j\u2019ai repris le flambeau sur C \u00e0 Vous, il avait un an.<br \/>\n<strong>J\u2019ai int\u00e9r\u00eat \u00e0 en profiter<\/strong> parce qu\u2019il rentre en<br \/>\ncinqui\u00e8me cette ann\u00e9e et je sais que, bient\u00f4t, il ne voudra plus<br \/>\nque je vienne le chercher \u00e0 l\u2019\u00e9cole ! La fen\u00eatre de tir se r\u00e9duit<br \/>\n(Rires)\u201d, pr\u00e9cise-t-elle.\u00a0<\/p>\n<p>Anne-Elisabeth Lemoine, bient\u00f4t sur<br \/>\nsc\u00e8ne ?\u00a0<\/p>\n<p>Mais revenons aux projets professionnels d\u2019Anne-Elisabeth<br \/>\nLemoine. Comme le rappelle T\u00e9l\u00e9 7 jours, l\u2019animatrice a d\u00e9clar\u00e9 un<br \/>\njour : \u201cJ\u2019ai toujours au fond de moi <strong>le r\u00eave de devenir<br \/>\ncom\u00e9dienne<\/strong>, de faire du seule-en-sc\u00e8ne\u201d. Doit-on<br \/>\ns\u2019attendre \u00e0 voir Babeth d\u00e9barquer sur les planches ? \u201cJe vais<br \/>\nd\u2019abord continuer d\u2019exercer correctement mon m\u00e9tier de journaliste<br \/>\navant d\u2019aller m\u2019aventurer sur ces chemins !\u201d, r\u00e9pond<br \/>\nl\u2019animatrice, amus\u00e9e.\u00a0<\/p>\n<p>Puis de poursuivre, plus s\u00e9rieusement : \u201cJe pense qu\u2019il est<br \/>\ntrop tard pour ce genre de reconversion. Ce qui m\u2019int\u00e9resse le plus<br \/>\naujourd\u2019hui, ce sont <strong>les podcasts<\/strong>, car il y a de<br \/>\nla place pour l\u2019\u00e9change. C\u2019est souvent ce \u00e0 quoi nos invit\u00e9s<br \/>\naspirent, et moi aussi\u201d, explique Anne-Elisabeth Lemoine.<br \/>\n\u201cJ\u2019ai des tas d\u2019id\u00e9es en t\u00eate sur le sujet, mais je vais devoir<br \/>\nmettre de l\u2019ordre dans tout \u00e7a !\u201d<\/p>\n","protected":false},"excerpt":{"rendered":"EN BREF Depuis 2017, Anne-Elisabeth Lemoine anime C \u00e0 Vous sur France 5, avec une \u00e9mission \u00e9tendue \u00e0&hellip;\n","protected":false},"author":2,"featured_media":379118,"comment_status":"","ping_status":"","sticky":false,"template":"","format":"standard","meta":{"footnotes":""},"categories":[1359],"tags":[5631,548,5632,58,59,1011,27,973],"class_list":{"0":"post-379117","1":"post","2":"type-post","3":"status-publish","4":"format-standard","5":"has-post-thumbnail","7":"category-people","8":"tag-anne-elisabeth-lemoine","9":"tag-article-simple","10":"tag-c-a-vous","11":"tag-divertissement","12":"tag-entertainment","13":"tag-fr","14":"tag-france","15":"tag-people"},"share_on_mastodon":{"url":"https:\/\/pubeurope.com\/@fr\/115177453178114514","error":""},"_links":{"self":[{"href":"https:\/\/www.europesays.com\/fr\/wp-json\/wp\/v2\/posts\/379117","targetHints":{"allow":["GET"]}}],"collection":[{"href":"https:\/\/www.europesays.com\/fr\/wp-json\/wp\/v2\/posts"}],"about":[{"href":"https:\/\/www.europesays.com\/fr\/wp-json\/wp\/v2\/types\/post"}],"author":[{"embeddable":true,"href":"https:\/\/www.europesays.com\/fr\/wp-json\/wp\/v2\/users\/2"}],"replies":[{"embeddable":true,"href":"https:\/\/www.europesays.com\/fr\/wp-json\/wp\/v2\/comments?post=379117"}],"version-history":[{"count":0,"href":"https:\/\/www.europesays.com\/fr\/wp-json\/wp\/v2\/posts\/379117\/revisions"}],"wp:featuredmedia":[{"embeddable":true,"href":"https:\/\/www.europesays.com\/fr\/wp-json\/wp\/v2\/media\/379118"}],"wp:attachment":[{"href":"https:\/\/www.europesays.com\/fr\/wp-json\/wp\/v2\/media?parent=379117"}],"wp:term":[{"taxonomy":"category","embeddable":true,"href":"https:\/\/www.europesays.com\/fr\/wp-json\/wp\/v2\/categories?post=379117"},{"taxonomy":"post_tag","embeddable":true,"href":"https:\/\/www.europesays.com\/fr\/wp-json\/wp\/v2\/tags?post=379117"}],"curies":[{"name":"wp","href":"https:\/\/api.w.org\/{rel}","templated":true}]}}