{"id":379121,"date":"2025-09-10T01:42:23","date_gmt":"2025-09-10T01:42:23","guid":{"rendered":"https:\/\/www.europesays.com\/fr\/379121\/"},"modified":"2025-09-10T01:42:23","modified_gmt":"2025-09-10T01:42:23","slug":"lanimateur-narrive-pas-a-se-retenir-et-se-lache-avant-la-nomination-de-sebastien-lecornu","status":"publish","type":"post","link":"https:\/\/www.europesays.com\/fr\/379121\/","title":{"rendered":"l\u2019animateur n\u2019arrive pas \u00e0 se retenir et se l\u00e2che avant la nomination de S\u00e9bastien Lecornu"},"content":{"rendered":"<p class=\"mb-4 text-lg md:leading-8 break-words\">Dans TBT9 du 9 septembre sur W9, Cyril Hanouna n\u2019a pas <strong>m\u00e2ch\u00e9<\/strong> ses mots en politique. Alors que le ministre des Arm\u00e9es S\u00e9bastien Lecornu<strong> vient tout juste d\u2019\u00eatre nomm\u00e9 Premier ministre<\/strong>, l\u2019animateur est revenu sur l\u2019actualit\u00e9 br\u00fblante avec son ton d\u00e9cal\u00e9. Apr\u00e8s avoir <strong>remerci\u00e9<\/strong> ses t\u00e9l\u00e9spectateurs malgr\u00e9 la concurrence, il a racont\u00e9 avec son humour habituel le <strong>d\u00e9calage entre l\u2019actualit\u00e9 politique et son \u00e9mission.<\/strong><\/p>\n<p class=\"mb-4 text-lg md:leading-8 break-words\">\u2018\u2018Hier, c\u2019\u00e9tait le <strong>feu<\/strong> en France, le <strong>Premier ministre qui saute<\/strong> et tout\u2026 Et moi, j\u2019\u00e9tais en train de demander \u00e0 Laetitia Milot quel \u00e9tait <strong>son chou pr\u00e9f\u00e9r\u00e9<\/strong> !\u2019\u2019 Une mani\u00e8re d\u2019assumer le c\u00f4t\u00e9 <strong>absurde<\/strong> du programme de TBT9 qu\u2019il qualifie lui-m\u00eame de \u2018<strong>miracle<\/strong> \u2018c\u00f4t\u00e9 audiences. Mais l\u2019animateur n\u2019est pas rest\u00e9 sur le registre du <strong>divertissement<\/strong>. Profitant de l\u2019actualit\u00e9 <strong>br\u00fblante<\/strong>, il s\u2019est aventur\u00e9 sur un terrain plus sensible : la <strong>politique<\/strong>. Et c\u2019est Emmanuel Macron qui a concentr\u00e9 ses <strong>piques<\/strong>.<\/p>\n<p>\u00ab\u00a0\u00c7a fait 8 ans qu\u2019il ne bosse pas\u00a0\u00bb : Hanouna tacle le pr\u00e9sident Emmanuel Macron<\/p>\n<p class=\"mb-4 text-lg md:leading-8 break-words\">Lorsque Laurent Fontaine a \u00e9voqu\u00e9 un pr\u00e9sident qui serait \u2018\u2018<strong>dans son bureau<\/strong>\u2019\u2019, Cyril Hanouna a bondi. \u2018\u2018<a href=\"https:\/\/www.closermag.fr\/tv_tele_realite\/cyril-hanouna-derapage-dans-tbt9-lanimateur-narrive-pas-a-se-retenir-et-se-lache-sur-emmanuel-macron-3578299\" rel=\"nofollow noopener\" target=\"_blank\" data-ylk=\"slk:Lire la suite sur Closer;elm:context_link;itc:0;sec:content-canvas\" class=\"link \">Lire la suite sur Closer<\/a><\/p>\n<p class=\"mb-4 text-lg md:leading-8 break-words\"><a href=\"https:\/\/www.closermag.fr\/politique\/sebastien-lecornu-a-t-il-des-enfants-3578320\" rel=\"nofollow noopener\" target=\"_blank\" data-ylk=\"slk:S\u00e9bastien Lecornu a-t-il des enfants ?;elm:context_link;itc:0;sec:content-canvas\" class=\"link \">S\u00e9bastien Lecornu a-t-il des enfants ?<\/a><br \/><a href=\"https:\/\/www.closermag.fr\/politique\/sebastien-lecornu-le-nouveau-premier-ministre-egratigne-par-son-ami-gerald-darmanin-un-peu-bizarre-3578316\" rel=\"nofollow noopener\" target=\"_blank\" data-ylk=\"slk:S\u00e9bastien Lecornu : le nouveau Premier ministre \u00e9gratign\u00e9 par son ami G\u00e9rald Darmanin, \u201cun peu bizarre\u2026\u201d;elm:context_link;itc:0;sec:content-canvas\" class=\"link \">S\u00e9bastien Lecornu : le nouveau Premier ministre \u00e9gratign\u00e9 par son ami G\u00e9rald Darmanin, \u201cun peu bizarre\u2026\u201d<\/a><br \/><a href=\"https:\/\/www.closermag.fr\/politique\/sebastien-lecornu-le-nouveau-premier-ministre-est-il-en-couple-3578306\" rel=\"nofollow noopener\" target=\"_blank\" data-ylk=\"slk:S\u00e9bastien Lecornu : le nouveau Premier ministre est-il en couple ?;elm:context_link;itc:0;sec:content-canvas\" class=\"link \">S\u00e9bastien Lecornu : le nouveau Premier ministre est-il en couple ?<\/a><br \/><a href=\"https:\/\/www.closermag.fr\/politique\/sebastien-lecornu-a-combien-seleve-son-patrimoine-qui-comprend-notamment-deux-maisons-3576485\" rel=\"nofollow noopener\" target=\"_blank\" data-ylk=\"slk:S\u00e9bastien Lecornu : \u00e0 combien s&#039;\u00e9l\u00e8ve son patrimoine, qui comprend notamment deux maisons ?;elm:context_link;itc:0;sec:content-canvas\" class=\"link \">S\u00e9bastien Lecornu : \u00e0 combien s&rsquo;\u00e9l\u00e8ve son patrimoine, qui comprend notamment deux maisons ?<\/a><br \/><a href=\"https:\/\/www.closermag.fr\/vecu\/nouvelle-lune-du-21-septembre-ces-trois-signes-vont-accueillir-une-energie-de-transformation-profonde-3578301\" rel=\"nofollow noopener\" target=\"_blank\" data-ylk=\"slk:Nouvelle Lune du 21 septembre : ces trois signes vont accueillir une \u00e9nergie de transformation profonde;elm:context_link;itc:0;sec:content-canvas\" class=\"link \">Nouvelle Lune du 21 septembre : ces trois signes vont accueillir une \u00e9nergie de transformation profonde<\/a><\/p>\n","protected":false},"excerpt":{"rendered":"Dans TBT9 du 9 septembre sur W9, Cyril Hanouna n\u2019a pas m\u00e2ch\u00e9 ses mots en politique. Alors que&hellip;\n","protected":false},"author":2,"featured_media":379122,"comment_status":"","ping_status":"","sticky":false,"template":"","format":"standard","meta":{"footnotes":""},"categories":[1356],"tags":[1083,58,1073,59,1011,27,6035,49516,252,1364,51255],"class_list":{"0":"post-379121","1":"post","2":"type-post","3":"status-publish","4":"format-standard","5":"has-post-thumbnail","7":"category-television","8":"tag-cyril-hanouna","9":"tag-divertissement","10":"tag-emmanuel-macron","11":"tag-entertainment","12":"tag-fr","13":"tag-france","14":"tag-lanimateur","15":"tag-ministre-des-armees","16":"tag-television","17":"tag-tv","18":"tag-un-president"},"share_on_mastodon":{"url":"https:\/\/pubeurope.com\/@fr\/115177465011136863","error":""},"_links":{"self":[{"href":"https:\/\/www.europesays.com\/fr\/wp-json\/wp\/v2\/posts\/379121","targetHints":{"allow":["GET"]}}],"collection":[{"href":"https:\/\/www.europesays.com\/fr\/wp-json\/wp\/v2\/posts"}],"about":[{"href":"https:\/\/www.europesays.com\/fr\/wp-json\/wp\/v2\/types\/post"}],"author":[{"embeddable":true,"href":"https:\/\/www.europesays.com\/fr\/wp-json\/wp\/v2\/users\/2"}],"replies":[{"embeddable":true,"href":"https:\/\/www.europesays.com\/fr\/wp-json\/wp\/v2\/comments?post=379121"}],"version-history":[{"count":0,"href":"https:\/\/www.europesays.com\/fr\/wp-json\/wp\/v2\/posts\/379121\/revisions"}],"wp:featuredmedia":[{"embeddable":true,"href":"https:\/\/www.europesays.com\/fr\/wp-json\/wp\/v2\/media\/379122"}],"wp:attachment":[{"href":"https:\/\/www.europesays.com\/fr\/wp-json\/wp\/v2\/media?parent=379121"}],"wp:term":[{"taxonomy":"category","embeddable":true,"href":"https:\/\/www.europesays.com\/fr\/wp-json\/wp\/v2\/categories?post=379121"},{"taxonomy":"post_tag","embeddable":true,"href":"https:\/\/www.europesays.com\/fr\/wp-json\/wp\/v2\/tags?post=379121"}],"curies":[{"name":"wp","href":"https:\/\/api.w.org\/{rel}","templated":true}]}}