{"id":379123,"date":"2025-09-10T01:43:15","date_gmt":"2025-09-10T01:43:15","guid":{"rendered":"https:\/\/www.europesays.com\/fr\/379123\/"},"modified":"2025-09-10T01:43:15","modified_gmt":"2025-09-10T01:43:15","slug":"non-doja-cat-na-pas-vraiment-mange-de-rouge-a-levres-aux-mtv-video-music-awards","status":"publish","type":"post","link":"https:\/\/www.europesays.com\/fr\/379123\/","title":{"rendered":"Non, Doja Cat n&rsquo;a pas vraiment mang\u00e9 de rouge \u00e0 l\u00e8vres aux MTV Video Music Awards"},"content":{"rendered":"<p><strong>Doja Cat n&rsquo;a pas r\u00e9ellement croqu\u00e9 dans un rouge \u00e0 l\u00e8vres lors des MTV Video Music Awards (VMAs) 2025.<\/strong><\/p>\n<p class=\"toreadalso-fromEMP\"><strong>\u2022 \u00c0 lire aussi: <\/strong><a href=\"https:\/\/www.journaldemontreal.com\/2025\/09\/08\/lady-gaga-sabrina-carpenter-mariah-carey-hommage-a-ozzy-5-moments-forts-des-mtv-music-video-awards\" target=\"7484e8dc-4965-49fd-9865-3f742d69a47f\" rel=\"nofollow noopener\"><strong>Lady Gaga, Sabrina Carpenter, Mariah Carey, hommage \u00e0 Ozzy: 5 moments forts des MTV Video Music Awards<\/strong><\/a><\/p>\n<p class=\"toreadalso-fromEMP\"><strong>\u2022 \u00c0 lire aussi: <\/strong><a href=\"https:\/\/www.journaldemontreal.com\/2025\/09\/08\/photos-sabrina-carpenter-ariana-grande-ricky-martin-doja-cat-yungblud-les-stars-debarquent-sur-le-tapis-rouge-des-mtv-video-music-awards\" target=\"88904214-b093-4e1b-8757-975e44e22d55\" rel=\"nofollow noopener\"><strong>[PHOTOS] Sabrina Carpenter, Ariana Grande, Ricky Martin, Doja Cat, Yungblud&#8230; les stars d\u00e9barquent sur le tapis rouge des MTV Video Music Awards<\/strong><\/a><\/p>\n<p>Alors qu&rsquo;elle posait pour les photographes avant la c\u00e9r\u00e9monie dimanche soir, la vedette de \u00abKiss Me More\u00bb, de son vrai nom Amala Dlamini, a pris un moment pour appliquer une couche de rouge \u00e0 l\u00e8vres \u00e9carlate.<\/p>\n<p>Doja a ensuite stup\u00e9fi\u00e9 les spectateurs en semblant mordre dans le rouge \u00e0 l\u00e8vres et le manger.<\/p>\n<p>Cependant, le chef p\u00e2tissier Amaury Guichon a r\u00e9v\u00e9l\u00e9 sur Instagram apr\u00e8s la diffusion du spectacle qu&rsquo;il avait en r\u00e9alit\u00e9 fabriqu\u00e9 ce rouge \u00e0 l\u00e8vres en chocolat rouge et caramel.<\/p>\n<p>\u00abRendant le moment tapis rouge de @dojacat encore plus d\u00e9licieux\u00bb, a-t-il \u00e9crit en l\u00e9gende d&rsquo;une vid\u00e9o montrant la cr\u00e9ation de cette r\u00e9plique comestible d&rsquo;un tube de rouge \u00e0 l\u00e8vres MACximal Silky Matte de MAC Cosmetics, teinte Lady Danger.<\/p>\n<p>Doja a ouvert les MTV VMAs avec la premi\u00e8re performance de sa chanson \u00abJealous Type\u00bb et a ensuite remport\u00e9 le prix du Meilleur K-Pop pour la chanson \u00abBorn Again\u00bb, une collaboration avec Lisa et Raye.<\/p>\n<p>De plus, elle a annonc\u00e9 avoir \u00e9t\u00e9 choisie comme ambassadrice mondiale de la marque de cosm\u00e9tiques MAC.<\/p>\n<p>\u00abJ&rsquo;ai toujours \u00e9t\u00e9 une fille MAC, et maintenant je peux porter cet amour sur la sc\u00e8ne mondiale\u00bb, a d\u00e9clar\u00e9 la jeune femme de 29 ans dans un communiqu\u00e9.\u00a0<\/p>\n<p>\u00abLe maquillage est ma peinture, mon armure, ma fa\u00e7on de cr\u00e9er des personnages &#8211; et MAC a toujours d\u00e9fendu ce type d&rsquo;art et de libert\u00e9. Nous allons pousser les limites encore plus loin et faire voir la beaut\u00e9 sous un jour totalement nouveau.\u00bb<\/p>\n<p>Doja doit sortir son cinqui\u00e8me album studio, \u00abVie\u00bb, le 26 septembre.<\/p>\n","protected":false},"excerpt":{"rendered":"Doja Cat n&rsquo;a pas r\u00e9ellement croqu\u00e9 dans un rouge \u00e0 l\u00e8vres lors des MTV Video Music Awards (VMAs)&hellip;\n","protected":false},"author":2,"featured_media":379124,"comment_status":"","ping_status":"","sticky":false,"template":"","format":"standard","meta":{"footnotes":""},"categories":[1355],"tags":[58,59,1011,27,1361,873],"class_list":{"0":"post-379123","1":"post","2":"type-post","3":"status-publish","4":"format-standard","5":"has-post-thumbnail","7":"category-musique","8":"tag-divertissement","9":"tag-entertainment","10":"tag-fr","11":"tag-france","12":"tag-music","13":"tag-musique"},"share_on_mastodon":{"url":"https:\/\/pubeurope.com\/@fr\/115177469069455678","error":""},"_links":{"self":[{"href":"https:\/\/www.europesays.com\/fr\/wp-json\/wp\/v2\/posts\/379123","targetHints":{"allow":["GET"]}}],"collection":[{"href":"https:\/\/www.europesays.com\/fr\/wp-json\/wp\/v2\/posts"}],"about":[{"href":"https:\/\/www.europesays.com\/fr\/wp-json\/wp\/v2\/types\/post"}],"author":[{"embeddable":true,"href":"https:\/\/www.europesays.com\/fr\/wp-json\/wp\/v2\/users\/2"}],"replies":[{"embeddable":true,"href":"https:\/\/www.europesays.com\/fr\/wp-json\/wp\/v2\/comments?post=379123"}],"version-history":[{"count":0,"href":"https:\/\/www.europesays.com\/fr\/wp-json\/wp\/v2\/posts\/379123\/revisions"}],"wp:featuredmedia":[{"embeddable":true,"href":"https:\/\/www.europesays.com\/fr\/wp-json\/wp\/v2\/media\/379124"}],"wp:attachment":[{"href":"https:\/\/www.europesays.com\/fr\/wp-json\/wp\/v2\/media?parent=379123"}],"wp:term":[{"taxonomy":"category","embeddable":true,"href":"https:\/\/www.europesays.com\/fr\/wp-json\/wp\/v2\/categories?post=379123"},{"taxonomy":"post_tag","embeddable":true,"href":"https:\/\/www.europesays.com\/fr\/wp-json\/wp\/v2\/tags?post=379123"}],"curies":[{"name":"wp","href":"https:\/\/api.w.org\/{rel}","templated":true}]}}