{"id":379125,"date":"2025-09-10T01:44:16","date_gmt":"2025-09-10T01:44:16","guid":{"rendered":"https:\/\/www.europesays.com\/fr\/379125\/"},"modified":"2025-09-10T01:44:16","modified_gmt":"2025-09-10T01:44:16","slug":"choisis-5-couleurs-on-devinera-ton-avenger-prefere","status":"publish","type":"post","link":"https:\/\/www.europesays.com\/fr\/379125\/","title":{"rendered":"choisis 5 couleurs, on devinera ton Avenger pr\u00e9f\u00e9r\u00e9"},"content":{"rendered":"<p><p><a href=\"https:\/\/www.serieously.com\" rel=\"nofollow noopener\" target=\"_blank\">Accueil<\/a> &gt; <a href=\"https:\/\/www.serieously.com\/quiz\/\" rel=\"nofollow noopener\" target=\"_blank\">Quiz<\/a> &gt; Quiz Marvel : choisis 5 couleurs, on devinera ton Avenger pr\u00e9f\u00e9r\u00e9<\/p>\n<\/p>\n<p class=\"o-article__published-by o-article__bullets\">\n            Publi\u00e9 le<br \/>\n                        9 septembre 2025 \u00e0 19 h 20<\/p>\n<p>             Par<br \/>\n                <a href=\"https:\/\/www.serieously.com\/author\/drifa\/\" rel=\"nofollow noopener\" target=\"_blank\">Drifa<br \/>\n                    Maza<\/a><\/p>\n<p><strong>Serieously peut deviner ton membre des Avengers pr\u00e9f\u00e9r\u00e9 ! Choisis seulement les cinq couleurs que tu aimes le plus dans ce quiz et on te dira tout. <\/strong><\/p>\n<p class=\"o-quiz__result-title\">Captain America ! <\/p>\n<p>On devine facilement que ton Avenger pr\u00e9f\u00e9r\u00e9 est le seul et unique Captain America. Tes couleurs pr\u00e9f\u00e9r\u00e9es prouvent que tu es une personne droite dans tes bottes et que tu as un sens aigu de la justice. Tu es presque le portrait crach\u00e9 de Steve Rogers !<\/p>\n<p><a href=\"https:\/\/www.serieously.com\/films\/marvel\/\" target=\"_blank\" rel=\"noopener nofollow\" aria-label=\"\">Continue avec ces autres quiz sur Marvel !\u00a0<\/a><\/p>\n<p>\t\t\t\t\t\t\t\t\t\t<img decoding=\"async\" src=\"https:\/\/www.europesays.com\/fr\/wp-content\/uploads\/2025\/04\/captainamericacivilwarchrisevansblessure-min.jpg\" alt=\"\" width=\"400\" height=\"225\" loading=\"lazy\"\/><\/p>\n<p class=\"o-quiz__result-title\">Iron Man ! <\/p>\n<p>Au vu des couleurs que tu as choisies, on devine facilement que ton Avenger pr\u00e9f\u00e9r\u00e9 Iron Man. Tu aimes l\u2019univers Marvel gr\u00e2ce \u00e0 lui et tu trouves que Tony Stark est l\u2019un des plus importants. Malgr\u00e9 son ton parfois condescendant, tu le trouves surtout incompris et c\u2019est pour cette raison que tu l\u2019appr\u00e9cies.<\/p>\n<p><a href=\"https:\/\/www.serieously.com\/films\/marvel\/\" target=\"_blank\" rel=\"noopener nofollow\" aria-label=\"\">Continue avec ces autres quiz sur Marvel !\u00a0<\/a><\/p>\n<p>\t\t\t\t\t\t\t\t\t\t<img decoding=\"async\" src=\"https:\/\/www.europesays.com\/fr\/wp-content\/uploads\/2025\/09\/robert-downey-jr-iron-man.jpg\" alt=\"\" width=\"400\" height=\"225\" loading=\"lazy\"\/><\/p>\n<p class=\"o-quiz__result-title\">Black Widow ! <\/p>\n<p>Au vu de tes choix, on devine facilement que ton Avenger pr\u00e9f\u00e9r\u00e9 est Black Widow. Tu adores son c\u00f4t\u00e9 rebelle et tu aimes surtout comment elle tient t\u00eate \u00e0 ses ennemis et aux autres membres de son \u00e9quipe. Natasha ne recule devant aucun d\u00e9fi et ce n\u2019est pas le genre de personnalit\u00e9 \u00e0 te laisser seul.e face \u00e0 tes probl\u00e8mes !<\/p>\n<p><a href=\"https:\/\/www.serieously.com\/films\/marvel\/\" target=\"_blank\" rel=\"noopener nofollow\" aria-label=\"\">Continue avec ces autres quiz sur Marvel !\u00a0<\/a><\/p>\n<p>\t\t\t\t\t\t\t\t\t\t<img decoding=\"async\" src=\"https:\/\/www.europesays.com\/fr\/wp-content\/uploads\/2025\/09\/avengers-lere-dultron-black-widow-scarlett-johansson-2.jpg\" alt=\"\" width=\"400\" height=\"225\" loading=\"lazy\"\/><\/p>\n<p class=\"o-quiz__result-title\">Thor ! <\/p>\n<p>Ton Avenger pr\u00e9f\u00e9r\u00e9 est sans aucun doute Thor ! Tu l\u2019aimes pour son c\u00f4t\u00e9 d\u00e9sinvolte et sa relation crue avec Loki. Bien qu\u2019il cache ses \u00e9motions derri\u00e8re un masque de fer, tu sais que le fils d\u2019Odin a un coeur immense et c\u2019est pour cette raison que tu l\u2019aimes.<\/p>\n<p><a href=\"https:\/\/www.serieously.com\/films\/marvel\/\" target=\"_blank\" rel=\"noopener nofollow\" aria-label=\"\">Continue avec ces autres quiz sur Marvel !\u00a0<\/a><\/p>\n<p>\t\t\t\t\t\t\t\t\t\t<img decoding=\"async\" src=\"https:\/\/www.europesays.com\/fr\/wp-content\/uploads\/2025\/09\/thor-mcu.jpg\" alt=\"\" width=\"400\" height=\"225\" loading=\"lazy\"\/><\/p>\n<p>\t\tRecommencer le quiz<\/p>\n<p>\t\t\t<img decoding=\"async\" src=\"https:\/\/www.europesays.com\/fr\/wp-content\/uploads\/2025\/09\/1757468656_156_capture-decran-2024-07-08-a-17-20-25.png\" alt=\"Drifa Maza\" width=\"70\" height=\"70\" loading=\"lazy\"\/><\/p>\n<p class=\"m-user__name\">Drifa Maza<\/p>\n<p class=\"m-user__job\">Journaliste<\/p>\n<p class=\"m-user__description\">En plus d&rsquo;\u00eatre la fan num\u00e9ro un de La La Land et Paddington, je suis aussi une grande passionn\u00e9e de cin\u00e9ma de toutes les \u00e9poques, allant de ses d\u00e9buts \u00e0 aujourd&rsquo;hui. Mon enfance a \u00e9t\u00e9 berc\u00e9e par les Pixar et l&rsquo;\u00e8re Disney Channel. Je suis avec assiduit\u00e9 l&rsquo;actualit\u00e9 Marvel, cin\u00e9, s\u00e9ries, fran\u00e7aise comme \u00e9trang\u00e8re et je suis toujours \u00e0 la recherche d&rsquo;une nouvelle s\u00e9rie \u00e0 binger !<\/p>\n<p>\n\t\t\t\t\t\t\t\t\t\t\t\t\t\t\tContacter<br \/>\n\t\t\t\t\t\tDrifa\n\t\t\t\t\t\t\t\t\t<\/p>\n<p>Lundi&rsquo;spensable<\/p>\n<p class=\"mt-4 mb-4 text-xl text-center\">Le meilleur de <\/p>\n<p> dans ta boite mail<\/p>\n","protected":false},"excerpt":{"rendered":"Accueil &gt; Quiz &gt; Quiz Marvel : choisis 5 couleurs, on devinera ton Avenger pr\u00e9f\u00e9r\u00e9 Publi\u00e9 le 9&hellip;\n","protected":false},"author":2,"featured_media":379126,"comment_status":"","ping_status":"","sticky":false,"template":"","format":"standard","meta":{"footnotes":""},"categories":[1354],"tags":[58,59,1346,1011,27,1360],"class_list":{"0":"post-379125","1":"post","2":"type-post","3":"status-publish","4":"format-standard","5":"has-post-thumbnail","7":"category-films","8":"tag-divertissement","9":"tag-entertainment","10":"tag-films","11":"tag-fr","12":"tag-france","13":"tag-movies"},"share_on_mastodon":{"url":"https:\/\/pubeurope.com\/@fr\/115177473468337116","error":""},"_links":{"self":[{"href":"https:\/\/www.europesays.com\/fr\/wp-json\/wp\/v2\/posts\/379125","targetHints":{"allow":["GET"]}}],"collection":[{"href":"https:\/\/www.europesays.com\/fr\/wp-json\/wp\/v2\/posts"}],"about":[{"href":"https:\/\/www.europesays.com\/fr\/wp-json\/wp\/v2\/types\/post"}],"author":[{"embeddable":true,"href":"https:\/\/www.europesays.com\/fr\/wp-json\/wp\/v2\/users\/2"}],"replies":[{"embeddable":true,"href":"https:\/\/www.europesays.com\/fr\/wp-json\/wp\/v2\/comments?post=379125"}],"version-history":[{"count":0,"href":"https:\/\/www.europesays.com\/fr\/wp-json\/wp\/v2\/posts\/379125\/revisions"}],"wp:featuredmedia":[{"embeddable":true,"href":"https:\/\/www.europesays.com\/fr\/wp-json\/wp\/v2\/media\/379126"}],"wp:attachment":[{"href":"https:\/\/www.europesays.com\/fr\/wp-json\/wp\/v2\/media?parent=379125"}],"wp:term":[{"taxonomy":"category","embeddable":true,"href":"https:\/\/www.europesays.com\/fr\/wp-json\/wp\/v2\/categories?post=379125"},{"taxonomy":"post_tag","embeddable":true,"href":"https:\/\/www.europesays.com\/fr\/wp-json\/wp\/v2\/tags?post=379125"}],"curies":[{"name":"wp","href":"https:\/\/api.w.org\/{rel}","templated":true}]}}