{"id":379127,"date":"2025-09-10T01:45:11","date_gmt":"2025-09-10T01:45:11","guid":{"rendered":"https:\/\/www.europesays.com\/fr\/379127\/"},"modified":"2025-09-10T01:45:11","modified_gmt":"2025-09-10T01:45:11","slug":"nos-ancetres-auraient-tente-dhiberner-comme-les-ours-pour-survivre-a-lhiver-ca-na-pas-marche","status":"publish","type":"post","link":"https:\/\/www.europesays.com\/fr\/379127\/","title":{"rendered":"Nos anc\u00eatres\u200b\u200b auraient tent\u00e9 d&rsquo;hiberner comme les ours pour survivre \u00e0 l&rsquo;hiver&#8230; \u00e7a n&rsquo;a pas march\u00e9"},"content":{"rendered":"<p>\u200bVous \u00eates-vous d\u00e9j\u00e0 demand\u00e9 ce que \u00e7a ferait d&rsquo;hiberner? De vous gaver \u00e0 l&rsquo;arriv\u00e9e de l&rsquo;hiver pour le passer, somnolent, dans une grotte bien douillette? Apparemment, nos anc\u00eatres ont tent\u00e9 le coup et le r\u00e9sultat n&rsquo;a pas \u00e9t\u00e9 glorieux. Une nouvelle \u00e9tude r\u00e9v\u00e8le que l&rsquo;exp\u00e9rience aurait d\u00e9j\u00e0 \u00e9t\u00e9 men\u00e9e maladroitement par un petit groupe d&rsquo;hominid\u00e9s originaires du nord de l&rsquo;Espagne.<\/p>\n<p>Dans une \u00e9poque glaciaire marqu\u00e9e par des hivers rudes et une rar\u00e9faction des ressources, le groupe aurait cherch\u00e9 refuge dans des grottes profondes et sombres, esp\u00e9rant y \u00e9conomiser de l&rsquo;\u00e9nergie\u2026 Mais les choses ne sont pas pass\u00e9es comme pr\u00e9vu.<\/p>\n<p>        <img decoding=\"async\" alt=\"Abonnez-vous gratuitement \u00e0 la newsletter de Slate !\" loading=\"lazy\" class=\"ms-4 ms-md-0\" width=\"82\" height=\"82\" src=\"https:\/\/www.slate.fr\/assets\/newsletter-dd7c4ea7fb4ce45aacc56875521d4bde7ec4ba23f0a0ae088566df808b3a80c3.svg\"\/><br \/>\n        Abonnez-vous gratuitement \u00e0 la newsletter de Slate !Les articles sont s\u00e9lectionn\u00e9s pour vous, en fonction de vos centres d\u2019int\u00e9r\u00eat, tous les jours dans votre bo\u00eete mail.<\/p>\n<p><a href=\"https:\/\/www.popularmechanics.com\/science\/a65995808\/early-humans-hibernation-evidence\/\" target=\"_blank\" rel=\"nofollow noopener\">Selon un article du magazine Popular Mechanics<\/a>, des chercheurs espagnols et grecs ont analys\u00e9 des restes humains vieux de 500.000 ans retrouv\u00e9s dans la grotte de Sima de los Huesos, sur le site <a href=\"https:\/\/www.slate.fr\/story\/233095\/decouverte-archeologique-choquante-premier-massacre-prehistoire-kenya-paleolithique\" target=\"_blank\" rel=\"nofollow noopener\">pr\u00e9historique<\/a> d&rsquo;Atapuerca en Espagne. L&rsquo;\u00e9quipe, dirig\u00e9e par le pal\u00e9oanthropologue grec Antonis Bartsiokas de l&rsquo;Universit\u00e9 de Thrace-D\u00e9mocrite et Juan-Luis Arsuaga de l&rsquo;Universit\u00e9 \u200b\u200bComplutense de Madrid, a mis en lumi\u00e8re \u200b\u200bdes pathologies osseuses r\u00e9currentes associ\u00e9es \u00e0 un manque prolong\u00e9 de lumi\u00e8re et de nutriments.<\/p>\n<p>Bonne id\u00e9e, mauvaise ex\u00e9cution\u00a0<\/p>\n<p>Les squelettes montrent des signes clairs de rachitisme, de r\u00e9sorption osseuse et d&rsquo;autres pathologies en lien avec une carence en <a href=\"https:\/\/www.slate.fr\/dossier\/22347\/vitamine-d\" class=\"tag-link\" rel=\"nofollow noopener\" target=\"_blank\">vitamine D<\/a> et en calcium. Mais le plus intriguant pour les scientifiques est que ces marques apparaissent de mani\u00e8re saisonni\u00e8re, comme si nos anc\u00eatres avaient tent\u00e9 plusieurs fois de survivre \u00e0 l&rsquo;hiver en s&rsquo;isolant du monde ext\u00e9rieur, probablement dans les profondeurs de la grotte.<\/p>\n<p>Leur principale hypoth\u00e8se est que ces hominid\u00e9s auraient opt\u00e9 pour un mode de vie semi-hibernant durant les p\u00e9riodes plus froides, dans l&rsquo;espoir d&rsquo;\u00e9conomiser de l&rsquo;\u00e9nergie et de fuir aux conditions hostiles. Mais \u00e0 l&rsquo;inverse des animaux capables de v\u00e9ritables hibernations physiologiques, ces anc\u00eatres <a href=\"https:\/\/www.slate.fr\/dossier\/27259\/humains\" class=\"tag-link\" rel=\"nofollow noopener\" target=\"_blank\">humains<\/a> n&rsquo;\u00e9taient tout simplement pas biologiquement adapt\u00e9s \u00e0 un tel exploit.<\/p>\n<p>Selon les chercheurs, cette strat\u00e9gie de survie aurait entra\u00een\u00e9 de graves troubles m\u00e9taboliques, notamment une forme pr\u00e9coce de <a href=\"https:\/\/www.slate.fr\/dossier\/1691\/maladie\" class=\"tag-link\" rel=\"nofollow noopener\" target=\"_blank\">maladie<\/a> r\u00e9nale osseuse, proche de l&rsquo;ost\u00e9odystrophie. Les fouilles ont d\u00e9voil\u00e9 des traces sur les <a href=\"https:\/\/www.slate.fr\/dossier\/61\/corps\" class=\"tag-link\" rel=\"nofollow noopener\" target=\"_blank\">corps<\/a> des individus qui en portaient encore les stigmates des ann\u00e9es apr\u00e8s.<\/p>\n<p>Loin d&rsquo;\u00eatre lin\u00e9aire, l&rsquo;<a href=\"https:\/\/www.slate.fr\/dossier\/60877\/evolution-humaine\" class=\"tag-link\" rel=\"nofollow noopener\" target=\"_blank\">\u00e9volution humaine<\/a> s&rsquo;est souvent construite dans l&rsquo;erreur: ce que les chercheurs ont mis au jour ici, ce sont les touchantes et parfois d\u00e9sesp\u00e9r\u00e9es tentatives de survivre de nos anc\u00eatres face dans un environnement souvent hostile.<\/p>\n","protected":false},"excerpt":{"rendered":"\u200bVous \u00eates-vous d\u00e9j\u00e0 demand\u00e9 ce que \u00e7a ferait d&rsquo;hiberner? De vous gaver \u00e0 l&rsquo;arriv\u00e9e de l&rsquo;hiver pour le&hellip;\n","protected":false},"author":2,"featured_media":379128,"comment_status":"","ping_status":"","sticky":false,"template":"","format":"standard","meta":{"footnotes":""},"categories":[10],"tags":[1011,27,72,71],"class_list":{"0":"post-379127","1":"post","2":"type-post","3":"status-publish","4":"format-standard","5":"has-post-thumbnail","7":"category-sante","8":"tag-fr","9":"tag-france","10":"tag-health","11":"tag-sante"},"share_on_mastodon":{"url":"https:\/\/pubeurope.com\/@fr\/115177476886477663","error":""},"_links":{"self":[{"href":"https:\/\/www.europesays.com\/fr\/wp-json\/wp\/v2\/posts\/379127","targetHints":{"allow":["GET"]}}],"collection":[{"href":"https:\/\/www.europesays.com\/fr\/wp-json\/wp\/v2\/posts"}],"about":[{"href":"https:\/\/www.europesays.com\/fr\/wp-json\/wp\/v2\/types\/post"}],"author":[{"embeddable":true,"href":"https:\/\/www.europesays.com\/fr\/wp-json\/wp\/v2\/users\/2"}],"replies":[{"embeddable":true,"href":"https:\/\/www.europesays.com\/fr\/wp-json\/wp\/v2\/comments?post=379127"}],"version-history":[{"count":0,"href":"https:\/\/www.europesays.com\/fr\/wp-json\/wp\/v2\/posts\/379127\/revisions"}],"wp:featuredmedia":[{"embeddable":true,"href":"https:\/\/www.europesays.com\/fr\/wp-json\/wp\/v2\/media\/379128"}],"wp:attachment":[{"href":"https:\/\/www.europesays.com\/fr\/wp-json\/wp\/v2\/media?parent=379127"}],"wp:term":[{"taxonomy":"category","embeddable":true,"href":"https:\/\/www.europesays.com\/fr\/wp-json\/wp\/v2\/categories?post=379127"},{"taxonomy":"post_tag","embeddable":true,"href":"https:\/\/www.europesays.com\/fr\/wp-json\/wp\/v2\/tags?post=379127"}],"curies":[{"name":"wp","href":"https:\/\/api.w.org\/{rel}","templated":true}]}}