{"id":379134,"date":"2025-09-10T01:49:14","date_gmt":"2025-09-10T01:49:14","guid":{"rendered":"https:\/\/www.europesays.com\/fr\/379134\/"},"modified":"2025-09-10T01:49:14","modified_gmt":"2025-09-10T01:49:14","slug":"dette-la-france-emprunte-desormais-au-meme-taux-que-litalie-09-09-2025-a-1926","status":"publish","type":"post","link":"https:\/\/www.europesays.com\/fr\/379134\/","title":{"rendered":"Dette: la France emprunte d\u00e9sormais au m\u00eame taux que l&rsquo;Italie &#8211; 09\/09\/2025 \u00e0 19:26"},"content":{"rendered":"<p>        <img fetchpriority=\"high\" decoding=\"async\" src=\"https:\/\/www.europesays.com\/fr\/wp-content\/uploads\/2025\/09\/ffc69142202ed620be47fc066339fa4a-760x507.jpg\" alt=\"La France emprunte depuis mardi d\u00e9sormais aussi cher que l'Italie \u00e0 \u00e9ch\u00e9ance dix ans ( AFP \/ JOEL SAGET )\" loading=\"eager\" width=\"760\" height=\"507\" style=\"max-width: 100%!important; height: auto;\"\/><\/p>\n<p class=\"c-image-news__legend\">La France emprunte depuis mardi d\u00e9sormais aussi cher que l&rsquo;Italie \u00e0 \u00e9ch\u00e9ance dix ans ( AFP \/ JOEL SAGET )<\/p>\n<p>\n La France emprunte d\u00e9sormais aussi cher que l&rsquo;Italie \u00e0 \u00e9ch\u00e9ance dix ans, au lendemain de la chute du gouvernement Bayrou et \u00e0 l&rsquo;approche de la r\u00e9vision de la notation du pays vendredi par l&rsquo;agence Fitch Ratings.\n<\/p>\n<p>\n Le taux de l&#8217;emprunt fran\u00e7ais \u00e0 dix ans, la r\u00e9f\u00e9rence en terme de rendement de la dette souveraine, a termin\u00e9 mardi en hausse, \u00e0 3,47%, lorsque son \u00e9quivalent italien a fini juste au-dessus, \u00e0 3,48%.\n<\/p>\n<p>\n Durant la s\u00e9ance, le rendement italien est m\u00eame pass\u00e9 bri\u00e8vement sous son \u00e9quivalent fran\u00e7ais.\n<\/p>\n<p>\n Cette situation est in\u00e9dite depuis le lancement de l&rsquo;euro en 2002, alors que Rome a longtemps \u00e9t\u00e9 consid\u00e9r\u00e9e parmi les mauvais \u00e9l\u00e8ves en Europe en termes de ma\u00eetrise de sa dette publique.\n<\/p>\n<p>\n Mais la situation budg\u00e9taire italienne \u00ab\u00a0s&rsquo;est am\u00e9lior\u00e9e ces derni\u00e8res ann\u00e9es et le gouvernement Meloni s&rsquo;est engag\u00e9 \u00e0 ramener leur d\u00e9ficit \u00e0 2,8% d&rsquo;ici 2026\u00a0\u00bb, explique Alexandre Baradez, responsable de l&rsquo;analyse march\u00e9s chez IG France.\n<\/p>\n<p>        <img decoding=\"async\" src=\"https:\/\/www.europesays.com\/fr\/wp-content\/uploads\/2025\/09\/814d74978d94f46deac05adcc359ffa5-760x484.jpg\" alt=\"\u00c9volution du taux d'emprunt de la France \u00e0 10 ans sur les trois derni\u00e8res ann\u00e9es, compar\u00e9 \u00e0 celui de l'Italie et de l'Allemagne, d'apr\u00e8s les donn\u00e9es de Bloomberg ( AFP \/ Valentin RAKOVSKY )\" loading=\"eager\" width=\"760\" height=\"484\" style=\"max-width: 100%!important; height: auto;\"\/><\/p>\n<p class=\"c-image-news__legend\">\u00c9volution du taux d&#8217;emprunt de la France \u00e0 10 ans sur les trois derni\u00e8res ann\u00e9es, compar\u00e9 \u00e0 celui de l&rsquo;Italie et de l&rsquo;Allemagne, d&rsquo;apr\u00e8s les donn\u00e9es de Bloomberg ( AFP \/ Valentin RAKOVSKY )<\/p>\n<p>\n Au contraire, \u00ab\u00a0sur les 3 derni\u00e8res ann\u00e9es, on a un d\u00e9ficit qui a augment\u00e9 en France, \u00e0 rebours de ce qui se passe ailleurs en Europe\u00a0\u00bb, rel\u00e8ve Julien-Pierre Nouen, directeur des \u00e9tudes \u00e9conomiques chez Lazard Fr\u00e8res Gestion.\n<\/p>\n<p>\n Plus une dette publique est jug\u00e9e risqu\u00e9e par les march\u00e9s financiers, plus son taux de rendement est \u00e9lev\u00e9.\n<\/p>\n<p>\n Ce rench\u00e9rissement du co\u00fbt de la dette fran\u00e7aise fait directement suite au vote de confiance perdu lundi par Fran\u00e7ois Bayrou, qui l&rsquo;avait sollicit\u00e9 \u00e0 la suite de son annonce de plus de 40 milliards d&rsquo;euros d&rsquo;\u00e9conomies en juillet.\n<\/p>\n<p>\n L&rsquo;\u00e9cart entre le taux d&rsquo;int\u00e9r\u00eat fran\u00e7ais et son \u00e9quivalent allemand, une r\u00e9f\u00e9rence sur le march\u00e9 europ\u00e9en ne cesse \u00e9galement de se creuser. Depuis l&rsquo;annonce, le 25 ao\u00fbt, du vote de confiance par Fran\u00e7ois Bayrou, il s&rsquo;est \u00e9largi de 0,70 point de pourcentage \u00e0 0,81 point mardi en cl\u00f4ture.\n<\/p>\n<p>\n \u00ab\u00a0Il faut rappeler que l&rsquo;\u00e9cart \u00e9tait d&rsquo;environ 50 points de base\u00a0\u00bb avant la dissolution de l&rsquo;Assembl\u00e9e nationale d\u00e9clench\u00e9e par Emmanuel Macron en juin 2024, commente Paul Jackson, directeur mondial de la recherche en allocation d&rsquo;actifs chez Invesco.\n<\/p>\n<p>\n Si le pr\u00e9sident de la R\u00e9publique a affirm\u00e9 son intention de vouloir nommer un Premier ministre rapidement, la d\u00e9mission de Fran\u00e7ois Bayrou rendue effective mardi augmente l&rsquo;incertitude, ce qu&rsquo;abhorrent les investisseurs.\n<\/p>\n<p>        <img decoding=\"async\" src=\"https:\/\/www.europesays.com\/fr\/wp-content\/uploads\/2025\/09\/da608b5652ae65f6e8a264f6b298b65e-760x507.jpg\" alt=\"Le logo de l'agence de notation Fitch \u00e0 New York, le 18 mars 2025 ( AFP \/ ANGELA WEISS )\" loading=\"eager\" width=\"760\" height=\"507\" style=\"max-width: 100%!important; height: auto;\"\/><\/p>\n<p class=\"c-image-news__legend\">Le logo de l&rsquo;agence de notation Fitch \u00e0 New York, le 18 mars 2025 ( AFP \/ ANGELA WEISS )<\/p>\n<p>\n \u00ab\u00a0La France vient de basculer dans une nouvelle zone de turbulences\u00a0\u00bb, a ainsi not\u00e9 mardi John Plassard, responsable de la strat\u00e9gie d&rsquo;investissement chez Cit\u00e9 Gestion Private Bank.\n<\/p>\n<p>\n Les investisseurs ont d\u00e9sormais les yeux riv\u00e9s vers l&rsquo;agence Fitch Ratings, qui doit actualiser la note de la France vendredi. \u00ab\u00a0L&rsquo;agence a d\u00e9j\u00e0 plac\u00e9 la France sous perspective n\u00e9gative, un abaissement est d\u00e9sormais probable\u00a0\u00bb, estime John Plassard.\n<\/p>\n<p>\n Du c\u00f4t\u00e9 des actions, l&rsquo;indice vedette CAC 40 a pris 0,19%, soit 14,55 points \u00e0 7.7749 points.<\/p>\n","protected":false},"excerpt":{"rendered":"La France emprunte depuis mardi d\u00e9sormais aussi cher que l&rsquo;Italie \u00e0 \u00e9ch\u00e9ance dix ans ( AFP \/ JOEL&hellip;\n","protected":false},"author":2,"featured_media":379135,"comment_status":"","ping_status":"","sticky":false,"template":"","format":"standard","meta":{"footnotes":""},"categories":[6],"tags":[400,398,408,35,405,33,34,1011,27,403,402,399,404,401,406,407],"class_list":{"0":"post-379134","1":"post","2":"type-post","3":"status-publish","4":"format-standard","5":"has-post-thumbnail","7":"category-economie","8":"tag-action-cac-40","9":"tag-bourse-de-paris","10":"tag-boursorama","11":"tag-business","12":"tag-cotations","13":"tag-economie","14":"tag-economy","15":"tag-fr","16":"tag-france","17":"tag-indices-devises","18":"tag-investir","19":"tag-investissement","20":"tag-marche-boursier","21":"tag-sicav","22":"tag-trackers","23":"tag-warrants"},"share_on_mastodon":{"url":"https:\/\/pubeurope.com\/@fr\/115177492795698852","error":""},"_links":{"self":[{"href":"https:\/\/www.europesays.com\/fr\/wp-json\/wp\/v2\/posts\/379134","targetHints":{"allow":["GET"]}}],"collection":[{"href":"https:\/\/www.europesays.com\/fr\/wp-json\/wp\/v2\/posts"}],"about":[{"href":"https:\/\/www.europesays.com\/fr\/wp-json\/wp\/v2\/types\/post"}],"author":[{"embeddable":true,"href":"https:\/\/www.europesays.com\/fr\/wp-json\/wp\/v2\/users\/2"}],"replies":[{"embeddable":true,"href":"https:\/\/www.europesays.com\/fr\/wp-json\/wp\/v2\/comments?post=379134"}],"version-history":[{"count":0,"href":"https:\/\/www.europesays.com\/fr\/wp-json\/wp\/v2\/posts\/379134\/revisions"}],"wp:featuredmedia":[{"embeddable":true,"href":"https:\/\/www.europesays.com\/fr\/wp-json\/wp\/v2\/media\/379135"}],"wp:attachment":[{"href":"https:\/\/www.europesays.com\/fr\/wp-json\/wp\/v2\/media?parent=379134"}],"wp:term":[{"taxonomy":"category","embeddable":true,"href":"https:\/\/www.europesays.com\/fr\/wp-json\/wp\/v2\/categories?post=379134"},{"taxonomy":"post_tag","embeddable":true,"href":"https:\/\/www.europesays.com\/fr\/wp-json\/wp\/v2\/tags?post=379134"}],"curies":[{"name":"wp","href":"https:\/\/api.w.org\/{rel}","templated":true}]}}