{"id":379136,"date":"2025-09-10T01:50:12","date_gmt":"2025-09-10T01:50:12","guid":{"rendered":"https:\/\/www.europesays.com\/fr\/379136\/"},"modified":"2025-09-10T01:50:12","modified_gmt":"2025-09-10T01:50:12","slug":"console-de-jeux-ventilo-un-homme-vivait-dans-le-vide-sanitaire-de-leur-immeuble","status":"publish","type":"post","link":"https:\/\/www.europesays.com\/fr\/379136\/","title":{"rendered":"Console de jeux, ventilo\u2026 Un homme vivait dans le vide sanitaire de leur immeuble"},"content":{"rendered":"<p>L\u2019histoire, rep\u00e9r\u00e9e par <a href=\"https:\/\/www.leparisien.fr\/faits-divers\/playstation-television-electricite-un-homme-arrete-pour-setre-installe-dans-le-vide-sanitaire-dun-immeuble-quil-a-amenage-09-09-2025-XWZOUIMU4ZHDXEGWKH54NWF2TQ.php\" rel=\"nofollow noopener\" target=\"_blank\" class=\"c-link c-link--is-underlined\">Le Parisien<\/a>, a de quoi surprendre. Dans l\u2019<a href=\"https:\/\/www.20minutes.fr\/monde\/oregon\/\" class=\"c-link c-link--is-underlined\" target=\"_blank\" rel=\"noopener\">Oregon<\/a>, un homme de 40 ans a \u00e9t\u00e9 arr\u00eat\u00e9 apr\u00e8s avoir v\u00e9cu clandestinement sous un immeuble, dans le vide sanitaire, transform\u00e9 en v\u00e9ritable logement secret.<\/p>\n<p>Mercredi 3\u00a0septembre, vers 23 heures, <a href=\"https:\/\/www.clackcosheriff.us\/newsBlog\/68ba2024b2695035340a14f4\" rel=\"nofollow noopener\" target=\"_blank\" class=\"c-link c-link--is-underlined\">la police du comt\u00e9 de Clackamas<\/a> est intervenue dans une r\u00e9sidence apr\u00e8s qu\u2019un t\u00e9moin a signal\u00e9 un comportement suspect. L\u2019homme avait \u00e9t\u00e9 vu entrant discr\u00e8tement par une porte donnant acc\u00e8s au sous-sol, d\u2019o\u00f9 \u00e9manait une lumi\u00e8re inhabituelle.<\/p>\n<p><a href=\"https:\/\/www.20minutes.fr\/insolite\/\" class=\"c-link c-btn c-btn--primary\" target=\"_blank\" rel=\"noopener\">Notre dossier insolite<\/a>Lit, lumi\u00e8re, ventilateur, console, t\u00e9l\u00e9\u2026<\/p>\n<p>\u00c0 leur arriv\u00e9e, les policiers ont d\u00e9couvert que la porte du vide sanitaire \u00e9tait endommag\u00e9e et verrouill\u00e9e. Une rallonge \u00e9lectrique passait par une grille d\u2019a\u00e9ration, reliant l\u2019endroit au r\u00e9seau \u00e9lectrique de l\u2019immeuble. Apr\u00e8s avoir forc\u00e9 l\u2019entr\u00e9e, ils ont trouv\u00e9 Beniamin Bucur, install\u00e9 avec (presque) tout le confort n\u00e9cessaire\u00a0: lit, \u00e9clairage, ventilateur, console de jeu, t\u00e9l\u00e9viseurs et chargeurs. Selon les enqu\u00eateurs, il y vivait depuis au moins plusieurs semaines, voire plusieurs mois.<\/p>\n<p>Un tuyau contenant des r\u00e9sidus de m\u00e9thamph\u00e9tamine a \u00e9galement \u00e9t\u00e9 retrouv\u00e9 sur place. L\u2019homme a \u00e9t\u00e9 arr\u00eat\u00e9 et inculp\u00e9 pour cambriolage au premier degr\u00e9 et possession ill\u00e9gale de <a href=\"https:\/\/www.20minutes.fr\/dossier\/detention_de_stupefiants\" class=\"c-link c-link--is-underlined\" target=\"_blank\" rel=\"noopener\">stup\u00e9fiants<\/a>. Pr\u00e9sent\u00e9 \u00e0 un juge d\u00e8s le lendemain, il a vu sa caution fix\u00e9e \u00e0 75.000 dollars. Une enqu\u00eate est en cours pour d\u00e9terminer comment l\u2019homme avait r\u00e9ussi \u00e0 s\u2019installer et \u00e0 rester aussi longtemps \u00e0 l\u2019insu des r\u00e9sidents et du propri\u00e9taire.<\/p>\n","protected":false},"excerpt":{"rendered":"L\u2019histoire, rep\u00e9r\u00e9e par Le Parisien, a de quoi surprendre. Dans l\u2019Oregon, un homme de 40 ans a \u00e9t\u00e9&hellip;\n","protected":false},"author":2,"featured_media":379137,"comment_status":"","ping_status":"","sticky":false,"template":"","format":"standard","meta":{"footnotes":""},"categories":[5],"tags":[47,11,73,1011,27,1757,14,1908,74,12,5221,896,28],"class_list":{"0":"post-379136","1":"post","2":"type-post","3":"status-publish","4":"format-standard","5":"has-post-thumbnail","7":"category-international","8":"tag-actualite","9":"tag-actualites","10":"tag-etats-unis","11":"tag-fr","12":"tag-france","13":"tag-insolite","14":"tag-international","15":"tag-logement","16":"tag-monde","17":"tag-news","18":"tag-squat","19":"tag-tas-vu","20":"tag-world"},"share_on_mastodon":{"url":"https:\/\/pubeurope.com\/@fr\/115177496409121620","error":""},"_links":{"self":[{"href":"https:\/\/www.europesays.com\/fr\/wp-json\/wp\/v2\/posts\/379136","targetHints":{"allow":["GET"]}}],"collection":[{"href":"https:\/\/www.europesays.com\/fr\/wp-json\/wp\/v2\/posts"}],"about":[{"href":"https:\/\/www.europesays.com\/fr\/wp-json\/wp\/v2\/types\/post"}],"author":[{"embeddable":true,"href":"https:\/\/www.europesays.com\/fr\/wp-json\/wp\/v2\/users\/2"}],"replies":[{"embeddable":true,"href":"https:\/\/www.europesays.com\/fr\/wp-json\/wp\/v2\/comments?post=379136"}],"version-history":[{"count":0,"href":"https:\/\/www.europesays.com\/fr\/wp-json\/wp\/v2\/posts\/379136\/revisions"}],"wp:featuredmedia":[{"embeddable":true,"href":"https:\/\/www.europesays.com\/fr\/wp-json\/wp\/v2\/media\/379137"}],"wp:attachment":[{"href":"https:\/\/www.europesays.com\/fr\/wp-json\/wp\/v2\/media?parent=379136"}],"wp:term":[{"taxonomy":"category","embeddable":true,"href":"https:\/\/www.europesays.com\/fr\/wp-json\/wp\/v2\/categories?post=379136"},{"taxonomy":"post_tag","embeddable":true,"href":"https:\/\/www.europesays.com\/fr\/wp-json\/wp\/v2\/tags?post=379136"}],"curies":[{"name":"wp","href":"https:\/\/api.w.org\/{rel}","templated":true}]}}