{"id":379138,"date":"2025-09-10T01:52:17","date_gmt":"2025-09-10T01:52:17","guid":{"rendered":"https:\/\/www.europesays.com\/fr\/379138\/"},"modified":"2025-09-10T01:52:17","modified_gmt":"2025-09-10T01:52:17","slug":"routes-bloquees-trains-supprimes-une-journee-noire-redoutee-dans-les-transports","status":"publish","type":"post","link":"https:\/\/www.europesays.com\/fr\/379138\/","title":{"rendered":"routes bloqu\u00e9es, trains supprim\u00e9s&#8230; une journ\u00e9e noire redout\u00e9e dans les transports"},"content":{"rendered":"<p>            Par<br \/>\n        <strong><br \/>\n            <a href=\"https:\/\/actu.fr\/auteur\/sophie-pams\" title=\"Consulter tous les articles de Sophie Pams\" target=\"_blank\" rel=\"noopener\">Sophie Pams<\/a><br \/>\n        <\/strong><\/p>\n<p>        Publi\u00e9 le<\/p>\n<p>            9 sept. 2025 \u00e0 17h05        <\/p>\n<p>La pression monte depuis la mi-juillet, et \u00e0 la veille du jour J, les annonces fleurissent aux quatre coins de la France. La mobilisation du 10 septembre 2025,<a href=\"https:\/\/actu.fr\/politique\/la-france-bloquee-le-10-septembre-cinq-questions-pour-tout-comprendre-a-cet-appel-massif-a-faire-greve_63061304.html\" target=\"_blank\" rel=\"noopener\"> partie du mouvement \u00ab\u00a0bloquons tout\u00a0\u00bb sur les r\u00e9seaux sociaux<\/a>, s\u2019annonce d\u2019ampleur.\u00a0<\/p>\n<p class=\" wall-content\">Avec les <a href=\"https:\/\/actu.fr\/societe\/gros-blocages-ou-effets-d-annonce-a-quoi-faut-il-vraiment-s-attendre-le-10-septembre_63117418.html\" target=\"_blank\" rel=\"noopener\">manifestations, gr\u00e8ves et actions coups-de-poing annonc\u00e9es<\/a>, les <strong>transports devraient \u00eatre fortement perturb\u00e9s<\/strong>. Blocages de ronds-points et p\u00e9riph\u00e9riques, op\u00e9rations escargots, transports en commun r\u00e9duits, suppression de trains et d\u2019avions\u2026 Actu.fr fait le point sur ce qui est \u00e0 pr\u00e9voir.\u00a0<\/p>\n<p>Pagaille sur les routes<\/p>\n<p class=\" wall-content\">Action privil\u00e9gi\u00e9e des Gilets jaunes en 2018, le <strong>blocage de ronds-points<\/strong>, notamment aux entr\u00e9es de ville, est annonc\u00e9 dans plusieurs communes. C\u2019est notamment le cas \u00e0 <a href=\"https:\/\/actu.fr\/bretagne\/lorient_56121\/bloquons-tout-quel-est-le-programme-des-manifestants-a-lorient_63134107.html\" target=\"_blank\" rel=\"noopener\">Lorient (Morbihan)<\/a>, \u00e0 <a href=\"https:\/\/actu.fr\/bourgogne-franche-comte\/dijon_21231\/dijon-greve-du-10-septembre-voici-les-ronds-points-cibles-par-les-blocages_63133122.html\" target=\"_blank\" rel=\"noopener\">Dijon (C\u00f4te-d\u2019Or)<\/a>, \u00e0 <a href=\"https:\/\/actu.fr\/occitanie\/toulouse_31555\/bloquons-tout-a-toulouse-voici-le-programme-des-manifestations-annoncees-pour-le-10-septembre_63131209.html\" target=\"_blank\" rel=\"noopener\">Toulouse (Haute-Garonne)<\/a> ou encore \u00e0<a href=\"https:\/\/actu.fr\/bretagne\/quimper_29232\/bloquons-tout-le-10-septembre-greves-barrage-filtrant-sur-des-ronds-points-a-quimper_63133795.html\" target=\"_blank\" rel=\"noopener\"> Quimper (Finist\u00e8re)<\/a>.\u00a0\u00c0 Flixecourt, dans la Somme, des Gilets jaunes ont indiqu\u00e9 <a href=\"https:\/\/actu.fr\/hauts-de-france\/flixecourt_80318\/bloquons-tout-des-gilets-jaunes-de-retour-sur-le-rond-point-de-la16-a-flixecourt-mercredi-10_63128305.html\" target=\"_blank\" rel=\"noopener\">s\u2019installer sur un rond-point embl\u00e9matique de leur mobilisation<\/a> en 2018, sans pour autant le bloquer.\u00a0<\/p>\n<p class=\" wall-content\">Dans les grandes villes, les <strong>p\u00e9riph\u00e9riques seront vis\u00e9s<\/strong>, comme \u00e0 Nantes (Loire-Atlantique) o\u00f9 <a href=\"https:\/\/actu.fr\/pays-de-la-loire\/nantes_44109\/peripherique-pont-de-chevire-transports-le-point-sur-les-blocages-du-10-septembre-a-nantes_63114282.html\" target=\"_blank\" rel=\"noopener\">trois points de blocages strat\u00e9giques<\/a> ont \u00e9t\u00e9 d\u00e9finis. Idem \u00e0 <a href=\"https:\/\/actu.fr\/ile-de-france\/paris_75056\/rassemblement-devant-l-elysee-operations-coup-de-poing-ce-qui-est-prevu-pour-le-10-septembre-a-paris_63133063.html\" target=\"_blank\" rel=\"noopener\">Paris<\/a>, mais aussi \u00e0 <a href=\"https:\/\/actu.fr\/bretagne\/rennes_35238\/mobilisation-du-10-septembre-a-rennes-ecoles-transports-commerces-quelles-perturbations-ce-mercredi_63132346.html\" target=\"_blank\" rel=\"noopener\">Rennes (Ille-et-Vilaine)<\/a> et \u00e0 Lyon (Rh\u00f4ne), o\u00f9 de <a href=\"https:\/\/actu.fr\/auvergne-rhone-alpes\/lyon_69123\/bloquons-tout-a-lyon-voici-les-points-de-blocages-prevus-le-10-septembre_63133805.html\" target=\"_blank\" rel=\"noopener\">nombreux lieux de blocage sont pr\u00e9vus<\/a>, sur le p\u00e9riph\u00e9rique, ainsi qu\u2019au niveau des p\u00e9ages.\u00a0<\/p>\n<p class=\" wall-content\">En Ille-et-Vilaine, une <strong>op\u00e9ration escargot<\/strong> est pr\u00e9vue entre Dinan et Saint-Malo, <a href=\"https:\/\/actu.fr\/bretagne\/saint-malo_35288\/bloquons-tout-voici-ce-qui-a-ete-decide-a-saint-malo-pour-le-mercredi-10-septembre_63133139.html\" target=\"_blank\" rel=\"noopener\">relate Le Pays Malouin<\/a>, ainsi que dans les Pyr\u00e9n\u00e9es-Orientales, o\u00f9 un <a href=\"https:\/\/actu.fr\/occitanie\/perpignan_66136\/bloquons-tout-le-10-septembre-les-perturbations-annoncees-a-perpignan-et-sur-l-autoroute-a9_63133252.html\" target=\"_blank\" rel=\"noopener\">grand rassemblement devant le magasin Gran Jonquera<\/a>, juste apr\u00e8s la fronti\u00e8re espagnole, d\u00e8s 7 h 30, sera suivi par une op\u00e9ration escargot et un <strong>blocage au niveau de la barri\u00e8re de p\u00e9age<\/strong> du Boulou, sur l\u2019autoroute A9.<\/p>\n<p class=\" wall-content\">\u00c0 noter qu\u2019\u00e0 Clermont-Ferrand (Puy-de-D\u00f4me), les participants \u00e0 la mobilisation du 10 septembre pr\u00e9voient <a href=\"https:\/\/actu.fr\/auvergne-rhone-alpes\/clermont-ferrand_63113\/bloquons-tout-le-10-septembre-le-programme-des-manifestations-a-clermont-et-dans-le-puy-de-dome_63134214.html\" target=\"_blank\" rel=\"noopener\">l\u2019installation d\u2019une zone d\u2019occupation temporaire (ZOT)<\/a>, suivie d\u2019une <strong>v\u00e9lorution<\/strong>, dont l\u2019objectif est de \u00ab\u2009bloquer les automobilistes\u2009\u00bb.<\/p>\n<p>    <img   decoding=\"async\" loading=\"lazy\" src=\"https:\/\/www.europesays.com\/fr\/wp-content\/uploads\/2025\/09\/blocage-lyon-periph-960x640.jpeg\" alt=\"Les policiers tentent d'intervenir pour r\u00e9tablir la circulation \u00e0 Perrache.\" width=\"960\" height=\"640\"\/><br \/>\n    Plusieurs blocages de p\u00e9riph\u00e9riques routiers sont annonc\u00e9s le 10 septembre 2025, comme ici \u00e0 Lyon. (\u00a9Archives Th\u00e9o Zuili \/ Actu Lyon)<\/p>\n<p>Votre r\u00e9gion, votre actu !<\/p>\n<p>Recevez chaque jour les infos qui comptent pour vous.<\/p>\n<p>\t<a href=\"https:\/\/actu.fr\/newsletter\" class=\"ac-btn ac-btn--corner ac-btn--medium ac-btn--blue800\" target=\"_blank\" rel=\"noopener\">S&rsquo;incrire<\/a><br \/>\nGr\u00e8ves dans les transports en commun<\/p>\n<p class=\" wall-content\">Ceux qui souhaitent se tourner vers les transports en commun pour \u00e9viter d\u2019\u00e9ventuels blocages devraient rencontrer quelques difficult\u00e9s dans plusieurs communes.\u00a0\u00c0 <strong>Nantes<\/strong> (Loire-Atlantique), le trafic des <strong>lignes de bus et tramway sera modifi\u00e9<\/strong>\u00a0en temps r\u00e9el, <a href=\"https:\/\/actu.fr\/pays-de-la-loire\/nantes_44109\/blocages-du-10-septembre-a-nantes-les-trams-et-les-bus-circuleront-ils_63131765.html\" target=\"_blank\" rel=\"noopener\">en fonction des manifestations et des conditions de circulation<\/a>.<\/p>\n<p class=\" wall-content\">\u00c0 <strong>Rennes<\/strong> (Ille-et-Vilaine), un <a href=\"https:\/\/actu.fr\/bretagne\/rennes_35238\/bloquons-tout-greves-manif-rennes-doit-elle-se-preparer-a-une-grosse-mobilisation-le-10-septembre_63084054.html\" target=\"_blank\" rel=\"noopener\">pr\u00e9avis de gr\u00e8ve a \u00e9t\u00e9 d\u00e9pos\u00e9 par les syndicats de Keolis Rennes<\/a>, exploitant du r\u00e9seau de transports en commun Star. La CGT, syndicat majoritaire, indique \u00e0 actu Rennes que<strong> 115 conducteurs se sont d\u00e9clar\u00e9s gr\u00e9vistes<\/strong>, soit 28\u2009% du personnel de conduite.<\/p>\n<p class=\" wall-content\">\u00ab Nous ne sommes pas en mesure de garantir la circulation de nos lignes (m\u00e9tro, tram, bus, T\u00e9l\u00e9o) tout au long de la journ\u00e9e \u00bb, <a href=\"https:\/\/actu.fr\/occitanie\/toulouse_31555\/bloquons-tout-a-toulouse-bus-metros-trains-ecoles-voici-les-perturbations-a-prevoir_63133690.html\" target=\"_blank\" rel=\"noopener\">indique de son c\u00f4t\u00e9 le r\u00e9seau de transports en commun Tiss\u00e9o<\/a>, \u00e0 actu Toulouse.<\/p>\n<p class=\" wall-content\">\u00c0 <strong>Paris<\/strong>, seul le <a href=\"https:\/\/actu.fr\/ile-de-france\/paris_75056\/ratp-10-septembre-le-detail-des-perturbations-dans-les-metros-rer-et-bus-a-paris-et-en-ile-de-france_63131781.html\" target=\"_blank\" rel=\"noopener\">RER B devrait \u00eatre perturb\u00e9<\/a> par la mobilisation du 10 septembre, tandis qu\u2019\u00e0 <strong>Marseille<\/strong>, les <strong>voyageurs en bus<\/strong> devront se passer d\u2019environ 20 % des trajets normalement programm\u00e9s.\u00a0<\/p>\n<p class=\" wall-content\">Certaines lignes scolaires seront par ailleurs perturb\u00e9es, notamment \u00e0 <a href=\"https:\/\/actu.fr\/societe\/blocage-du-10-septembre-parcours-transport-les-perturbations-a-prevoir-pendant-cette-journee-a-orleans_63130025.html\" target=\"_blank\" rel=\"noopener\">Orl\u00e9ans (Loiret<\/a>), ainsi que dans la r\u00e9gion Hauts-de-France, <a href=\"https:\/\/actu.fr\/societe\/bloquons-tout-le-10-septembre-a-abbeville-une-reunion-avant-des-actions_63133279.html\" target=\"_blank\" rel=\"noopener\">selon Le Journal d\u2019Abbeville<\/a>.<\/p>\n<p>Des trains supprim\u00e9s<\/p>\n<p class=\" wall-content\">Les trains \u00e0 grande vitesse TGV Inoui, Ouigo et internationaux \u00ab\u2009circuleront normalement\u2009\u00bb ce mercredi 10 septembre, a pr\u00e9cis\u00e9 la SNCF, mais des <a href=\"https:\/\/www.sncf-connect.com\/trafficInfo\" target=\"_blank\" rel=\"noopener\">perturbations sont \u00e0 pr\u00e9voir concernant la circulation des TER<\/a>\u00a0sur l\u2019ensemble du territoire.<\/p>\n<p class=\" wall-content\">Dans les Hauts-de-France, le mouvement social national interprofessionnel \u00ab <a href=\"https:\/\/actu.fr\/societe\/bloquons-tout-le-10-septembre-ces-bus-ne-circuleront-pas-dans-l-oise-le-point-sur-les-perturbations_63133615.html\" target=\"_blank\" rel=\"noopener\">perturbera fortement le trafic sur le territoire Hauts-de-France<\/a> \u00bb, relatent actu Oise\u00a0et <a href=\"https:\/\/actu.fr\/societe\/bloquons-tout-a-quoi-faut-il-sattendre-dans-le-pas-de-calais-mercredi-10-septembre_63134951.html\" target=\"_blank\" rel=\"noopener\">actu Pas-de-Calais<\/a>. Seul <strong>un TER sur quatre<\/strong> devrait circuler.<\/p>\n<p class=\" wall-content\">Selon actu Marseille, la SNCF confirme que \u00ab\u2009la <a href=\"https:\/\/actu.fr\/provence-alpes-cote-d-azur\/marseille_13055\/bloquons-tout-le-10-septembre-rtm-sncf-quel-impact-sur-les-transports-a-marseille_63132116.html\" target=\"_blank\" rel=\"noopener\">circulation des trains sera perturb\u00e9e sur la r\u00e9gion Sud<\/a>\u2009\u00bb mais ne pr\u00e9cise pour l\u2019instant pas l\u2019ampleur des r\u00e9percussions sur le trafic. Des perturbations sont \u00e9galement \u00e0 pr\u00e9voir sur<strong> certains Intercit\u00e9s<\/strong>, notamment la ligne Bordeaux \u2013 Marseille et les trains de nuit. Une information confirm\u00e9e par <a href=\"https:\/\/actu.fr\/nouvelle-aquitaine\/agen_47001\/greve-du-10-septembre-la-sncf-annonce-une-perturbation-des-trains-partout-en-nouvelle-aquitaine_63133245.html\" target=\"_blank\" rel=\"noopener\">actu Nouvelle-Aquitaine<\/a>.\u00a0<\/p>\n<p class=\" wall-content\"><strong>Plus d\u2019un train sur deux va par ailleurs \u00eatre supprim\u00e9<\/strong> ce mercredi sur toutes les lignes Nomad en <strong>Normandie<\/strong>.\u00a0En gare de Caen, les perturbations seront \u00ab\u2009importantes\u2009\u00bb sur les lignes Caen-Tours et Caen-Rennes.\u00a0La SNCF recommande aux voyageurs de reporter leurs trajets, <a href=\"https:\/\/actu.fr\/normandie\/caen_14118\/blocages-du-10-septembre-voici-les-points-chauds-et-perturbations-annonces-a-caen-ce-mercredi_63136073.html\" target=\"_blank\" rel=\"noopener\">indique Libert\u00e9 Caen<\/a>.<\/p>\n<p>Le trafic a\u00e9rien en partie perturb\u00e9<\/p>\n<p class=\" wall-content\">Enfin, la Direction g\u00e9n\u00e9rale de l\u2019aviation civile (DGAC) annonce un <strong>trafic a\u00e9rien perturb\u00e9 au d\u00e9part et \u00e0 l\u2019arriv\u00e9e de plusieurs a\u00e9roports du sud-est<\/strong> ce mercredi 10 septembre. Des retards et annulations sont \u00e0 pr\u00e9voir depuis Marseille-Provence, Nice, Bastia, Ajaccio, Figaro et Calvi.<\/p>\n<p class=\" wall-content\">\n<p class=\" wall-content\">\u00ab\u00a0La DGAC a demand\u00e9 aux compagnies de<strong> r\u00e9duire leur programme de vols entre 18 heures et minuit de 50 %<\/strong> sur les a\u00e9roports de Nice, Bastia, Ajaccio, Figari, Calvi\u00a0\u00bb, <a href=\"https:\/\/actu.fr\/provence-alpes-cote-d-azur\/nice_06088\/10-septembre-a-nice-le-trafic-des-avions-lourdement-impacte-a-l-aeroport-de-nice_63133077.html\" target=\"_blank\" rel=\"noopener\">relate actu Nice<\/a>.<\/p>\n<p class=\" wall-content\">L\u2019a\u00e9roport Tarbes Lourdes Pyr\u00e9n\u00e9es annonce par ailleurs<a href=\"https:\/\/actu.fr\/occitanie\/juillan_65235\/bloquons-tout-le-10-septembre-cet-aeroport-subit-une-avalanche-d-annulations_63135321.html\" target=\"_blank\" rel=\"noopener\"> l\u2019annulation de plusieurs vols<\/a> selon actu Occitanie, tandis que la direction g\u00e9n\u00e9rale de l\u2019Aviation civile (DGAC) <a href=\"https:\/\/actu.fr\/auvergne-rhone-alpes\/colombier-saugnieu_69299\/bloquons-tout-le-10-septembre-l-aeroport-de-lyon-met-en-garde-les-passagers_63135629.html\" target=\"_blank\" rel=\"noopener\">pr\u00e9voit des perturbations et des retards<\/a> \u00ab\u00a0sur l\u2019ensemble des a\u00e9roports fran\u00e7ais\u00a0\u00bb ce mercredi.<\/p>\n<p class=\" wall-content\">Personnalisez votre actualit\u00e9 en ajoutant vos villes et m\u00e9dias en favori avec <a href=\"https:\/\/moncompte.actu.fr\" title=\"D\u00e9couvez Mon Actu\" rel=\"nofollow noopener\" data-trk=\"{&quot;cta&quot;:{&quot;action&quot;:&quot;https:\\\/\\\/moncompte.actu.fr&quot;,&quot;category&quot;:&quot;mon compte&quot;,&quot;from&quot;:&quot;article footer&quot;,&quot;name&quot;:&quot;Mon actu&quot;,&quot;type&quot;:&quot;cta&quot;}}\" target=\"_blank\">Mon Actu<\/a>.<\/p>\n","protected":false},"excerpt":{"rendered":"Par Sophie Pams Publi\u00e9 le 9 sept. 2025 \u00e0 17h05 La pression monte depuis la mi-juillet, et \u00e0&hellip;\n","protected":false},"author":2,"featured_media":378308,"comment_status":"","ping_status":"","sticky":false,"template":"","format":"standard","meta":{"footnotes":""},"categories":[2],"tags":[11,47212,1011,27,50957,12,104,2803],"class_list":{"0":"post-379138","1":"post","2":"type-post","3":"status-publish","4":"format-standard","5":"has-post-thumbnail","7":"category-actualites","8":"tag-actualites","9":"tag-bloquons-tout","10":"tag-fr","11":"tag-france","12":"tag-mouvement-du-10-septembre","13":"tag-news","14":"tag-societe","15":"tag-transport"},"share_on_mastodon":{"url":"https:\/\/pubeurope.com\/@fr\/115177504417100336","error":""},"_links":{"self":[{"href":"https:\/\/www.europesays.com\/fr\/wp-json\/wp\/v2\/posts\/379138","targetHints":{"allow":["GET"]}}],"collection":[{"href":"https:\/\/www.europesays.com\/fr\/wp-json\/wp\/v2\/posts"}],"about":[{"href":"https:\/\/www.europesays.com\/fr\/wp-json\/wp\/v2\/types\/post"}],"author":[{"embeddable":true,"href":"https:\/\/www.europesays.com\/fr\/wp-json\/wp\/v2\/users\/2"}],"replies":[{"embeddable":true,"href":"https:\/\/www.europesays.com\/fr\/wp-json\/wp\/v2\/comments?post=379138"}],"version-history":[{"count":0,"href":"https:\/\/www.europesays.com\/fr\/wp-json\/wp\/v2\/posts\/379138\/revisions"}],"wp:featuredmedia":[{"embeddable":true,"href":"https:\/\/www.europesays.com\/fr\/wp-json\/wp\/v2\/media\/378308"}],"wp:attachment":[{"href":"https:\/\/www.europesays.com\/fr\/wp-json\/wp\/v2\/media?parent=379138"}],"wp:term":[{"taxonomy":"category","embeddable":true,"href":"https:\/\/www.europesays.com\/fr\/wp-json\/wp\/v2\/categories?post=379138"},{"taxonomy":"post_tag","embeddable":true,"href":"https:\/\/www.europesays.com\/fr\/wp-json\/wp\/v2\/tags?post=379138"}],"curies":[{"name":"wp","href":"https:\/\/api.w.org\/{rel}","templated":true}]}}