{"id":379139,"date":"2025-09-10T01:53:17","date_gmt":"2025-09-10T01:53:17","guid":{"rendered":"https:\/\/www.europesays.com\/fr\/379139\/"},"modified":"2025-09-10T01:53:17","modified_gmt":"2025-09-10T01:53:17","slug":"tout-ce-quelle-fera-sera-un-cadeau","status":"publish","type":"post","link":"https:\/\/www.europesays.com\/fr\/379139\/","title":{"rendered":"\u00ab\u00a0Tout ce qu\u2019elle fera sera un cadeau\u00a0\u00bb"},"content":{"rendered":"<p class=\"insetTitle\">Les autres manifestations dans le cadre du mois des cancers du sang<\/p>\n<p>Le vendredi 12 septembre, \u00e0 18\u00a0h\u00a030, une rencontre sera propos\u00e9e aux malades et \u00e0 leurs proches avec les soignants d\u2019h\u00e9matologie du CHU de Saint-Etienne (J\u00e9r\u00f4me Cornillon, Ludovic Fouillet, Anne-C\u00e9cile Grenouiller) \u00e0 la salle Coudurier au centre Hyg\u00e9e, \u00e0 Saint-Etienne.<\/p>\n<p>Le dimanche 14 septembre apr\u00e8s-midi, la Patrouille de France invite, dans le cadre de son parrainage d\u2019ELLyE 15 personnes (de Saint-Etienne, Lyon et Roanne) au meeting a\u00e9rien de Roanne avec \u00e9change avec les pilotes. Le recensement des AJA (adolescents et jeunes adultes) int\u00e9ress\u00e9s est en cours avec le CHU.<\/p>\n<p>Le samedi 27 septembre, de 14 heures \u00e0 18 heures, une marche ludique et informative, gratuite, sera organis\u00e9e. Elle prendra la forme d\u2019un jeu de piste conduisant les participants de stand en stand des partenaires de cette action (Ville de Saint-Etienne, Ligue contre le cancer, \u00c9toile de Montaud, le CRCDC Aura, Danaecare et le CHU\/DISSPO). D\u00e9part tout au long de l\u2019apr\u00e8s-midi sur le parvis de la place d\u2019armes (arr\u00eat tram Cit\u00e9 du Design). \u00c0 la fin du parcours, les participants pourront d\u00e9couvrir l\u2019exposition d\u00e9di\u00e9e \u00e0 l\u2019atelier \u00ab\u00a0Design-moi mon parcours de chimioth\u00e9rapie\u00a0\u00bb r\u00e9alis\u00e9e par Agathe et Revaillot et Astrid Bailo qui seront pr\u00e9sentes sur place.<\/p>\n","protected":false},"excerpt":{"rendered":"Les autres manifestations dans le cadre du mois des cancers du sang Le vendredi 12 septembre, \u00e0 18\u00a0h\u00a030,&hellip;\n","protected":false},"author":2,"featured_media":379140,"comment_status":"","ping_status":"","sticky":false,"template":"","format":"standard","meta":{"footnotes":""},"categories":[9653],"tags":[1111,11,2430,7539,1777,674,107,1011,27,3367,12,25,4001,7538,71],"class_list":{"0":"post-379139","1":"post","2":"type-post","3":"status-publish","4":"format-standard","5":"has-post-thumbnail","7":"category-saint-etienne","8":"tag-actu","9":"tag-actualites","10":"tag-auvergne-rhone-alpes","11":"tag-edition-loire-sud","12":"tag-eu","13":"tag-europe","14":"tag-fil-info","15":"tag-fr","16":"tag-france","17":"tag-loire","18":"tag-news","19":"tag-republique-francaise","20":"tag-saint-etienne","21":"tag-saint-etienne-ville","22":"tag-sante"},"share_on_mastodon":{"url":"https:\/\/pubeurope.com\/@fr\/115177508245717696","error":""},"_links":{"self":[{"href":"https:\/\/www.europesays.com\/fr\/wp-json\/wp\/v2\/posts\/379139","targetHints":{"allow":["GET"]}}],"collection":[{"href":"https:\/\/www.europesays.com\/fr\/wp-json\/wp\/v2\/posts"}],"about":[{"href":"https:\/\/www.europesays.com\/fr\/wp-json\/wp\/v2\/types\/post"}],"author":[{"embeddable":true,"href":"https:\/\/www.europesays.com\/fr\/wp-json\/wp\/v2\/users\/2"}],"replies":[{"embeddable":true,"href":"https:\/\/www.europesays.com\/fr\/wp-json\/wp\/v2\/comments?post=379139"}],"version-history":[{"count":0,"href":"https:\/\/www.europesays.com\/fr\/wp-json\/wp\/v2\/posts\/379139\/revisions"}],"wp:featuredmedia":[{"embeddable":true,"href":"https:\/\/www.europesays.com\/fr\/wp-json\/wp\/v2\/media\/379140"}],"wp:attachment":[{"href":"https:\/\/www.europesays.com\/fr\/wp-json\/wp\/v2\/media?parent=379139"}],"wp:term":[{"taxonomy":"category","embeddable":true,"href":"https:\/\/www.europesays.com\/fr\/wp-json\/wp\/v2\/categories?post=379139"},{"taxonomy":"post_tag","embeddable":true,"href":"https:\/\/www.europesays.com\/fr\/wp-json\/wp\/v2\/tags?post=379139"}],"curies":[{"name":"wp","href":"https:\/\/api.w.org\/{rel}","templated":true}]}}