{"id":379141,"date":"2025-09-10T01:54:20","date_gmt":"2025-09-10T01:54:20","guid":{"rendered":"https:\/\/www.europesays.com\/fr\/379141\/"},"modified":"2025-09-10T01:54:20","modified_gmt":"2025-09-10T01:54:20","slug":"manifestations-du-10-septembre-a-quoi-sattendre-dans-la-loire","status":"publish","type":"post","link":"https:\/\/www.europesays.com\/fr\/379141\/","title":{"rendered":"Manifestations du 10 septembre : \u00e0 quoi s&rsquo;attendre dans la Loire ?"},"content":{"rendered":"<p><img loading=\"lazy\" decoding=\"async\" alt=\"\u00a9 Archives Essor - Des mobilisations sont pr\u00e9vues dans plusieurs villes de la Loire.\" data-zoom-src=\"https:\/\/www.europesays.com\/fr\/wp-content\/uploads\/2025\/09\/initial-manifestation-archive-essor-pour-le-10-septembre-2025-c-laurie-joanou.jpg\" data-zoomable=\"\" height=\"702\" src=\"https:\/\/www.europesays.com\/fr\/wp-content\/uploads\/2025\/09\/initial-manifestation-archive-essor-pour-le-10-septembre-2025-c-laurie-joanou.jpg\" width=\"1248\"\/>  <\/p>\n<p class=\"article-desc\">\u00a9 Archives Essor &#8211; Des mobilisations sont pr\u00e9vues dans plusieurs villes de la Loire. <\/p>\n<p>L\u2019intersyndicale de la Loire (CGT, FSU, SOLIDAIRES, FNEC-FP, CD, AS FO, CNT) annonce apporter son soutien aux <strong>mobilisations citoyennes<\/strong> nationales \u00ab\u00a0Indignons-nous, bloquons tout\u00a0\u00bb. <\/p>\n<p>pour <strong>s\u2019opposer au budget<\/strong> pr\u00e9sent\u00e9 par le <strong>gouvernement<\/strong>, \u00ab\u00a0pour exiger d\u2019autres choix pour les services publics, pour l\u2019environnement, pour la justice sociale et pour une tout autre fiscalit\u00e9.\u00a0\u00bb\u00a0 <\/p>\n<p>Ainsi, des manifestations sont pr\u00e9vues : <\/p>\n<ul>\n<li>\u00c0 <strong>Roanne<\/strong>, \u00e0 10h30 au d\u00e9part du Tribunal jusqu&rsquo;\u00e0 la sous-pr\u00e9fecture. <\/li>\n<li><strong>\u00c0 Saint-\u00c9tienne<\/strong>, \u00e0 15h de la Bourse du travail jusqu&rsquo;\u00e0 l\u2019H\u00f4tel de Ville.<\/li>\n<\/ul>\n<p>D&rsquo;autres mobilisations sont programm\u00e9es : <\/p>\n<ul>\n<li><strong>\u00c0 Saint-Bonnet-le-Ch\u00e2teau<\/strong>, \u00e0 11h \u00e0 l&rsquo;ancienne gare. <\/li>\n<li><strong>\u00c0 Montbrison<\/strong>, \u00e0 8h \u00e0 la sous-pr\u00e9fecture.<\/li>\n<\/ul>\n<p> La Stas annonce un trafic \u00ab\u00a0tr\u00e8s l\u00e9g\u00e8rement perturb\u00e9\u00a0\u00bb <\/p>\n<p>\u00c0 Saint-\u00c9tienne, du c\u00f4t\u00e9 de la <strong>Stas<\/strong>, la Direction annonce que \u00ab\u00a020 conducteurs travaillant, le r\u00e9seau STAS sera tr\u00e8s l\u00e9g\u00e8rement perturb\u00e9 ce mercredi 10 septembre entra\u00eenant de faibles impacts pour le r\u00e9seau\u00a0\u00bb. <strong>Toutes les lignes du r\u00e9seau circulent sans exception<\/strong>, le tram circulant \u00e0 100% de son offre habituelle.<\/p>\n<p>La majorit\u00e9 des lignes M\u00e9tropoles circulera \u00e0 100% except\u00e9es les lignes M6 et M9 qui circuleront toutes les 12 minutes (14 minutes en heures creuses pour la M6). Sur les 78 lignes r\u00e9guli\u00e8res, 5 lignes de bus circuleront avec des horaires de passages adapt\u00e9s. <\/p>\n<p>Pour autant, le passage des trams pourra \u00eatre d\u00e9grad\u00e9 par la <strong>pr\u00e9sence de manifestants sur les voies.<\/strong>\u00a0 <\/p>\n<p>Une circulation des trains extr\u00eamement perturb\u00e9e ce mercredi 10 septembre \u00e0 Saint-\u00c9tienne <\/p>\n<p>Concernant le passage des trains, la <strong>SNCF<\/strong> pr\u00e9voit une circulation tr\u00e8s perturb\u00e9e.<\/p>\n<p> <img decoding=\"async\" alt=\"sncf ter saint etienne perturbation 10 septembre twitter\" class=\"img-size-full\" data-zoomable=\"\" height=\"351\" loading=\"lazy\" src=\"https:\/\/mesinfos.fr\/content\/articles\/571\/A229571\/sncf-ter-saint-etienne-perturbation-10-septembre-twitter.JPG\" title=\"sncf ter saint etienne perturbation 10 septembre twitter\" width=\"619\"\/> \u00a9 Extraction Twitter <\/p>\n<p>\u00c0 juste titre puisque <strong>Sud Rail Saint-\u00c9tienne<\/strong> annonce par communiqu\u00e9 s&rsquo;inscrire \u00ab\u00a0pleinement dans la journ\u00e9e nationale de mobilisation interprofessionnelle du mardi 10septembre, sous le mot d&rsquo;ordre \u00ab\u00a0Bloquons tout\u00a0\u00bb.<\/p>\n","protected":false},"excerpt":{"rendered":"\u00a9 Archives Essor &#8211; Des mobilisations sont pr\u00e9vues dans plusieurs villes de la Loire. L\u2019intersyndicale de la Loire&hellip;\n","protected":false},"author":2,"featured_media":379142,"comment_status":"","ping_status":"","sticky":false,"template":"","format":"standard","meta":{"footnotes":""},"categories":[9653],"tags":[48300,1111,11,2430,1777,674,1011,27,1272,12,25,4001],"class_list":{"0":"post-379141","1":"post","2":"type-post","3":"status-publish","4":"format-standard","5":"has-post-thumbnail","7":"category-saint-etienne","8":"tag-10-septembre","9":"tag-actu","10":"tag-actualites","11":"tag-auvergne-rhone-alpes","12":"tag-eu","13":"tag-europe","14":"tag-fr","15":"tag-france","16":"tag-manifestations","17":"tag-news","18":"tag-republique-francaise","19":"tag-saint-etienne"},"share_on_mastodon":{"url":"https:\/\/pubeurope.com\/@fr\/115177512462592637","error":""},"_links":{"self":[{"href":"https:\/\/www.europesays.com\/fr\/wp-json\/wp\/v2\/posts\/379141","targetHints":{"allow":["GET"]}}],"collection":[{"href":"https:\/\/www.europesays.com\/fr\/wp-json\/wp\/v2\/posts"}],"about":[{"href":"https:\/\/www.europesays.com\/fr\/wp-json\/wp\/v2\/types\/post"}],"author":[{"embeddable":true,"href":"https:\/\/www.europesays.com\/fr\/wp-json\/wp\/v2\/users\/2"}],"replies":[{"embeddable":true,"href":"https:\/\/www.europesays.com\/fr\/wp-json\/wp\/v2\/comments?post=379141"}],"version-history":[{"count":0,"href":"https:\/\/www.europesays.com\/fr\/wp-json\/wp\/v2\/posts\/379141\/revisions"}],"wp:featuredmedia":[{"embeddable":true,"href":"https:\/\/www.europesays.com\/fr\/wp-json\/wp\/v2\/media\/379142"}],"wp:attachment":[{"href":"https:\/\/www.europesays.com\/fr\/wp-json\/wp\/v2\/media?parent=379141"}],"wp:term":[{"taxonomy":"category","embeddable":true,"href":"https:\/\/www.europesays.com\/fr\/wp-json\/wp\/v2\/categories?post=379141"},{"taxonomy":"post_tag","embeddable":true,"href":"https:\/\/www.europesays.com\/fr\/wp-json\/wp\/v2\/tags?post=379141"}],"curies":[{"name":"wp","href":"https:\/\/api.w.org\/{rel}","templated":true}]}}