{"id":379143,"date":"2025-09-10T01:55:31","date_gmt":"2025-09-10T01:55:31","guid":{"rendered":"https:\/\/www.europesays.com\/fr\/379143\/"},"modified":"2025-09-10T01:55:31","modified_gmt":"2025-09-10T01:55:31","slug":"theatre-de-la-manufacture-nancy-croire-aux-fauves-2","status":"publish","type":"post","link":"https:\/\/www.europesays.com\/fr\/379143\/","title":{"rendered":"Th\u00e9\u00e2tre de la Manufacture Nancy : Croire aux fauves"},"content":{"rendered":"<p>D&rsquo;apr\u00e8s Nastassja MartinAdaptation, mise en sc\u00e8ne et jeu Laure Werckmann[ Cie Lucie Warrant (Grand Est) ]<\/p>\n<p>Du11\u00a0\u2192\u00a013\u00a0sept.\u00a025<\/p>\n<p>Th\u00e9\u00e2tre de la Manufacture &#8211; Grande Salle<\/p>\n<p>\u00a0<\/p>\n<p>Adaptation de son r\u00e9cit autobiographique, Croire aux fauves raconte la m\u00e9tamorphose de l\u2019anthropologue Nastassja Martin apr\u00e8s avoir \u00e9t\u00e9 mordue au visage par un ours au Kamtchatka. Proth\u00e8ses, maquillage et costumes sont au c\u0153ur de ce spectacle qui se d\u00e9ploie au fil des 4 saisons comme les 4 chapitres d\u2019une reconstruction.<br \/>Laure Werckmann explore un th\u00e9\u00e2tre de la sobri\u00e9t\u00e9 avec au centre l\u2019incarnation sc\u00e9nique et l\u2019imm\u00e9diatet\u00e9 du corps pour illustrer une renaissance. Le livre, d\u2019une force folle, trouve sur sc\u00e8ne une r\u00e9sonnance puissante.<\/p>\n<p><strong>Spectacle programm\u00e9 \u00e0 l\u2019occasion de la 47e \u00e9dition du Livre sur la Place<\/strong><br \/>Nous aurons le plaisir d\u2019accueillir dans nos murs le vendredi 12 septembre la rencontre entre deux autrices\u00a0: Isabelle Pandazopoulos &#8211; La nuit des treize plumes (Rageot) et Cl\u00e9mentine du Pontavice &#8211; Journal intime de mon c\u0153ur (L\u2019Ecole des loisirs) pour une discussion autour de l\u2019amour, l\u2019\u00e9mancipation et les diktats auxquels sont confront\u00e9s les adolescent\u00b7e\u00b7s d\u2019aujourd\u2019hui.<\/p>\n<p>\u00c9galement samedi 13 et dimanche 14 septembre au forum Bernard Pivot, Aurore D\u00e9on et Etienne Guillot, artistes complices du th\u00e9\u00e2tre pr\u00eateront leur voix aux premi\u00e8res pages des romans s\u00e9lectionn\u00e9s pour le Prix Stanislas du meilleur premier roman de la rentr\u00e9e litt\u00e9raire.<\/p>\n<p>D\u2019apr\u00e8s\u00a0Croire aux fauves\u00a0de Nastassja Martin, \u00e9ditions Gallimard 2019<br \/>Adaptation, mise en sc\u00e8ne Laure Werckmann<br \/>Avec Laure Werckmann<\/p>\n<p>Tarifs\u00a0: de 6 euros \u00e0 24 euros<\/p>\n<p>Dur\u00e9e : 1h30<\/p>\n<p>D\u00e8s 14 ans<\/p>\n<p><a href=\"https:\/\/shop.utick.net\/?pos=THEATREMANUFACTURE&amp;module=ACTIVITYSERIEDETAILS&amp;s=1B664E86-5834-74DE-55C0-D27AA638145C\" rel=\"nofollow noopener\" target=\"_blank\">R\u00e9server en ligne<\/a><\/p>\n<p>Sur notre\u00a0<a href=\"https:\/\/www.theatre-manufacture.fr\/billetterie\" rel=\"nofollow noopener\" target=\"_blank\">billetterie en ligne<\/a><br \/>Par t\u00e9l\u00e9phone au 03\u00a083\u00a037\u00a042\u00a042<br \/>Par email\u00a0<a href=\"https:\/\/www.ici-c-nancy.fr\/agenda\/923-theatre-de-la-manufacture-nancy-croire-aux-fauves\/mailto:billetterie@theatre-manufacture.fr\" rel=\"nofollow noopener\" target=\"_blank\">Cette adresse e-mail est prot\u00e9g\u00e9e contre les robots spammeurs. Vous devez activer le JavaScript pour la visualiser.<\/p>\n","protected":false},"excerpt":{"rendered":"D&rsquo;apr\u00e8s Nastassja MartinAdaptation, mise en sc\u00e8ne et jeu Laure Werckmann[ Cie Lucie Warrant (Grand Est) ] Du11\u00a0\u2192\u00a013\u00a0sept.\u00a025 Th\u00e9\u00e2tre&hellip;\n","protected":false},"author":2,"featured_media":377281,"comment_status":"","ping_status":"","sticky":false,"template":"","format":"standard","meta":{"footnotes":""},"categories":[9635],"tags":[1111,11,1777,674,1011,27,775,1702,12,25],"class_list":{"0":"post-379143","1":"post","2":"type-post","3":"status-publish","4":"format-standard","5":"has-post-thumbnail","7":"category-nancy","8":"tag-actu","9":"tag-actualites","10":"tag-eu","11":"tag-europe","12":"tag-fr","13":"tag-france","14":"tag-grand-est","15":"tag-nancy","16":"tag-news","17":"tag-republique-francaise"},"share_on_mastodon":{"url":"https:\/\/pubeurope.com\/@fr\/115177516219492892","error":""},"_links":{"self":[{"href":"https:\/\/www.europesays.com\/fr\/wp-json\/wp\/v2\/posts\/379143","targetHints":{"allow":["GET"]}}],"collection":[{"href":"https:\/\/www.europesays.com\/fr\/wp-json\/wp\/v2\/posts"}],"about":[{"href":"https:\/\/www.europesays.com\/fr\/wp-json\/wp\/v2\/types\/post"}],"author":[{"embeddable":true,"href":"https:\/\/www.europesays.com\/fr\/wp-json\/wp\/v2\/users\/2"}],"replies":[{"embeddable":true,"href":"https:\/\/www.europesays.com\/fr\/wp-json\/wp\/v2\/comments?post=379143"}],"version-history":[{"count":0,"href":"https:\/\/www.europesays.com\/fr\/wp-json\/wp\/v2\/posts\/379143\/revisions"}],"wp:featuredmedia":[{"embeddable":true,"href":"https:\/\/www.europesays.com\/fr\/wp-json\/wp\/v2\/media\/377281"}],"wp:attachment":[{"href":"https:\/\/www.europesays.com\/fr\/wp-json\/wp\/v2\/media?parent=379143"}],"wp:term":[{"taxonomy":"category","embeddable":true,"href":"https:\/\/www.europesays.com\/fr\/wp-json\/wp\/v2\/categories?post=379143"},{"taxonomy":"post_tag","embeddable":true,"href":"https:\/\/www.europesays.com\/fr\/wp-json\/wp\/v2\/tags?post=379143"}],"curies":[{"name":"wp","href":"https:\/\/api.w.org\/{rel}","templated":true}]}}