{"id":379144,"date":"2025-09-10T01:56:28","date_gmt":"2025-09-10T01:56:28","guid":{"rendered":"https:\/\/www.europesays.com\/fr\/379144\/"},"modified":"2025-09-10T01:56:28","modified_gmt":"2025-09-10T01:56:28","slug":"handball-nancy-handball-voila-cest-fini","status":"publish","type":"post","link":"https:\/\/www.europesays.com\/fr\/379144\/","title":{"rendered":"Handball. Nancy Handball : voil\u00e0, c&rsquo;est fini !"},"content":{"rendered":"<p>C\u2019est la (presque) fin d\u2019un interminable feuilleton qui aura tenu en haleine, autant qu\u2019il aura fait grincer les dents des amoureux du \u00ab\u00a0NH\u00a0\u00bb (depuis l\u2019hiver dernier, pour ceux qui se sont attach\u00e9s \u00e0 suivre les premiers \u00e9pisodes). Une fin funeste, tragique, mais sinistrement logique au vu des mille \u00e9cueils sur lesquels le Nancy Handball s\u2019est fracass\u00e9 au cours de la s\u00e9quence, engag\u00e9, depuis <a href=\"https:\/\/www.estrepublicain.fr\/sport\/2025\/08\/20\/nancy-handball-le-cnosf-balaie-les-derniers-espoirs-de-maintien-des-lorrains-en-proligue\" target=\"_blank\" rel=\"noopener\">le refus de conciliation du CNOSF (fin ao\u00fbt)<\/a> dans une \u00ab\u00a0mission impossible\u00a0\u00bb qui portait bien son nom\u00a0: une \u00ab\u00a0course contre la montre\u00a0\u00bb face \u00e0 des d\u00e9lais devenus intenables\u2026 et qui ont fini par l\u2019emporter.<\/p>\n<p>Un dernier (mince) espoir avait pourtant fini par percer, fin ao\u00fbt, <a href=\"https:\/\/www.estrepublicain.fr\/sport\/2025\/09\/04\/nancy-handball-eric-poignant-un-profil-de-futur-president\" target=\"_blank\" rel=\"noopener\">incarn\u00e9 par l\u2019homme d\u2019affaires Eric Poignant (1), l\u2019ex-pr\u00e9sident de Cr\u00e9teil, qui nous avait bross\u00e9 un plan de bataille\u2026 qu\u2019il n\u2019aura donc jamais eu le temps (ni le mandat) pour mener \u00e0 bien.<\/a> Car le souffl\u00e9 est d\u00e9finitivement retomb\u00e9, lundi soir, en m\u00eame temps qu\u2019un mail de la COC (la Commission d\u2019Organisation des Comp\u00e9titions de la FFHB) informait l\u2019ensemble des clubs de la poule \u00ab\u00a0F\u00e9d\u00e9rale\u00a0\u00bb que cette derni\u00e8re se disputerait, cette saison, entre\u2026 treize formations (et non quatorze). Un courrier faisant lui-m\u00eame \u00e9cho \u00e0 la \u00ab\u00a0pr\u00e9-d\u00e9cision\u00a0\u00bb adress\u00e9e, quelques heures plus t\u00f4t par la CNCG (Commission Nationale de Contr\u00f4le et de Gestion) aux dirigeants nanc\u00e9iens, leur signifiant sa d\u00e9cision de \u00ab\u00a0ne pas autoriser (le NH) \u00e0 s\u2019engager\u00a0\u00bb dans ce championnat de Nationale 1, actant de fait sa \u00ab\u00a0r\u00e9trogradation\u00a0\u00bb en Nationale 2\u2026 soit le niveau actuel de son \u00e9quipe r\u00e9serve, g\u00e9r\u00e9e par la structure associative, \u00e0 la comptabilit\u00e9 ind\u00e9pendante et donc non concern\u00e9e par les d\u00e9boires financiers de la SASP.<\/p>\n<p>  Hors d\u00e9lai\u00a0!<\/p>\n<p>Anticipant une notification formelle (comprenez une \u00ab\u00a0d\u00e9cision int\u00e9grale motiv\u00e9e\u00a0\u00bb), la CNCG se contente \u00e0 ce stade de pointer le fait que le NH \u00ab\u00a0ne respecte pas l\u2019ensemble des exigences fix\u00e9es par le cahier des charges\u00a0\u00bb. Dat\u00e9e du 5\u00a0d\u00e9cembre, la sanction fait suite \u00e0 un dernier ultimatum lanc\u00e9 48 heures plus t\u00f4t aux \u00e9tages sup\u00e9rieurs de la structure professionnelle (2), exigeant un dossier d\u2019engagement d\u00fbment compl\u00e9t\u00e9 \u00ab\u00a0avant la premi\u00e8re journ\u00e9e (6-7 septembre)\u00a0\u00bb. Dossier comprenant un \u00ab\u00a0\u00e9tat des recettes\u00a0\u00bb, des \u00ab\u00a0partenariats sign\u00e9s \u00e0 date\u00a0\u00bb\u2026 mais aussi les contrats des \u00ab\u00a0joueurs professionnels, entra\u00eeneurs et salari\u00e9s administratifs\u00a0\u00bb. Ce que le club lorrain ne pouvait \u00e9videmment pas lui fournir, <a href=\"https:\/\/www.estrepublicain.fr\/sport\/2025\/09\/01\/nancy-handball-jordan-yamdjeu-a-valence-hakim-jarrar-et-ilian-goedert-vers-le-luxembourg\" target=\"_blank\" rel=\"noopener\">quand on sait que son effectif se r\u00e9sumait alors \u00e0 trois \u00e9l\u00e9ments \u00ab\u00a0pros\u00a0\u00bb<\/a> (le r\u00e8glement en exige quatre en N1F) et qu\u2019il se cherchait encore un coach de substitution.<\/p>\n<p>Quoi qu\u2019il en soit, cette nouvelle (et \u00e9ni\u00e8me) d\u00e9cision contraire scelle le sort de la SASP qui, apr\u00e8s avoir obtenu le mois dernier un appr\u00e9ciable sursis (en m\u00eame temps que son placement en redressement judiciaire), file aujourd\u2019hui tout droit vers la liquidation. Car l\u2019affaire est d\u00e9sormais entendue\u00a0: \u00e0 Nancy, le hand n\u2019est plus une affaire de \u00ab\u00a0pros\u00a0\u00bb\u00a0!<\/p>\n<p class=\"note\">(1) Soucieux de sortir son club de cette situation critique, c\u2019est le demi-centre Steeven Bois qui avait mis en relation Eric Poignant et la direction du NH. (2) Une chronologie qui fait ressortir qu\u2019au moment o\u00f9 <a href=\"https:\/\/www.estrepublicain.fr\/sport\/2025\/09\/04\/nancy-handball-eric-poignant-un-profil-de-futur-president\" target=\"_blank\" rel=\"noopener\">il nous accordait un entretien, Eric Poignant ne pouvait d\u00e9j\u00e0 malheureusement<\/a> plus rien pour le Nancy Handball. CQFD.<\/p>\n","protected":false},"excerpt":{"rendered":"C\u2019est la (presque) fin d\u2019un interminable feuilleton qui aura tenu en haleine, autant qu\u2019il aura fait grincer les&hellip;\n","protected":false},"author":2,"featured_media":379145,"comment_status":"","ping_status":"","sticky":false,"template":"","format":"standard","meta":{"footnotes":""},"categories":[9635],"tags":[1111,11,1704,1777,674,107,1701,1795,1011,27,775,1792,1702,13622,1703,12,25,517,1700],"class_list":{"0":"post-379144","1":"post","2":"type-post","3":"status-publish","4":"format-standard","5":"has-post-thumbnail","7":"category-nancy","8":"tag-actu","9":"tag-actualites","10":"tag-edition-nancy-et-agglomeration","11":"tag-eu","12":"tag-europe","13":"tag-fil-info","14":"tag-fil-info-sport","15":"tag-fil-web","16":"tag-fr","17":"tag-france","18":"tag-grand-est","19":"tag-handball","20":"tag-nancy","21":"tag-nancy-handball","22":"tag-nancy-ville-54b","23":"tag-news","24":"tag-republique-francaise","25":"tag-sport","26":"tag-sport-lorrain"},"share_on_mastodon":{"url":"https:\/\/pubeurope.com\/@fr\/115177520114336686","error":""},"_links":{"self":[{"href":"https:\/\/www.europesays.com\/fr\/wp-json\/wp\/v2\/posts\/379144","targetHints":{"allow":["GET"]}}],"collection":[{"href":"https:\/\/www.europesays.com\/fr\/wp-json\/wp\/v2\/posts"}],"about":[{"href":"https:\/\/www.europesays.com\/fr\/wp-json\/wp\/v2\/types\/post"}],"author":[{"embeddable":true,"href":"https:\/\/www.europesays.com\/fr\/wp-json\/wp\/v2\/users\/2"}],"replies":[{"embeddable":true,"href":"https:\/\/www.europesays.com\/fr\/wp-json\/wp\/v2\/comments?post=379144"}],"version-history":[{"count":0,"href":"https:\/\/www.europesays.com\/fr\/wp-json\/wp\/v2\/posts\/379144\/revisions"}],"wp:featuredmedia":[{"embeddable":true,"href":"https:\/\/www.europesays.com\/fr\/wp-json\/wp\/v2\/media\/379145"}],"wp:attachment":[{"href":"https:\/\/www.europesays.com\/fr\/wp-json\/wp\/v2\/media?parent=379144"}],"wp:term":[{"taxonomy":"category","embeddable":true,"href":"https:\/\/www.europesays.com\/fr\/wp-json\/wp\/v2\/categories?post=379144"},{"taxonomy":"post_tag","embeddable":true,"href":"https:\/\/www.europesays.com\/fr\/wp-json\/wp\/v2\/tags?post=379144"}],"curies":[{"name":"wp","href":"https:\/\/api.w.org\/{rel}","templated":true}]}}