{"id":37915,"date":"2025-04-20T03:48:09","date_gmt":"2025-04-20T03:48:09","guid":{"rendered":"https:\/\/www.europesays.com\/fr\/37915\/"},"modified":"2025-04-20T03:48:09","modified_gmt":"2025-04-20T03:48:09","slug":"les-epiceries-de-nuit-a-marseille-resteront-bien-fermees-au-moins-jusqua-fin-juin","status":"publish","type":"post","link":"https:\/\/www.europesays.com\/fr\/37915\/","title":{"rendered":"Les \u00e9piceries de nuit \u00e0 Marseille resteront bien ferm\u00e9es au moins jusqu&rsquo;\u00e0 fin juin"},"content":{"rendered":"<p>Les <a href=\"https:\/\/www.laprovence.com\/article\/region\/1509758239034215\/a-marseille-les-epiciers-de-nuit-appellent-la-ville-au-secours-pour-rester-ouverts\" target=\"_blank\" rel=\"nofollow noopener\">\u00e9piceries de nuit marseillaises<\/a> restent dans le viseur de la pr\u00e9fecture. La pr\u00e9fecture annonce un nouvel arr\u00eat\u00e9 de fermeture entre 22h et 6h du matin et entre minuit et 6h du matin, le vendredi et le samedi. Il entrera en vigueur le 22 avril pour une dur\u00e9e allant jusqu&rsquo;au 30 juin, inclus. Les m\u00eames secteurs sont concern\u00e9s, \u00e0 savoir les \u00e9piceries de nuit situ\u00e9es sur les places et le long des grands axes des 1er, 2e, 3e, 4e, 5e, 6e et 7e arrondissements.<strong>\u00a0<\/strong><\/p>\n<p>La pr\u00e9fecture justifie cette d\u00e9cision par \u00ab\u00a0l&rsquo;effet sur la tranquillit\u00e9 publique\u00a0\u00bb apr\u00e8s un mois de fermeture. Elle indique \u00ab\u00a0moins de signalement, moins d&rsquo;appels 17 dans les secteurs concern\u00e9s\u00a0\u00bb. Depuis le 21 mars, 35 ouvertures illicites ont \u00e9t\u00e9 constat\u00e9es par les forces de l&rsquo;ordre.\u00a0<\/p>\n<p>Les \u00e9piceries de nuit ferm\u00e9es depuis le 21\u00a0mars dans le centre-ville<\/p>\n<p><a href=\"https:\/\/www.laprovence.com\/article\/politique\/70853439755992\/le-prefet-de-police-pierre-edouard-colliex-va-bien-quitter-marseille-pour-le-jura\" target=\"_blank\" rel=\"nofollow noopener\">L\u2019ancien pr\u00e9fet de police<\/a>, Pierre-Edouard-Colliex, avait pris un arr\u00eat\u00e9 pour contraindre les commer\u00e7ants \u00e0 fermer leurs \u00e9tablissements entre 22 heures et 6 heures du matin, \u00e0 partir du 21 mars.<a href=\"https:\/\/www.laprovence.com\/article\/region\/73067495423757\/epiceries-de-nuit-a-marseille-le-prefet-de-police-impose-une-fermeture-a-22-heures\" target=\"_blank\" rel=\"nofollow noopener\"> Une annonce r\u00e9v\u00e9l\u00e9e par \u00ab\u00a0La Provence\u00a0\u00bb<\/a> le 24\u00a0f\u00e9vrier. En cause\u00a0: les troubles \u00e0 l\u2019ordre public g\u00e9n\u00e9r\u00e9s par ces commerces\u00a0: nuisances sonores, tapages nocturnes\u2026<\/p>\n<p>\u00ab\u00a0Ce n\u2019est pas en vendant des biscottes et des yaourts que l\u2019on fait tourner un commerce. C\u2019est ce que l\u2019on constate un certain nombre de fois, c\u2019est en vendant aussi des cigarettes, que ces \u00e9piceries de nuit n\u2019ont pas le droit de vendre, de l\u2019alcool, dont la vente est interdite la nuit, voire en vendant autre chose, soit en \u00e9tant un moyen de blanchiment. Notre objectif \u00e0 tr\u00e8s court terme est d\u2019augmenter le nombre de fermetures\u00a0\u00bb, <a href=\"https:\/\/www.laprovence.com\/article\/region\/2015113237362715\/vente-illegale-nuisances-sonores-plaintes-les-epiceries-de-nuit-placees-sous-haute-surveillance-a-marseille\" target=\"_blank\" rel=\"nofollow noopener\">nous avait d\u00e9clar\u00e9<\/a> Pierre-Edouard-Colliex en d\u00e9cembre.<\/p>\n<p>Les commer\u00e7ants vent debout<\/p>\n<p>L\u2019annonce a rapidement fait r\u00e9agir du c\u00f4t\u00e9 des \u00e9piciers de nuit. D\u00e8s le premier jour, les commer\u00e7ants ont partag\u00e9 leurs inqui\u00e9tudes\u00a0: \u00ab\u00a0On nous enl\u00e8ve le pain de la bouche\u00a0\u00bb, <a href=\"https:\/\/www.laprovence.com\/article\/region\/4092395895210114\/ce-vendredi-a-22-h-les-epiceries-de-nuit-ont-tire-le-rideau-a-marseille\" target=\"_blank\" rel=\"nofollow noopener\">s\u2019inqui\u00e9tait l\u2019un d\u2019eux dans nos colonnes<\/a>. Ils ont \u00e9galement interpell\u00e9 la mairie pour demander \u00e0 revenir sur cet arr\u00eat\u00e9 qui les contraint \u00e0 la fermeture.<\/p>\n<p>Jeudi 3 avril, une quinzaine d\u2019entre eux <a href=\"https:\/\/www.laprovence.com\/article\/region\/1509758239034215\/a-marseille-les-epiciers-de-nuit-appellent-la-ville-au-secours-pour-rester-ouverts\" target=\"_blank\" rel=\"nofollow noopener\">\u00e9tait r\u00e9unie sous les fen\u00eatres de la mairie de Marseille<\/a> pour une manifestation. Ils ont notamment appel\u00e9 \u00ab\u00a0au secours\u00a0\u00bb le maire, Beno\u00eet Payan. Moins d\u2019une semaine plus tard, <a href=\"https:\/\/www.laprovence.com\/article\/region\/229865052859815\/a-marseille-la-colere-des-epiciers-contraints-de-fermer-la-nuit-se-fait-plus-bruyante\" target=\"_blank\" rel=\"nofollow noopener\">les \u00e9piciers de nuit ont de nouveau manifest\u00e9<\/a>, empruntant un parcours reliant la mairie des 2e-3e arrondissements et l\u2019h\u00f4tel de ville.<\/p>\n","protected":false},"excerpt":{"rendered":"Les \u00e9piceries de nuit marseillaises restent dans le viseur de la pr\u00e9fecture. La pr\u00e9fecture annonce un nouvel arr\u00eat\u00e9&hellip;\n","protected":false},"author":2,"featured_media":37916,"comment_status":"","ping_status":"","sticky":false,"template":"","format":"standard","meta":{"footnotes":""},"categories":[2814],"tags":[17,1111,11,12008,12006,1777,674,12009,1011,27,151,884,12,293,882,25,12007,104],"class_list":{"0":"post-37915","1":"post","2":"type-post","3":"status-publish","4":"format-standard","5":"has-post-thumbnail","7":"category-marseille","8":"tag-17","9":"tag-actu","10":"tag-actualites","11":"tag-bien","12":"tag-epiceries","13":"tag-eu","14":"tag-europe","15":"tag-fermees","16":"tag-fr","17":"tag-france","18":"tag-les","19":"tag-marseille","20":"tag-news","21":"tag-nuit","22":"tag-provence-alpes-cote-dazur","23":"tag-republique-francaise","24":"tag-resteront","25":"tag-societe"},"share_on_mastodon":{"url":"https:\/\/pubeurope.com\/@fr\/114368250207115030","error":""},"_links":{"self":[{"href":"https:\/\/www.europesays.com\/fr\/wp-json\/wp\/v2\/posts\/37915","targetHints":{"allow":["GET"]}}],"collection":[{"href":"https:\/\/www.europesays.com\/fr\/wp-json\/wp\/v2\/posts"}],"about":[{"href":"https:\/\/www.europesays.com\/fr\/wp-json\/wp\/v2\/types\/post"}],"author":[{"embeddable":true,"href":"https:\/\/www.europesays.com\/fr\/wp-json\/wp\/v2\/users\/2"}],"replies":[{"embeddable":true,"href":"https:\/\/www.europesays.com\/fr\/wp-json\/wp\/v2\/comments?post=37915"}],"version-history":[{"count":0,"href":"https:\/\/www.europesays.com\/fr\/wp-json\/wp\/v2\/posts\/37915\/revisions"}],"wp:featuredmedia":[{"embeddable":true,"href":"https:\/\/www.europesays.com\/fr\/wp-json\/wp\/v2\/media\/37916"}],"wp:attachment":[{"href":"https:\/\/www.europesays.com\/fr\/wp-json\/wp\/v2\/media?parent=37915"}],"wp:term":[{"taxonomy":"category","embeddable":true,"href":"https:\/\/www.europesays.com\/fr\/wp-json\/wp\/v2\/categories?post=37915"},{"taxonomy":"post_tag","embeddable":true,"href":"https:\/\/www.europesays.com\/fr\/wp-json\/wp\/v2\/tags?post=37915"}],"curies":[{"name":"wp","href":"https:\/\/api.w.org\/{rel}","templated":true}]}}