{"id":379158,"date":"2025-09-10T02:05:17","date_gmt":"2025-09-10T02:05:17","guid":{"rendered":"https:\/\/www.europesays.com\/fr\/379158\/"},"modified":"2025-09-10T02:05:17","modified_gmt":"2025-09-10T02:05:17","slug":"le-parquet-de-grenoble-demande-le-renvoi-du-pere-devant-les-assises-32-ans-apres-le-double-meurtre","status":"publish","type":"post","link":"https:\/\/www.europesays.com\/fr\/379158\/","title":{"rendered":"le parquet de Grenoble demande le renvoi du p\u00e8re devant les assises, 32 ans apr\u00e8s le double meurtre"},"content":{"rendered":"<p>En janvier 1993, Mich\u00e8le Marinescu et sa fille Christine, 13 ans, \u00e9taient retrouv\u00e9es mortes \u00e9gorg\u00e9es \u00e0 leur domicile en Is\u00e8re. Des ann\u00e9es plus tard, une nouvelle expertise a mis en cause Marian Marinescu, mari et p\u00e8re des victimes.<\/p>\n<p>L&rsquo;affaire Marinescu pourrait bien conna\u00eetre un d\u00e9nouement judiciaire, 32 ans apr\u00e8s les faits. C&rsquo;est en tout cas ce que souhaite le parquet de Grenoble, qui demande ce mardi 9 septembre \u00e0 ce que le principal suspect soit renvoy\u00e9 devant les assises. En 1993, Mich\u00e8le Marinescu et sa fille Christine ont \u00e9t\u00e9 retrouv\u00e9es mortes, assassin\u00e9es, \u00e0 leur domicile de Sassenage en Is\u00e8re.<\/p>\n<p>Il aura fallu que de <a href=\"https:\/\/www.bfmtv.com\/police-justice\/double-meurtre-de-sassenage-pour-les-avocats-du-suspect-numero-1-l-affaire-n-a-pas-ete-pas-resolue_AN-202206030552.html\" title=\"Double meurtre de Sassenage: pour les avocats du suspect num\u00e9ro 1, l&#039;affaire n&#039;a pas \u00e9t\u00e9 pas r\u00e9solue\" class=\"internal_link\" rel=\"nofollow noopener\" target=\"_blank\">nouvelles expertises ADN<\/a> soient r\u00e9alis\u00e9es en 2021 pour qu&rsquo;un homme soit mis en examen, soup\u00e7onn\u00e9 du double meurtre: il s&rsquo;agit de Marian Marinescu, mari et p\u00e8re des deux victimes.<\/p>\n<p>Ce mardi 9 septembre, le procureur de Grenoble demande le renvoi du suspect devant la cour d&rsquo;assises de l&rsquo;Is\u00e8re \u00e0 la fois pour \u00ab\u00a0meurtre sur conjoint\u00a0\u00bb, et pour \u00ab\u00a0meurtre pr\u00e9c\u00e9d\u00e9 d&rsquo;un viol\u00a0\u00bb concernant sa fille.<\/p>\n<p>Si Marian Marinescu a toujours ni\u00e9 son implication, un faisceau d&rsquo;indices porte \u00e0 croire qu&rsquo;il est l&rsquo;auteur des faits, pr\u00e9cise Etienne Manteaux ce mardi, lors d&rsquo;une conf\u00e9rence de presse.<\/p>\n<p>Le p\u00e8re d&rsquo;abord \u00e9cart\u00e9 de la liste des suspects<\/p>\n<p>Le 7 janvier 1993, des gendarmes entrent au domicile des Marinescu. Le patron de Mich\u00e8le Marinescu les a alert\u00e9s, s&rsquo;inqui\u00e9tant de ne plus avoir de nouvelles de son employ\u00e9e. \u00c0 l&rsquo;int\u00e9rieur, les enqu\u00eateurs d\u00e9couvrent cette femme de 43 ans sans vie, \u00e9gorg\u00e9e, dans sa chambre.<\/p>\n<p>Sa fille Christine, 13 ans, a elle aussi \u00e9t\u00e9 tu\u00e9e \u00e0 l&rsquo;arme blanche. Son jean a \u00e9t\u00e9 retrouv\u00e9 d\u00e9boutonn\u00e9, ce qui laisse \u00e0 penser qu&rsquo;elle a pu subir une agression sexuelle.<\/p>\n<p><img decoding=\"async\" src=\"https:\/\/www.europesays.com\/fr\/wp-content\/uploads\/2025\/05\/principale-103_5.jpg\"  alt=\"Affaire Marinescu : alibi contre ADN - 05\/05\" title=\"Affaire Marinescu : alibi contre ADN - 05\/05\"\/>Affaire Marinescu : alibi contre ADN &#8211; 05\/05<\/p>\n<p>Marian Marinescu, mari de Mich\u00e8le et p\u00e8re de Christine, est rapidement \u00e9cart\u00e9 de la liste des suspects au vu de son alibi: il se trouvait en Roumanie avec son fils Julien, 7 ans au moment des faits, d\u00e9clare-t-il. \u00ab\u00a0Il avait un alibi inattaquable en apparence (&#8230;) et n&rsquo;\u00e9tait rentr\u00e9 en France que le 9 janvier\u00a0\u00bb, soit deux jours apr\u00e8s la d\u00e9couverte des corps, explique ce mardi le procureur de Grenoble.<\/p>\n<p>Un nombre \u00ab\u00a0consid\u00e9rable\u00a0\u00bb de t\u00e9moins ont \u00e9t\u00e9 entendus dans le dossier, sans que les enqu\u00eateurs ne parviennent \u00e0 identifier un sc\u00e9nario et un suspect vraisemblables. La piste d&rsquo;un diff\u00e9rend avec l&rsquo;une des femmes de m\u00e9nage du couple autour d&rsquo;un impay\u00e9 a un temps occup\u00e9 les gendarmes. Le compagnon de cette derni\u00e8re a notamment \u00e9t\u00e9 plac\u00e9 \u00e0 deux reprises en garde \u00e0 vue, avant que la piste ne soit referm\u00e9e, faute d&rsquo;\u00e9l\u00e9ments suffisants.<\/p>\n<p>Le sperme du p\u00e8re de famille retrouv\u00e9 sur les scell\u00e9s<\/p>\n<p>En 2020, le parquet de Grenoble se pose alors la question de continuer \u00e0 s&rsquo;obstiner ou non sur ce dossier vieux de pr\u00e8s de 30 ans. Dans un dernier \u00e9lan d&rsquo;investigation, un juge d&rsquo;instruction ordonne une nouvelle expertise sur les scell\u00e9s qui, par chance, avaient \u00e9t\u00e9 bien conserv\u00e9s, \u00e0 l&rsquo;abri de l&rsquo;humidit\u00e9.<\/p>\n<p>Cette derni\u00e8re tentative est payante: sur le pantalon de Christine Marinescu sont retrouv\u00e9es diverses traces de sperme appartenant \u00e0 son p\u00e8re.<\/p>\n<p>Les enqu\u00eateurs se penchent alors sur ce suspect, le premier depuis des dizaines d&rsquo;ann\u00e9es. En-dehors de cette trace de sperme, aucun \u00e9l\u00e9ment ne le relie de mani\u00e8re accablante au double meurtre. Mais un faisceau d&rsquo;indices m\u00e8nent \u00e0 envisager son implication, \u00e0 l&rsquo;image des tensions pr\u00e9sentes au sein du couple Marinescu \u00e0 cette \u00e9poque: Marian Marinescu souhaitait divorcer, mais son \u00e9pouse le refusait, craignant de ne pas obtenir la garde des enfants et d&rsquo;\u00eatre d\u00e9savantag\u00e9e au niveau mat\u00e9riel.<\/p>\n<p>Par ailleurs, selon les expertises men\u00e9es dans le dossier, l&rsquo;homme entretenait avec sa fille une relation \u00ab\u00a0\u0153dipienne\u00a0\u00bb tr\u00e8s importante, souligne le procureur. Relation qui s&rsquo;est peu \u00e0 peu distendue lorsque Christine Marinescu est entr\u00e9e dans l&rsquo;adolescence, prenant davantage le parti de sa m\u00e8re.<\/p>\n<p>Selon les experts psychiatres qui l&rsquo;ont examin\u00e9, Marian Marinescu, qui n&rsquo;a pendant longtemps pas su expliquer comment son sperme s&rsquo;est retrouv\u00e9 sur le pantalon de sa fille, fait preuve de psychorigidit\u00e9 et d&rsquo;une volont\u00e9 de contr\u00f4le et de domination, ajoute Etienne Manteaux.<\/p>\n<p>Plac\u00e9 sous contr\u00f4le judiciaire<\/p>\n<p>Bien des ann\u00e9es apr\u00e8s, les enqu\u00eateurs identifient un creux de 48 heures dans l&#8217;emploi du temps de l&rsquo;homme, les amenant \u00e0 envisager qu&rsquo;il ait pu faire l&rsquo;aller-retour depuis la Roumanie vers la France dans cet intervalle.<\/p>\n<p>En juin 2021, Marian Marinescu est mis en examen et plac\u00e9 en d\u00e9tention provisoire. Il sera cependant remis en libert\u00e9 sous bracelet \u00e9lectronique trois ans plus tard. Selon le procureur Etienne Manteaux, le suspect est \u00e0 pr\u00e9sent seulement plac\u00e9 sous contr\u00f4le judiciaire.<\/p>\n<p>Si le procureur requiert aujourd&rsquo;hui le renvoi de Marian Marinescu devant une cour d&rsquo;assises, cela ne signifie pas que le suspect va d&rsquo;office \u00eatre jug\u00e9. Les avocats de la d\u00e9fense et des parties civiles peuvent \u00e0 pr\u00e9sent formuler des observations. C&rsquo;est ensuite au juge d&rsquo;instruction de trancher pour ou contre ce renvoi. Il a un mois et dix jours pour prendre sa d\u00e9cision.<\/p>\n","protected":false},"excerpt":{"rendered":"En janvier 1993, Mich\u00e8le Marinescu et sa fille Christine, 13 ans, \u00e9taient retrouv\u00e9es mortes \u00e9gorg\u00e9es \u00e0 leur domicile&hellip;\n","protected":false},"author":2,"featured_media":379159,"comment_status":"","ping_status":"","sticky":false,"template":"","format":"standard","meta":{"footnotes":""},"categories":[9566],"tags":[1111,11,2430,1777,674,1011,27,2731,12,25],"class_list":{"0":"post-379158","1":"post","2":"type-post","3":"status-publish","4":"format-standard","5":"has-post-thumbnail","7":"category-grenoble","8":"tag-actu","9":"tag-actualites","10":"tag-auvergne-rhone-alpes","11":"tag-eu","12":"tag-europe","13":"tag-fr","14":"tag-france","15":"tag-grenoble","16":"tag-news","17":"tag-republique-francaise"},"share_on_mastodon":{"url":"https:\/\/pubeurope.com\/@fr\/115177555935973295","error":""},"_links":{"self":[{"href":"https:\/\/www.europesays.com\/fr\/wp-json\/wp\/v2\/posts\/379158","targetHints":{"allow":["GET"]}}],"collection":[{"href":"https:\/\/www.europesays.com\/fr\/wp-json\/wp\/v2\/posts"}],"about":[{"href":"https:\/\/www.europesays.com\/fr\/wp-json\/wp\/v2\/types\/post"}],"author":[{"embeddable":true,"href":"https:\/\/www.europesays.com\/fr\/wp-json\/wp\/v2\/users\/2"}],"replies":[{"embeddable":true,"href":"https:\/\/www.europesays.com\/fr\/wp-json\/wp\/v2\/comments?post=379158"}],"version-history":[{"count":0,"href":"https:\/\/www.europesays.com\/fr\/wp-json\/wp\/v2\/posts\/379158\/revisions"}],"wp:featuredmedia":[{"embeddable":true,"href":"https:\/\/www.europesays.com\/fr\/wp-json\/wp\/v2\/media\/379159"}],"wp:attachment":[{"href":"https:\/\/www.europesays.com\/fr\/wp-json\/wp\/v2\/media?parent=379158"}],"wp:term":[{"taxonomy":"category","embeddable":true,"href":"https:\/\/www.europesays.com\/fr\/wp-json\/wp\/v2\/categories?post=379158"},{"taxonomy":"post_tag","embeddable":true,"href":"https:\/\/www.europesays.com\/fr\/wp-json\/wp\/v2\/tags?post=379158"}],"curies":[{"name":"wp","href":"https:\/\/api.w.org\/{rel}","templated":true}]}}