{"id":379161,"date":"2025-09-10T02:07:17","date_gmt":"2025-09-10T02:07:17","guid":{"rendered":"https:\/\/www.europesays.com\/fr\/379161\/"},"modified":"2025-09-10T02:07:17","modified_gmt":"2025-09-10T02:07:17","slug":"on-veut-taper-tres-fort-restos-coiffeurs-librairies-de-nombreux-commerces-fermes-a-rennes-ce-mercredi","status":"publish","type":"post","link":"https:\/\/www.europesays.com\/fr\/379161\/","title":{"rendered":"\u00ab\u00a0On veut taper tr\u00e8s fort\u00a0\u00bb. Restos, coiffeurs, librairies\u2026 De nombreux commerces ferm\u00e9s \u00e0 Rennes, ce mercredi"},"content":{"rendered":"<p>            Par<br \/>\n        <strong><br \/>\n            <a href=\"https:\/\/actu.fr\/auteur\/laurene-fertin\" title=\"Consulter tous les articles de Laur\u00e8ne Fertin\" target=\"_blank\" rel=\"noopener\">Laur\u00e8ne Fertin<\/a><br \/>\n        <\/strong><\/p>\n<p>        Publi\u00e9 le<\/p>\n<p>            9 sept. 2025 \u00e0 18h54        <\/p>\n<p>\u00ab\u2009Nous sommes certes des commer\u00e7ants, mais nous sommes aussi <strong>des citoyens et citoyennes \u00e0 part enti\u00e8re<\/strong> et nous souhaitons \u00eatre aux c\u00f4t\u00e9s de celles et ceux qui se mobilisent\u2009\u00bb, r\u00e9sume Solveig Touz\u00e9. \u00c0 l\u2019instar <strong>d\u2019une quarantaine de commer\u00e7ants<\/strong>, la co-g\u00e9rante de <strong>la librairie La nuit des temps<\/strong> fermera boutique, mercredi 10\u00a0septembre 2025.<\/p>\n<p class=\" wall-content\">La journ\u00e9e de mobilisation attendue demain entra\u00eenera en effet <a href=\"https:\/\/actu.fr\/bretagne\/rennes_35238\/mobilisation-du-10-septembre-a-rennes-ecoles-transports-commerces-quelles-perturbations-ce-mercredi_63132346.html\" target=\"_blank\" rel=\"noopener\"><strong>des perturbations<\/strong><\/a> au niveau des transports, dans le secteur de la sant\u00e9 ou encore dans l\u2019\u00c9ducation nationale. Mais pas que\u2009: les commer\u00e7ants ont en effet d\u00e9cid\u00e9 de se joindre au mouvement.<\/p>\n<p>\u00ab\u2009Nous sommes solidaires\u2009\u00bb<\/p>\n<p class=\" wall-content\">\u00ab\u2009On veut montrer, symboliquement, que ce n\u2019est pas toujours le m\u00eame narratif, des fonctionnaires et des \u00e9tudiants qui se mobilisent\u2009\u00bb, poursuit Solveig Touz\u00e9.<\/p>\n<blockquote class=\"ac-article-quote wall-content\">\n<p>Les commer\u00e7ants ne sont pas que dans l\u2019individualisme. Nous sommes des citoyens concern\u00e9s comme les autres. Il faut montrer que nous sommes solidaires, de fa\u00e7on collective.<\/p>\n<p>    <strong>Solveig Touz\u00e9<\/strong><br \/>\n        Co-g\u00e9rante de la librairie La nuit des temps    <\/p><\/blockquote>\n<p class=\" wall-content\">Un groupe WhatsApp, cr\u00e9\u00e9 jeudi 4\u00a0septembre, a permis<strong> de r\u00e9unir de fa\u00e7on horizontale<\/strong> les enseignes souhaitant se joindre au mouvement. \u00ab\u2009On \u00e9tait <strong>une vingtaine au d\u00e9part\u2009\u00bb,<\/strong> pr\u00e9cise B\u00e9rang\u00e8re De Clerck, responsable de l\u2019\u00e9picerie Ma joyeuse \u00e9pici\u00e8re, rue d\u2019Antrain. \u00ab\u2009Pour le moment, au moins 35 commer\u00e7ants ont indiqu\u00e9 participer au mouvement et seront ferm\u00e9s toute la journ\u00e9e. Cinq seront ferm\u00e9s sur l\u2019heure de la manifestation [qui d\u00e9marre \u00e0 11h30 place de la R\u00e9publique, N.D.L.R].\u2009\u00bb<\/p>\n<p>La liste des enseignes qui ferment<\/p>\n<p class=\" wall-content\"><strong>Bars, caf\u00e9s, restaurants, librairies, \u00e9piceries, coiffeurs\u2026<\/strong> Les enseignes qui fermeront sont <strong>diverses <\/strong>et ne toucheront pas que le centre-ville. Les communes de Guichen, Saint-Aubin-du-Cormier, de Chavagne ou encore de Cesson-S\u00e9vign\u00e9 (Ille-et-Vilaine) sont \u00e9galement concern\u00e9es.<\/p>\n<p>Votre r\u00e9gion, votre actu !<\/p>\n<p>Recevez chaque jour les infos qui comptent pour vous.<\/p>\n<p>\t<a href=\"https:\/\/actu.fr\/newsletter\" class=\"ac-btn ac-btn--corner ac-btn--medium ac-btn--blue800\" target=\"_blank\" rel=\"noopener\">S&rsquo;incrire<\/a><\/p>\n<p class=\" wall-content\">\u00c0 l\u2019heure o\u00f9 sont \u00e9crites ces lignes, voici celles et ceux qui participent (liste non exhaustive)\u2009;<\/p>\n<ul class=\" wall-content\">\n<li>Heol (boutique de cr\u00e9ateurs)\u2009;<\/li>\n<li>Beltane (brasserie rennaise)\u2009;<\/li>\n<li>Caf\u00e9 Mado\u2009;<\/li>\n<li>Sylvain (artisan coiffeur et coloriste)\u2009;<\/li>\n<li>Caf\u00e9 Pok (qui a \u00e9labor\u00e9 les visuels appos\u00e9s aux vitrines)\u2009;<\/li>\n<li>L\u2019Ar\u00e8ne rock (magasin de v\u00eatements, chaussures, bijoux et accessoires alternatifs)\u2009;<\/li>\n<li>It\u2019s Five O\u2019Clock Somewhere (caf\u00e9, salon de th\u00e9)\u2009;<\/li>\n<li>P\u00e9pites\u2009! (bar-resto)\u2009;<\/li>\n<li>La Fabrik\u2019\u00e0 Bulles (Cosm\u00e9tiques bio &amp; herboristerie)\u2009;<\/li>\n<li>Julie Bondieuserie (artisane coiffeuse et coloriste)\u2009;<\/li>\n<li>\u00c0 table\u2009! Capucine (restaurant)\u2009;<\/li>\n<li>Rezin (cave \u00e0 vins)\u2009;<\/li>\n<li>L\u2019attrape-r\u00eave (bar LGBT)\u2009;<\/li>\n<li>Nebula (bar)\u2009;<\/li>\n<li>Soif (cave sans alcool)\u2009;<\/li>\n<li>B\u00e1nh B\u00e1nh (streetfood vietnamienne)<\/li>\n<li>Le pont des arts (lieu culturel Cessonnais)\u2009;<\/li>\n<li>La compagnie ferment\u00e9e (fournil coop\u00e9ratif)\u2009;<\/li>\n<li>L\u2019\u00c9toile (ateliers, petite boutique)\u2009;<\/li>\n<li>Les enfants terribles (caf\u00e9)\u2009;<\/li>\n<li>La salicorne (librairie, salon de th\u00e9)\u2009;<\/li>\n<li>Les mauvaises herbes (bistrot \u00e0 Chavagne)\u2009;<\/li>\n<li>Bella ciao (boutique-ateliers)<\/li>\n<li>Turbulences (librairie de bandes-dessin\u00e9es \u00e0 Quimper)\u2009;<\/li>\n<li>Dimanche Bistrot\u2009;<\/li>\n<li>Les herbes sauvages (fleuriste)\u2009;<\/li>\n<li>L\u2019enchant\u00e9 (salon de th\u00e9 et restauration)\u2009;<\/li>\n<li>Lendroit \u00e9ditions (maison d\u2019\u00e9dition \u00e0 Rennes)\u2009;<\/li>\n<li>L\u2019Atr\u00e9ma Coordonnerie\u2009;<\/li>\n<li>Les paradis perdus (bar)\u2009;<\/li>\n<li>Choupiquant (cantine)\u2009;<\/li>\n<li>Black Bear (bar)\u2026<\/li>\n<\/ul>\n<p>Vers une reconduction\u2009?<\/p>\n<p class=\" wall-content\">Cette mobilisation n\u2019est <strong>pas anodine<\/strong>, soulignent Solveig Touz\u00e9 et B\u00e9rang\u00e8re De Clerck. Fermer durant une journ\u00e9e occasionne \u00ab\u2009forc\u00e9ment une perte s\u00e8che sur le chiffre d\u2019affaires\u2009\u00bb.<\/p>\n<blockquote class=\"ac-article-quote wall-content\">\n<p>\u00c9conomiquement, cela peut \u00eatre difficile. Certains ne pourront pas se permettre de fermer toute la journ\u00e9e. Moi-m\u00eame, au d\u00e9part, je n&rsquo;ai pas os\u00e9 me lancer. Mais le fait d&rsquo;en parler tous ensemble a d\u00e9bloqu\u00e9 quelque chose. Il y a une grogne, une col\u00e8re g\u00e9n\u00e9rale, qu&rsquo;il faut savoir \u00e9couter. <\/p>\n<p>    <strong>B\u00e9rang\u00e8re De Clerck<\/strong><br \/>\n        Ma joyeuse \u00e9pici\u00e8re    <\/p><\/blockquote>\n<p class=\" wall-content\">Ce mercredi 10\u00a0septembre<strong> sera-t-il reconduit<\/strong> chez les commer\u00e7ants et commer\u00e7ants\u2009? \u00ab\u2009Pour cette journ\u00e9e du 10, on veut d\u2019abord taper tr\u00e8s fort. Pour la suite, cela risque d\u2019\u00eatre compliqu\u00e9\u2009\u00bb, mesure B\u00e9rang\u00e8re De Clerck. \u00ab\u2009Nous avons les reins moins solides que les grandes surfaces.\u2009\u00bb<\/p>\n<p class=\" wall-content\">\u00ab\u2009La gr\u00e8ve se traduira, sans doute, par d\u2019autres actions sur le long terme\u2009comme la cr\u00e9ation d\u2019une caisse de gr\u00e8ve \u00bb, esquisse Solveig Touz\u00e9.<\/p>\n<p class=\" wall-content\">Personnalisez votre actualit\u00e9 en ajoutant vos villes et m\u00e9dias en favori avec <a href=\"https:\/\/moncompte.actu.fr\" title=\"D\u00e9couvez Mon Actu\" rel=\"nofollow noopener\" data-trk=\"{&quot;cta&quot;:{&quot;action&quot;:&quot;https:\\\/\\\/moncompte.actu.fr&quot;,&quot;category&quot;:&quot;mon compte&quot;,&quot;from&quot;:&quot;article footer&quot;,&quot;name&quot;:&quot;Mon actu&quot;,&quot;type&quot;:&quot;cta&quot;}}\" target=\"_blank\">Mon Actu<\/a>.<\/p>\n","protected":false},"excerpt":{"rendered":"Par Laur\u00e8ne Fertin Publi\u00e9 le 9 sept. 2025 \u00e0 18h54 \u00ab\u2009Nous sommes certes des commer\u00e7ants, mais nous sommes&hellip;\n","protected":false},"author":2,"featured_media":379162,"comment_status":"","ping_status":"","sticky":false,"template":"","format":"standard","meta":{"footnotes":""},"categories":[2821],"tags":[1111,11,829,215,1777,674,1011,27,6151,50957,12,584,25,104],"class_list":{"0":"post-379161","1":"post","2":"type-post","3":"status-publish","4":"format-standard","5":"has-post-thumbnail","7":"category-rennes","8":"tag-actu","9":"tag-actualites","10":"tag-bretagne","11":"tag-commerce","12":"tag-eu","13":"tag-europe","14":"tag-fr","15":"tag-france","16":"tag-greve","17":"tag-mouvement-du-10-septembre","18":"tag-news","19":"tag-rennes","20":"tag-republique-francaise","21":"tag-societe"},"share_on_mastodon":{"url":"https:\/\/pubeurope.com\/@fr\/115177563371625652","error":""},"_links":{"self":[{"href":"https:\/\/www.europesays.com\/fr\/wp-json\/wp\/v2\/posts\/379161","targetHints":{"allow":["GET"]}}],"collection":[{"href":"https:\/\/www.europesays.com\/fr\/wp-json\/wp\/v2\/posts"}],"about":[{"href":"https:\/\/www.europesays.com\/fr\/wp-json\/wp\/v2\/types\/post"}],"author":[{"embeddable":true,"href":"https:\/\/www.europesays.com\/fr\/wp-json\/wp\/v2\/users\/2"}],"replies":[{"embeddable":true,"href":"https:\/\/www.europesays.com\/fr\/wp-json\/wp\/v2\/comments?post=379161"}],"version-history":[{"count":0,"href":"https:\/\/www.europesays.com\/fr\/wp-json\/wp\/v2\/posts\/379161\/revisions"}],"wp:featuredmedia":[{"embeddable":true,"href":"https:\/\/www.europesays.com\/fr\/wp-json\/wp\/v2\/media\/379162"}],"wp:attachment":[{"href":"https:\/\/www.europesays.com\/fr\/wp-json\/wp\/v2\/media?parent=379161"}],"wp:term":[{"taxonomy":"category","embeddable":true,"href":"https:\/\/www.europesays.com\/fr\/wp-json\/wp\/v2\/categories?post=379161"},{"taxonomy":"post_tag","embeddable":true,"href":"https:\/\/www.europesays.com\/fr\/wp-json\/wp\/v2\/tags?post=379161"}],"curies":[{"name":"wp","href":"https:\/\/api.w.org\/{rel}","templated":true}]}}