{"id":379179,"date":"2025-09-10T02:17:13","date_gmt":"2025-09-10T02:17:13","guid":{"rendered":"https:\/\/www.europesays.com\/fr\/379179\/"},"modified":"2025-09-10T02:17:13","modified_gmt":"2025-09-10T02:17:13","slug":"a-toulouse-40-bus-attaques-en-pleine-nuit-leur-filtre-a-particules-derobes-pour-400-000-e-de-prejudice","status":"publish","type":"post","link":"https:\/\/www.europesays.com\/fr\/379179\/","title":{"rendered":"\u00c0 Toulouse, 40 bus attaqu\u00e9s en pleine nuit, leur filtre \u00e0 particules d\u00e9rob\u00e9s pour 400.000 \u20ac de pr\u00e9judice"},"content":{"rendered":"<p>Dans la nuit de dimanche \u00e0 lundi, le r\u00e9seau Tiss\u00e9o a \u00e9t\u00e9 frapp\u00e9 part une vaste op\u00e9ration d\u00e9lictueuse. Les filtres \u00e0 particules des bus rec\u00e8lent de pr\u00e9cieux m\u00e9taux. Un casse qui paralyse le service.<\/p>\n<p class=\"fig-paragraph\">En pleine rentr\u00e9e scolaire, alors que les bus Tiss\u00e9o transportent chaque jour des milliers de voyageurs dans l\u2019agglom\u00e9ration toulousaine, pr\u00e8s de quarante v\u00e9hicules sont clou\u00e9s au sol. Dans la nuit du dimanche 7 au lundi 8 septembre, des individus se sont introduits dans le d\u00e9p\u00f4t de Colomiers. Le lendemain matin, les agents ont d\u00e9couvert des dizaines de v\u00e9hicules d\u00e9mont\u00e9s, priv\u00e9s de leurs filtres \u00e0 particules (FAP). Ces cylindres m\u00e9talliques, lourds d\u2019une quinzaine de kilos et truff\u00e9s de m\u00e9taux pr\u00e9cieux, sont tr\u00e8s pris\u00e9s sur les march\u00e9s parall\u00e8les.<\/p>\n<p class=\"fig-paragraph\">\u00ab Quarante bus d\u00e9mont\u00e9s en une seule nuit\u2026 il y a une logistique et un savoir-faire derri\u00e8re\u00a0\u00bb, souffle Jean-Philippe Favier, secr\u00e9taire g\u00e9n\u00e9ral de la CGT Tiss\u00e9o. Le pr\u00e9judice est \u00e9valu\u00e9 \u00e0 environ 400.000 euros, selon l\u2019entreprise publique.<\/p>\n<p>                                    <a class=\"fig-a11y-skip a11y-hidden\" href=\"#fig-a11y-skip-main-inarticle\"><br \/>\n        Passer la publicit\u00e9<br \/>\n    <\/a><\/p>\n<p class=\"fig-paragraph\">Le parquet de Toulouse confirme l\u2019ampleur des dommages\u00a0: 37 bus destin\u00e9s aux voyageurs quotidiens ont \u00e9t\u00e9 immobilis\u00e9s. Et contrairement \u00e0 l\u2019id\u00e9e d\u2019une op\u00e9ration \u00abpropre\u00bb, \u00abil y a des d\u00e9gradations sur les bus et dans le grillage du site\u00bb, pr\u00e9cise-t-il.<\/p>\n<p>Un r\u00e9seau totalement d\u00e9stabilis\u00e9<\/p>\n<p class=\"fig-paragraph\">Au-del\u00e0 des d\u00e9g\u00e2ts mat\u00e9riels, c\u2019est tout le service de transport qui souffre. Pour les voyageurs, les r\u00e9percussions se font sentir imm\u00e9diatement\u00a0: \u00absept lignes de Colomiers ont \u00e9t\u00e9 affect\u00e9es d\u00e8s lundi. On a d\u00fb retirer des bus d\u2019autres sites pour combler les manques\u00bb, d\u00e9taille Jean-Philippe Favier. R\u00e9sultat\u00a0: certaines lignes ont \u00e9t\u00e9 suspendues, d\u2019autres circulent au ralenti.<\/p>\n<p class=\"fig-paragraph\">\u00abC\u2019est le c\u0153ur de notre m\u00e9tier qui est touch\u00e9\u00bb, s\u2019inqui\u00e8te le repr\u00e9sentant syndical. En cette rentr\u00e9e, parents et \u00e9l\u00e8ves sont directement p\u00e9nalis\u00e9s. Combien de temps faudra-t-il pour remplacer ces pi\u00e8ces co\u00fbteuses et remettre en service autant de bus\u00a0? L\u2019entreprise Tiss\u00e9o affirme \u00ab\u0153uvrer pour r\u00e9tablir progressivement l\u2019ensemble des lignes impact\u00e9es d\u2019ici la fin de la semaine.\u00bb Mais quant \u00e0 la r\u00e9paration des v\u00e9hicules, Jean-Philippe Favier se montre plus inquiet\u00a0: \u00abOn ne sait pas combien de temps il faudra pour remettre ces bus en service. Je ne pense pas qu\u2019on ait autant de filtres en stock. Ils sont co\u00fbteux, et leur remplacement ne se fera pas en quelques heures.\u00bb<\/p>\n<p class=\"fig-paragraph\">Pour les syndicats, cet \u00e9pisode est le r\u00e9v\u00e9lateur d\u2019une fragilit\u00e9 d\u00e9j\u00e0 point\u00e9e. \u00abCe n\u2019est pas la premi\u00e8re fois que la s\u00e9curit\u00e9 est mise sur la table\u00bb, rappelle le secr\u00e9taire de la CGT. Intrusions nocturnes, personnes retrouv\u00e9es \u00e0 errer dans les d\u00e9p\u00f4ts sous des pr\u00e9textes douteux\u2026 \u00abOn avait demand\u00e9 une r\u00e9vision du syst\u00e8me de vid\u00e9osurveillance. Il faudra voir si les images parleront\u00bb, poursuit le syndicaliste, qui refuse de mettre en cause directement les agents de s\u00e9curit\u00e9 pr\u00e9sents cette nuit-l\u00e0, pr\u00e9f\u00e9rant attendre les premiers \u00e9l\u00e9ments d\u2019enqu\u00eate. Les diff\u00e9rents sites de Tiss\u00e9o, malgr\u00e9 des grillages, cam\u00e9ras et poste de garde, sont loin d\u2019\u00eatre inviolable. \u00abIl est d\u00e9j\u00e0 arriv\u00e9 plusieurs fois que des personnes se prom\u00e8nent dans les parcs de bus en pleine nuit en pr\u00e9textant s\u2019\u00eatre perdues. Pour autant, il est vrai qu\u2019on avait jamais vu quelque chose de cette ampleur.\u00bb<\/p>\n<p>Une enqu\u00eate confi\u00e9e \u00e0 la police judiciaire<\/p>\n<p class=\"fig-paragraph\">Tiss\u00e9o a d\u00e9pos\u00e9 plainte d\u00e8s lundi. Le parquet a ouvert une enqu\u00eate pour vol aggrav\u00e9, sous trois circonstances\u00a0: les d\u00e9gradations commises, l\u2019effraction dans un local contenant des biens et marchandises, et l\u2019action en r\u00e9union. \u00abOn en d\u00e9duit que les auteurs \u00e9taient plusieurs, vu la mani\u00e8re d\u2019op\u00e9rer.\u00bb<\/p>\n<p>                                    <a class=\"fig-a11y-skip a11y-hidden\" href=\"#fig-a11y-skip-main-inarticle_mtf\"><br \/>\n        Passer la publicit\u00e9<br \/>\n    <\/a><\/p>\n<p class=\"fig-paragraph\">L\u2019affaire a \u00e9t\u00e9 confi\u00e9e \u00e0 la Direction criminalit\u00e9 territoriale (DCP) et \u00e0 la Direction territoriale de la police judiciaire de Toulouse (DIPJ) , plus particuli\u00e8rement au groupe sp\u00e9cialis\u00e9 dans les cambriolages. Leur mission\u00a0: identifier des malfaiteurs qui, en un temps record, ont neutralis\u00e9 un pan entier du r\u00e9seau. De son c\u00f4t\u00e9, Tiss\u00e9o a renforc\u00e9 sa surveillance avec des rondes r\u00e9alis\u00e9es par des ma\u00eetres-chiens. Car c\u2019est aussi la veille qui interroge\u00a0: \u00abil y a toujours des rondes, toujours quelqu\u2019un sur site, m\u00eame de nuit. Pour d\u00e9monter autant de bus, on ne fait pas \u00e7a en improvisant\u00bb, insiste Jean-Philippe Favier avant de d\u00e9velopper\u00a0: \u00abces filtres ont l\u2019air tout de m\u00eame assez faciles \u00e0 d\u00e9monter. Ils sont fix\u00e9s par de simples colliers m\u00e9talliques, il n\u2019y a pas besoin de disqueuse par exemple. Je ne pense pas que l\u2019op\u00e9ration ait fait du bruit. En tout cas ils ont d\u00fb faire \u00e7a tr\u00e8s rapidement pour ne pas se faire remarquer\u00bb, conclut ce dernier.<\/p>\n","protected":false},"excerpt":{"rendered":"Dans la nuit de dimanche \u00e0 lundi, le r\u00e9seau Tiss\u00e9o a \u00e9t\u00e9 frapp\u00e9 part une vaste op\u00e9ration d\u00e9lictueuse.&hellip;\n","protected":false},"author":2,"featured_media":379180,"comment_status":"","ping_status":"","sticky":false,"template":"","format":"standard","meta":{"footnotes":""},"categories":[2816],"tags":[1111,11,1777,674,1011,27,12,2680,25,2312,2216,1175],"class_list":{"0":"post-379179","1":"post","2":"type-post","3":"status-publish","4":"format-standard","5":"has-post-thumbnail","7":"category-toulouse","8":"tag-actu","9":"tag-actualites","10":"tag-eu","11":"tag-europe","12":"tag-fr","13":"tag-france","14":"tag-news","15":"tag-occitanie","16":"tag-republique-francaise","17":"tag-toulouse","18":"tag-transports-en-commun","19":"tag-vol"},"share_on_mastodon":{"url":"https:\/\/pubeurope.com\/@fr\/115177602584889057","error":""},"_links":{"self":[{"href":"https:\/\/www.europesays.com\/fr\/wp-json\/wp\/v2\/posts\/379179","targetHints":{"allow":["GET"]}}],"collection":[{"href":"https:\/\/www.europesays.com\/fr\/wp-json\/wp\/v2\/posts"}],"about":[{"href":"https:\/\/www.europesays.com\/fr\/wp-json\/wp\/v2\/types\/post"}],"author":[{"embeddable":true,"href":"https:\/\/www.europesays.com\/fr\/wp-json\/wp\/v2\/users\/2"}],"replies":[{"embeddable":true,"href":"https:\/\/www.europesays.com\/fr\/wp-json\/wp\/v2\/comments?post=379179"}],"version-history":[{"count":0,"href":"https:\/\/www.europesays.com\/fr\/wp-json\/wp\/v2\/posts\/379179\/revisions"}],"wp:featuredmedia":[{"embeddable":true,"href":"https:\/\/www.europesays.com\/fr\/wp-json\/wp\/v2\/media\/379180"}],"wp:attachment":[{"href":"https:\/\/www.europesays.com\/fr\/wp-json\/wp\/v2\/media?parent=379179"}],"wp:term":[{"taxonomy":"category","embeddable":true,"href":"https:\/\/www.europesays.com\/fr\/wp-json\/wp\/v2\/categories?post=379179"},{"taxonomy":"post_tag","embeddable":true,"href":"https:\/\/www.europesays.com\/fr\/wp-json\/wp\/v2\/tags?post=379179"}],"curies":[{"name":"wp","href":"https:\/\/api.w.org\/{rel}","templated":true}]}}