{"id":379183,"date":"2025-09-10T02:20:14","date_gmt":"2025-09-10T02:20:14","guid":{"rendered":"https:\/\/www.europesays.com\/fr\/379183\/"},"modified":"2025-09-10T02:20:14","modified_gmt":"2025-09-10T02:20:14","slug":"ce-qui-est-prevu-a-marseille-et-dans-les-bouches-du-rhone","status":"publish","type":"post","link":"https:\/\/www.europesays.com\/fr\/379183\/","title":{"rendered":"ce qui est pr\u00e9vu \u00e0 Marseille et dans les Bouches-du-Rh\u00f4ne"},"content":{"rendered":"<p>            Par<br \/>\n        <strong><br \/>\n            <a href=\"https:\/\/actu.fr\/auteur\/thibault-nadal-actu-fr\" title=\"Consulter tous les articles de Thibault Nadal\" rel=\"nofollow noopener\" target=\"_blank\">Thibault Nadal<\/a><br \/>\n        <\/strong><\/p>\n<p>        Publi\u00e9 le<\/p>\n<p>            9 sept. 2025 \u00e0 13h33        <\/p>\n<p>Un mouvement in\u00e9dit, mais <strong>difficile \u00e0 quantifier<\/strong>. Ce mercredi 10\u00a0septembre 2025, le mouvement social \u00ab\u2009Bloquons tout\u2009\u00bb s\u2019appr\u00eate \u00e0 d\u00e9ferler sur la France, au point d\u2019inqui\u00e9ter fortement les autorit\u00e9s.<\/p>\n<p class=\" wall-content\">M\u00eame si son caract\u00e8re in\u00e9dit, rappelant les Gilets Jaunes \u2013 il <strong>n\u2019est pas organis\u00e9 par un syndicat ou un parti<\/strong> \u2013 le rend impr\u00e9visible.<\/p>\n<p class=\" wall-content\">\u00c0 <a href=\"https:\/\/actu.fr\/marseille\/\" rel=\"nofollow noopener\" target=\"_blank\">Marseille<\/a> et dans <a href=\"https:\/\/actu.fr\/provence-alpes-cote-d-azur\/bouches-du-rhone_13\" rel=\"nofollow noopener\" target=\"_blank\">les Bouches-du-Rh\u00f4ne<\/a>, plusieurs <a href=\"https:\/\/actu.fr\/tag\/manifestations\" rel=\"nofollow noopener\" target=\"_blank\">manifestations<\/a> sont pr\u00e9vues. Voici ceux connus pour le moment.<\/p>\n<p>Cinq lieux de rassemblement<\/p>\n<p class=\" wall-content\">Dans la cit\u00e9 phoc\u00e9enne, il faudra \u00eatre matinal avec plusieurs rassemblements pr\u00e9vus <strong>d\u00e8s 6h30<\/strong>.<\/p>\n<p class=\" wall-content\">Ils sont r\u00e9partis aux <strong>quatre coins de la ville<\/strong>\u2009: m\u00e9tro La Rose (13e), Porte d\u2019Aix (1er, 2e et 3e), le parking du McDo \u00e0 La Valentine (11e) et place Castellane (6e).<\/p>\n<p class=\" wall-content\">Un autre rassemblement est pr\u00e9vu un peu plus tard dans la matin\u00e9e, \u00e0 10h, aux <strong>R\u00e9form\u00e9s<\/strong> dans le 1er arrondissement.<\/p>\n<p class=\" wall-content\">Mais pour s\u2019y rendre, il faudra se m\u00e9fier, puisqu\u2019un <a href=\"https:\/\/actu.fr\/provence-alpes-cote-d-azur\/marseille_13055\/bloquons-tout-le-10-septembre-rtm-sncf-quel-impact-sur-les-transports-a-marseille_63132116.html\" rel=\"nofollow noopener\" target=\"_blank\">mouvement de gr\u00e8ve est annonc\u00e9 \u00e0 la RTM<\/a>. Mais selon les pr\u00e9visions, il <strong>devrait \u00eatre peu suivi<\/strong>. Dans l\u2019a\u00e9rien, des perturbations sont \u00e0 pr\u00e9voir en soir\u00e9e \u00e0 l\u2019a\u00e9roport Marseille-Provence. Enfin, sur les rails, seuls les TER seront touch\u00e9s.<\/p>\n<p>Votre r\u00e9gion, votre actu !<\/p>\n<p>Recevez chaque jour les infos qui comptent pour vous.<\/p>\n<p>\t<a href=\"https:\/\/actu.fr\/newsletter\" class=\"ac-btn ac-btn--corner ac-btn--medium ac-btn--blue800\" rel=\"nofollow noopener\" target=\"_blank\">S&rsquo;incrire<\/a><br \/>\nLes rassemblements dans les Bouches-du-Rh\u00f4ne<\/p>\n<p class=\" wall-content\">Un mouvement de gr\u00e8ve qui pourrait s\u2019\u00e9tendre dans plusieurs secteurs, comme <strong>la sant\u00e9, l\u2019\u00e9ducation ou le maritime<\/strong>. Des appels ont \u00e9t\u00e9 lanc\u00e9s par les syndicats comme au port de Fos-sur-Mer.<\/p>\n<p class=\" wall-content\">Dans le reste du d\u00e9partement, plusieurs rassemblements sont pr\u00e9vus dans beaucoup de villes.<\/p>\n<p class=\" wall-content\"><strong>Voici les principaux<\/strong>\u2009:<\/p>\n<ul class=\" wall-content\">\n<li>Aux Pennes-Mirabeau, les manifestants appellent \u00e0 un \u00ab\u2009blocage de l\u2019autoroute du littoral\u2009\u00bb. Le rendez-vous est fix\u00e9 \u00e0 10 au rond-point de \u00ab\u2009Coca Cola\u2009\u00bb.<\/li>\n<li>\u00c0 Aix-en-Provence, le rassemblement a lieu \u00e0 12h \u00e0 la Rotonde.<\/li>\n<li>Attention si vous avez pr\u00e9vu d\u2019aller faire du shopping ce mercredi pour compl\u00e9ter les fournitures manquantes\u2009: un rassemblement est pr\u00e9vu au rond-point de Sept\u00e8mes-les-Vallons avec l\u2019objectif de bloquer Plan-de-Campagne.<\/li>\n<li>Enfin, \u00e0 Roquevaire, une op\u00e9ration p\u00e9age gratuit de l\u2019\u00c9toile est organis\u00e9e d\u00e8s 7h.<\/li>\n<\/ul>\n<p class=\" wall-content\">Pour retrouver son rassemblement, <a href=\"https:\/\/cartedesagbfc.gogocarto.fr\/map#\/fiche\/Piquet-de-greve-technicentre-SNCF-de-Chatillon-et-assemblee-interpro\/G8\/@48.808,2.300,12z?cat=all\" rel=\"nofollow noopener\" target=\"_blank\">une carte interactive a \u00e9t\u00e9 mise en ligne ces derniers jours<\/a>.<\/p>\n<p>Un important dispositif de s\u00e9curit\u00e9<\/p>\n<p class=\" wall-content\">En raison de la difficult\u00e9 \u00e0 recenser le mouvement et de sa potentielle dangerosit\u00e9, les autorit\u00e9s ont d\u00e9cid\u00e9 de montrer les muscles avec 80\u2009000 policiers et gendarmes d\u00e9ploy\u00e9s dans tout le pays.<\/p>\n<p class=\" wall-content\">\u00c0 Marseille, le dispositif exact n\u2019a pas \u00e9t\u00e9 d\u00e9voil\u00e9 par la pr\u00e9fecture qui nous fait savoir seulement que <strong>\u00ab\u2009plusieurs unit\u00e9s de forces mobiles, en soutien des effectifs locaux, sont en mesure d\u2019\u00eatre d\u00e9ploy\u00e9s\u2009\u00bb<\/strong>. \u00ab\u2009L\u2019id\u00e9e est d\u2019anticiper un dispositif agile, capable de s\u2019adapter et\/ou de monter en puissance en cas d\u2019\u00e9volution et de besoin\u2009\u00bb, poursuit-elle.<\/p>\n<p class=\" wall-content\">Pour \u00e9viter la casse comme lors du mouvement des Gilets Jaunes en 2018, la pr\u00e9fecture de Police assure \u00eatre \u00ab\u2009en contact avec les repr\u00e9sentants des organisations professionnelles comme celles commer\u00e7antes\u2009\u00bb.<\/p>\n<p class=\" wall-content\">Personnalisez votre actualit\u00e9 en ajoutant vos villes et m\u00e9dias en favori avec <a href=\"https:\/\/moncompte.actu.fr\" title=\"D\u00e9couvez Mon Actu\" rel=\"nofollow noopener\" data-trk=\"{&quot;cta&quot;:{&quot;action&quot;:&quot;https:\\\/\\\/moncompte.actu.fr&quot;,&quot;category&quot;:&quot;mon compte&quot;,&quot;from&quot;:&quot;article footer&quot;,&quot;name&quot;:&quot;Mon actu&quot;,&quot;type&quot;:&quot;cta&quot;}}\" target=\"_blank\">Mon Actu<\/a>.<\/p>\n","protected":false},"excerpt":{"rendered":"Par Thibault Nadal Publi\u00e9 le 9 sept. 2025 \u00e0 13h33 Un mouvement in\u00e9dit, mais difficile \u00e0 quantifier. Ce&hellip;\n","protected":false},"author":2,"featured_media":379184,"comment_status":"","ping_status":"","sticky":false,"template":"","format":"standard","meta":{"footnotes":""},"categories":[2814],"tags":[1111,11,47212,1777,674,1011,27,1272,884,12,882,25,104],"class_list":{"0":"post-379183","1":"post","2":"type-post","3":"status-publish","4":"format-standard","5":"has-post-thumbnail","7":"category-marseille","8":"tag-actu","9":"tag-actualites","10":"tag-bloquons-tout","11":"tag-eu","12":"tag-europe","13":"tag-fr","14":"tag-france","15":"tag-manifestations","16":"tag-marseille","17":"tag-news","18":"tag-provence-alpes-cote-dazur","19":"tag-republique-francaise","20":"tag-societe"},"share_on_mastodon":{"url":"https:\/\/pubeurope.com\/@fr\/115177614444048065","error":""},"_links":{"self":[{"href":"https:\/\/www.europesays.com\/fr\/wp-json\/wp\/v2\/posts\/379183","targetHints":{"allow":["GET"]}}],"collection":[{"href":"https:\/\/www.europesays.com\/fr\/wp-json\/wp\/v2\/posts"}],"about":[{"href":"https:\/\/www.europesays.com\/fr\/wp-json\/wp\/v2\/types\/post"}],"author":[{"embeddable":true,"href":"https:\/\/www.europesays.com\/fr\/wp-json\/wp\/v2\/users\/2"}],"replies":[{"embeddable":true,"href":"https:\/\/www.europesays.com\/fr\/wp-json\/wp\/v2\/comments?post=379183"}],"version-history":[{"count":0,"href":"https:\/\/www.europesays.com\/fr\/wp-json\/wp\/v2\/posts\/379183\/revisions"}],"wp:featuredmedia":[{"embeddable":true,"href":"https:\/\/www.europesays.com\/fr\/wp-json\/wp\/v2\/media\/379184"}],"wp:attachment":[{"href":"https:\/\/www.europesays.com\/fr\/wp-json\/wp\/v2\/media?parent=379183"}],"wp:term":[{"taxonomy":"category","embeddable":true,"href":"https:\/\/www.europesays.com\/fr\/wp-json\/wp\/v2\/categories?post=379183"},{"taxonomy":"post_tag","embeddable":true,"href":"https:\/\/www.europesays.com\/fr\/wp-json\/wp\/v2\/tags?post=379183"}],"curies":[{"name":"wp","href":"https:\/\/api.w.org\/{rel}","templated":true}]}}