{"id":379187,"date":"2025-09-10T02:22:10","date_gmt":"2025-09-10T02:22:10","guid":{"rendered":"https:\/\/www.europesays.com\/fr\/379187\/"},"modified":"2025-09-10T02:22:10","modified_gmt":"2025-09-10T02:22:10","slug":"musiques-lyon-un-automne-sous-le-signe-de-lemergence-par-fabrizio-migliorati","status":"publish","type":"post","link":"https:\/\/www.europesays.com\/fr\/379187\/","title":{"rendered":"Musiques Lyon &#8211; Un automne sous le signe de l&rsquo;\u00e9mergence par Fabrizio Migliorati"},"content":{"rendered":"<p itemprop=\"description\" style=\"font-weight: 600;\">Nouvelle vague \/ La sc\u00e8ne \u00e9mergente lyonnaise ne cesse de vibrer : entre folk en clair-obscur, pop solaire, rap introspectif, punk rageur et \u00e9lectro hallucin\u00e9e, de jeunes projets \u00e9closent en concerts jusqu&rsquo;\u00e0 d\u00e9cembre. Tour d&rsquo;horizon d&rsquo;une g\u00e9n\u00e9ration qui dessine le futur sonore de la m\u00e9tropole.<\/p>\n<p><img decoding=\"async\" src=\"https:\/\/www.europesays.com\/fr\/wp-content\/uploads\/2025\/09\/2025-09-09-22-15-20_SendMeLoveLettersGlastonburycrditsClmentMaurySD.jpg\" alt=\"\"\/><\/p>\n<p style=\"font-size:12px;\">Photo : Send me love letters \/ Glastonbury \u00a9 Cl\u00e9ment Maury<\/p>\n<p>Apr\u00e8s avoir vu \u00e9clore ces derni\u00e8res ann\u00e9es des figures comme Th\u00e9o Charaf, Raoul Vignal, eat-girls, Bandit bandit, Claire days ou Menace Santana, la m\u00e9tropole rhodanienne d\u00e9voile une nouvelle vague pr\u00eate \u00e0 confirmer les attentes : le renouveau s&rsquo;invite dans les programmations des salles jusqu&rsquo;\u00e0 la fin de l&rsquo;ann\u00e9e.<\/p>\n<p>Le <a href=\"https:\/\/www.petit-bulletin.fr\/..\/article-79972-vingt-ans-a-feyzin-l-epicerie-moderne-comme-geste-vivant.html\" target=\"_blank\" rel=\"noopener\">week-end concoct\u00e9 par l&rsquo;\u00c9picerie moderne<\/a>, qui f\u00eatera ses 20 ans avec une affiche \u00e9clectique m\u00ealant figures install\u00e9es et jeunes pousses r\u00e9gionales, marque le r\u00e9v\u00e9lateur de cette tendance : sept groupes et deux DJ de la r\u00e9gion viendront rappeler que Lyon et ses environs restent un foyer privil\u00e9gi\u00e9 d&rsquo;\u00e9mergence musicale, attach\u00e9 \u00e0 faire surgir ce qui bouillonne dans les caves, les clubs confidentiels et les studios alentour.<\/p>\n<\/p>\n<p>Pop, rock et folk sous tension po\u00e9tique<\/p>\n<p>Le March\u00e9 gare propose \u00e9galement de mettre en lumi\u00e8re cette effervescence. <a href=\"https:\/\/www.instagram.com\/majoramusicband\/\" target=\"_blank\" rel=\"noopener\">Majora<\/a>, projet d&rsquo;Alexis Jaskowiec et Maeva Ramanana-Rahary, nous invitera le 23 septembre \u00e0 une m\u00e9lancolie lumineuse ; puis les fr\u00e8res de <a href=\"https:\/\/terrenoire.store\/\" target=\"_blank\" rel=\"noopener\">Terrenoire<\/a> d\u00e9ploieront avec gr\u00e2ce leur pop baroque et envo\u00fbtante. Dans la m\u00eame salle, <a href=\"https:\/\/sendmeloveletters.fr\/\" target=\"_blank\" rel=\"noopener\">Send me love letters<\/a> livrera en novembre une release party nourrie de guitares rugueuses et d&rsquo;\u00e9motion brute, tandis qu&rsquo;<a href=\"https:\/\/www.instagram.com\/aftergeographymusic\/\" target=\"_blank\" rel=\"noopener\">After geography<\/a> choisira une veine m\u00e9lodique, h\u00e9riti\u00e8re de la britpop. Plus intimiste, le P\u00e9riscope accueillera <a href=\"https:\/\/www.instagram.com\/thisiscaiman\/\" target=\"_blank\" rel=\"noopener\">Ca\u00efman<\/a> et ses boucles incantatoires empreintes d&rsquo;onirisme lucide et de po\u00e9sie vein\u00e9e de m\u00e9lancolie, ainsi qu&rsquo;<a href=\"https:\/\/duretdoux.com\/en\/home\/artists\/oasis-boom\/\" target=\"_blank\" rel=\"noopener\">Oasis boom<\/a>, m\u00e9lange hypnotique de jazz et exp\u00e9rimentations sonores.<\/p>\n<\/p>\n<p>Metal et punk : col\u00e8res partag\u00e9es<\/p>\n<p>\u00c0 D\u00e9cines, le Warmaudio, lieu incontournable de r\u00e9sonance de projets radicaux, accueillera <a href=\"https:\/\/banquiseofficial.com\/\" target=\"_blank\" rel=\"noopener\">Banquise<\/a>, dont le metalcore tranchant s&rsquo;impose d\u00e9j\u00e0 comme une nouvelle r\u00e9f\u00e9rence, et <a href=\"https:\/\/freaksight.bandcamp.com\/album\/all-for-nothing\" target=\"_blank\" rel=\"noopener\">Freaksight<\/a>, o\u00f9 thrash et modernit\u00e9 s&rsquo;entrelacent. L&rsquo;\u00e9nergie s&rsquo;av\u00e8re tout aussi radicale du c\u00f4t\u00e9 du Trokson, avec la release party de <a href=\"https:\/\/lahess.bandcamp.com\/\" target=\"_blank\" rel=\"noopener\">La hess<\/a>, dont le punk abrasif, entre crust et powerviolence, promet une claque sonore. Quelques pas plus loin, au Kraspek, <a href=\"https:\/\/www.instagram.com\/folloi.music\/\" target=\"_blank\" rel=\"noopener\">Follo\u00ef<\/a> entrechoquera po\u00e9sie et tension post-punk.<\/p>\n<\/p>\n<p>Rap et \u00e9lectro, vertiges contemporains<\/p>\n<p>La vivacit\u00e9 du hip-hop lyonnais s&rsquo;affirme elle aussi dans les salles lyonnaises : <a href=\"https:\/\/www.instagram.com\/okis_69_\/\" target=\"_blank\" rel=\"noopener\">Okis<\/a>, attendu au March\u00e9 Gare, d\u00e9roulera son flow spectral, tandis que <a href=\"https:\/\/www.instagram.com\/fleursousbitume\/\" target=\"_blank\" rel=\"noopener\">Fleur sous bitume<\/a>, au Kraspek, distillera sa noirceur diaphane. Enfin, impossible d&rsquo;ignorer la sc\u00e8ne \u00e9lectro dans une ville qui fait danser d\u00e9sormais le monde entier : <a href=\"https:\/\/www.instagram.com\/warzou_bigscience\/\" target=\"_blank\" rel=\"noopener\">Warzou<\/a>, au Transbordeur, sculptera des sets massifs o\u00f9 les basses grondent, et <a href=\"https:\/\/velmuse.bandcamp.com\/music\" target=\"_blank\" rel=\"noopener\">Vel<\/a>, au Sucre, tissera de son c\u00f4t\u00e9 des atmosph\u00e8res mouvantes, entre profondeur abyssale et clart\u00e9s fragiles.<\/p>\n<\/p>\n<p>En ce dernier pan de l&rsquo;ann\u00e9e, la sc\u00e8ne \u00e9mergente lyonnaise se d\u00e9voile ainsi dans une programmation fourmillante et audacieuse : pop et folk s&rsquo;y teintent de clair-obscur, m\u00e9tal et punk r\u00e9inventent la rage, rap et \u00e9lectro proposent de nouvelles formes de vertige. Une g\u00e9n\u00e9ration en train de s&rsquo;affirmer, dans une ville qui r\u00e9siste \u00e0 toute tentative d&rsquo;aseptisation et de pass\u00e9isme sonore.<\/p>\n<p><script async src=\"\/\/www.instagram.com\/embed.js\"><\/script><\/p>\n","protected":false},"excerpt":{"rendered":"Nouvelle vague \/ La sc\u00e8ne \u00e9mergente lyonnaise ne cesse de vibrer : entre folk en clair-obscur, pop solaire,&hellip;\n","protected":false},"author":2,"featured_media":379188,"comment_status":"","ping_status":"","sticky":false,"template":"","format":"standard","meta":{"footnotes":""},"categories":[1889],"tags":[1111,11,2430,30539,51259,1777,674,51263,1011,27,51261,51262,2428,51256,1698,12,51260,50711,25,51258,51257,47420,51264],"class_list":{"0":"post-379187","1":"post","2":"type-post","3":"status-publish","4":"format-standard","5":"has-post-thumbnail","7":"category-lyon","8":"tag-actu","9":"tag-actualites","10":"tag-auvergne-rhone-alpes","11":"tag-banquise","12":"tag-caiman","13":"tag-eu","14":"tag-europe","15":"tag-folloi","16":"tag-fr","17":"tag-france","18":"tag-freaksight","19":"tag-la-hess","20":"tag-lyon","21":"tag-majora","22":"tag-musiques","23":"tag-news","24":"tag-oasis-boom","25":"tag-okis","26":"tag-republique-francaise","27":"tag-send-me-love-letters","28":"tag-terrenoire","29":"tag-vel","30":"tag-warzou"},"share_on_mastodon":{"url":"https:\/\/pubeurope.com\/@fr\/115177622439402614","error":""},"_links":{"self":[{"href":"https:\/\/www.europesays.com\/fr\/wp-json\/wp\/v2\/posts\/379187","targetHints":{"allow":["GET"]}}],"collection":[{"href":"https:\/\/www.europesays.com\/fr\/wp-json\/wp\/v2\/posts"}],"about":[{"href":"https:\/\/www.europesays.com\/fr\/wp-json\/wp\/v2\/types\/post"}],"author":[{"embeddable":true,"href":"https:\/\/www.europesays.com\/fr\/wp-json\/wp\/v2\/users\/2"}],"replies":[{"embeddable":true,"href":"https:\/\/www.europesays.com\/fr\/wp-json\/wp\/v2\/comments?post=379187"}],"version-history":[{"count":0,"href":"https:\/\/www.europesays.com\/fr\/wp-json\/wp\/v2\/posts\/379187\/revisions"}],"wp:featuredmedia":[{"embeddable":true,"href":"https:\/\/www.europesays.com\/fr\/wp-json\/wp\/v2\/media\/379188"}],"wp:attachment":[{"href":"https:\/\/www.europesays.com\/fr\/wp-json\/wp\/v2\/media?parent=379187"}],"wp:term":[{"taxonomy":"category","embeddable":true,"href":"https:\/\/www.europesays.com\/fr\/wp-json\/wp\/v2\/categories?post=379187"},{"taxonomy":"post_tag","embeddable":true,"href":"https:\/\/www.europesays.com\/fr\/wp-json\/wp\/v2\/tags?post=379187"}],"curies":[{"name":"wp","href":"https:\/\/api.w.org\/{rel}","templated":true}]}}