{"id":379189,"date":"2025-09-10T02:23:17","date_gmt":"2025-09-10T02:23:17","guid":{"rendered":"https:\/\/www.europesays.com\/fr\/379189\/"},"modified":"2025-09-10T02:23:17","modified_gmt":"2025-09-10T02:23:17","slug":"a-lyon-les-commercants-se-preparent-a-un-10-septembre-agite-et-redoutent-la-suite","status":"publish","type":"post","link":"https:\/\/www.europesays.com\/fr\/379189\/","title":{"rendered":"\u00e0 Lyon, les commer\u00e7ants se pr\u00e9parent \u00e0 un 10\u00a0septembre agit\u00e9 et redoutent la suite"},"content":{"rendered":"<p><strong>REPORTAGE &#8211;<\/strong> Dans le centre de Lyon, certains commer\u00e7ants ont d\u00e9j\u00e0 barricad\u00e9 leur boutique dans l\u2019attente de la mobilisation du mercredi 10 septembre, qui devrait se cristalliser dans un premier temps autour de la pr\u00e9fecture.<\/p>\n<p class=\"fig-paragraph\">\u00abOn est dans l\u2019expectative\u00bb. Comme partout en France, les commer\u00e7ants lyonnais tentent d\u2019y voir plus clair sur la mobilisation baptis\u00e9e\u00a0<a href=\"http:\/\/www.lefigaro.fr\/actualite-france\/qui-est-julien-marissiaux-le-nordiste-antisysteme-nostalgique-des-gilets-jaune-aux-origines-du-mouvement-bloquons-tout-20250907\" data-fig-type=\"Article\" data-gtm-custom-categorie=\"navigation\" data-gtm-custom-action=\"crossclick\" data-gtm-custom-label=\"Contextuel\" data-gtm-event=\"customEventSPE\" data-fig-domain=\"LEFIGARO\" target=\"_blank\" rel=\"noopener\">\u00abBloquons tout\u00bb<\/a>\u00a0annonc\u00e9e mercredi 10 septembre pour demander notamment la\u00a0<a href=\"http:\/\/www.lefigaro.fr\/conjoncture\/demission-de-macron-nouveau-premier-ministre-sur-internet-les-parieurs-speculent-apres-la-chute-du-gouvernement-20250909\" data-fig-type=\"NewsFlash\" data-gtm-custom-categorie=\"navigation\" data-gtm-custom-action=\"crossclick\" data-gtm-custom-label=\"Contextuel\" data-gtm-event=\"customEventSPE\" data-fig-domain=\"LEFIGARO\" target=\"_blank\" rel=\"noopener\">d\u00e9mission d\u2019Emmanuel Macron<\/a>. Dans l\u2019hypercentre, certains magasins des rues commer\u00e7antes partant de la\u00a0<a href=\"http:\/\/www.lefigaro.fr\/lyon\/lyon-a-peine-inauguree-l-ombriere-a-1-6-million-d-euros-de-la-place-bellecour-deja-degradee-20250721\" data-fig-type=\"NewsFlash\" data-gtm-custom-categorie=\"navigation\" data-gtm-custom-action=\"crossclick\" data-gtm-custom-label=\"Contextuel\" data-gtm-event=\"customEventSPE\" data-fig-domain=\"LEFIGARO\" target=\"_blank\" rel=\"noopener\">place Bellecour<\/a>\u00a0se barricadent d\u00e9j\u00e0, comme au plus fort des manifestations contre la r\u00e9forme des retraites ou du mouvement des \u00abgilets jaunes\u00bb. De grands panneaux de bois sont pos\u00e9s sur les vitrines de boutiques de sportswear ou de t\u00e9l\u00e9phonie.<\/p>\n<p class=\"fig-paragraph\">\u00abOn pr\u00e9f\u00e8re pr\u00e9venir que gu\u00e9rir, lance le g\u00e9rant d\u2019un magasin d\u2019\u00e9lectronique de la place Bellecour, o\u00f9 le soleil ne perce plus derri\u00e8re les plaques de m\u00e9lamin\u00e9. On a d\u00e9j\u00e0 \u00e9t\u00e9 victime de certains faits\u00bb. \u00abC\u2019est annonc\u00e9 comme une grosse manif, donc on prend nos pr\u00e9cautions\u00bb, reprend en \u00e9cho la responsable d\u2019un magasin d\u2019habillement de la rue de la R\u00e9publique. Apr\u00e8s consultations entre elles, certaines autres enseignes de mode vont faire de m\u00eame.<\/p>\n<p>                                    <a class=\"fig-a11y-skip a11y-hidden\" href=\"#fig-a11y-skip-main-inarticle\"><br \/>\n        Passer la publicit\u00e9<br \/>\n    <\/a><\/p>\n<p class=\"fig-paragraph\">La pr\u00e9fecture avait fait passer des consignes d\u2019anticipation via la Chambre de commerce et d\u2019Industrie. De son c\u00f4t\u00e9, l\u2019association de commer\u00e7ants \u00abMy Presqu\u2019\u00eele\u00bb a transmis \u00e0 ses adh\u00e9rentes l\u2019information selon laquelle des manifestations sont pr\u00e9vues. \u00abOn ne sait pas ce que \u00e7a va donner, comment vont \u00e9voluer les rassemblements, si d\u2019autres rassemblements spontan\u00e9s vont se cr\u00e9er, commente Johana Benedetti, sa pr\u00e9sidente. On ne sait pas \u00e0 quoi s\u2019attendre. Certains disent que le mouvement va ressembler \u00e0 Nuit debout, d\u2019autres aux \u201cgilets jaunes\u201d\u00bb. Ils craignent surtout les pillages cibl\u00e9s comme lors des\u00a0<a href=\"http:\/\/www.lefigaro.fr\/actualite-france\/dossier\/emeutes-en-france-apres-la-mort-de-nahel-notre-dossier-pour-tout-comprendre\" data-fig-type=\"Topic\" data-gtm-custom-categorie=\"navigation\" data-gtm-custom-action=\"crossclick\" data-gtm-custom-label=\"Contextuel\" data-gtm-event=\"customEventSPE\" data-fig-domain=\"LEFIGARO\" target=\"_blank\" rel=\"noopener\">\u00e9meutes de juillet 2023, cons\u00e9cutives \u00e0 la mort de Nahel<\/a>.<\/p>\n<p>\u00abSavoir si \u00e7a va durer\u00bb<\/p>\n<p class=\"fig-paragraph\">\u00abCeux qui se barricadent sont ceux qui en ont les moyens, indique Johanna Benedetti, parce que \u00e7a co\u00fbte tr\u00e8s cher. Ce sont des miroitiers qui interviennent parce qu\u2019il faut fixer ces grands panneaux de bois puis les d\u00e9poser. Les commer\u00e7ants se demandent surtout si cela va durer dans le temps.\u00bb Elle se f\u00e9licite de l\u2019importante mobilisation des forces de l\u2019ordre annonc\u00e9e par le minist\u00e8re de l\u2019Int\u00e9rieur. Ils seront 1300 policiers et gendarmes \u00e0 Lyon, 7000 dans la r\u00e9gion, indique la pr\u00e9fecture du Rh\u00f4ne au Figaro.<\/p>\n<p class=\"fig-paragraph\"><a href=\"http:\/\/www.lefigaro.fr\/lyon\/a-lyon-le-pot-de-depart-de-francois-bayrou-disperse-par-les-forces-de-l-ordre-apres-une-manifestation-sauvage-20250909\" data-fig-type=\"NewsFlash\" data-gtm-custom-categorie=\"navigation\" data-gtm-custom-action=\"crossclick\" data-gtm-custom-label=\"Contextuel\" data-gtm-event=\"customEventSPE\" data-fig-domain=\"LEFIGARO\" target=\"_blank\" rel=\"noopener\">Des d\u00e9gradations ont d\u00e9j\u00e0 eu lieu lundi soir<\/a>, en marge du rassemblement en guise de\u00a0<a href=\"http:\/\/www.lefigaro.fr\/politique\/francois-bayrou-et-son-gouvernement-tombent-la-france-sombre-de-nouveau-dans-la-crise-politique-20250908\" data-fig-type=\"Article\" data-gtm-custom-categorie=\"navigation\" data-gtm-custom-action=\"crossclick\" data-gtm-custom-label=\"Contextuel\" data-gtm-event=\"customEventSPE\" data-fig-domain=\"LEFIGARO\" target=\"_blank\" rel=\"noopener\">\u00abpot de d\u00e9part\u00bb de Fran\u00e7ois Bayrou<\/a>\u00a0tenu sur la place des Terreaux. La CRS 83, sp\u00e9cialis\u00e9e dans le maintien de l\u2019ordre de haute intensit\u00e9 en milieu urbain \u00e9tait d\u00e9ploy\u00e9e dans le centre-ville pour \u00e9viter les d\u00e9bordements et encadrer puis disperser les cort\u00e8ges sauvages. Elle le sera de nouveau mercredi, mais a priori pas \u00e0 Bellecour.<\/p>\n<p class=\"fig-paragraph\">Le principal point de rassemblement, \u00e0 Lyon, est en r\u00e9alit\u00e9 pr\u00e9vu place Guichard, non loin de la pr\u00e9fecture, indique une source s\u00e9curitaire. Un dispositif important sera d\u00e9ploy\u00e9 pour assurer la s\u00e9curit\u00e9 du b\u00e2timent en dispersant d\u2019\u00e9ventuels fauteurs de troubles et en les interpellant. Un dispositif annonc\u00e9 mobile en cas de reformation de cort\u00e8ge, avec des\u00a0<a href=\"https:\/\/video.lefigaro.fr\/figaro\/video\/le-centaure-nouveau-vehicule-blinde-polyvalent-de-la-gendarmerie\/\" target=\"_blank\" data-fig-type=\"Video\" rel=\"sponsored noopener\" data-gtm-custom-categorie=\"navigation\" data-gtm-custom-action=\"crossclick\" data-gtm-custom-label=\"Contextuel\" data-gtm-event=\"customEventSPE\" data-fig-domain=\"VIDEO\">v\u00e9hicules Centaures<\/a>\u00a0pr\u00e9positionn\u00e9s.<\/p>\n<p class=\"fig-body-link\">\n            \u00c0 lire aussi<br \/>\n        <a class=\"fig-body-link__link\" href=\"http:\/\/www.lefigaro.fr\/lyon\/mouvement-du-10-septembre-la-prefete-du-rhone-dement-avoir-donne-des-consignes-de-laxisme-aux-policiers-20250904\" data-fig-type=\"NewsFlash\" data-gtm-custom-categorie=\"navigation\" data-gtm-custom-action=\"crossclick\" data-gtm-custom-label=\"Contextuel\" data-gtm-event=\"customEventSPE\" data-fig-domain=\"LEFIGARO\" target=\"_blank\" rel=\"noopener\">Mouvement du 10 septembre\u00a0: la pr\u00e9f\u00e8te du Rh\u00f4ne d\u00e9ment avoir donn\u00e9 des consignes de laxisme aux policiers<br \/>\n    <\/a>\n<\/p>\n<p class=\"fig-paragraph\">Parmi les nombreux autres points de blocage annonc\u00e9s aux alentours de Lyon, c\u2019est \u00e0 la raffinerie de Feyzin que devraient d\u00e9marrer les hostilit\u00e9s, d\u00e8s la fin de nuit, au sud de l\u2019agglom\u00e9ration. C\u00f4t\u00e9 route, des actions sont pr\u00e9vues \u00e0\u00a0<a href=\"http:\/\/www.lefigaro.fr\/lyon\/lyon-veut-ouvrir-perrache-la-verrue-de-la-presqu-ile-coincee-dans-les-annees-70-20250222\" data-fig-type=\"NewsFlash\" data-gtm-custom-categorie=\"navigation\" data-gtm-custom-action=\"crossclick\" data-gtm-custom-label=\"Contextuel\" data-gtm-event=\"customEventSPE\" data-fig-domain=\"LEFIGARO\" target=\"_blank\" rel=\"noopener\">Perrache<\/a>, au sud de Lyon, et au p\u00e9age de\u00a0<a href=\"http:\/\/www.lefigaro.fr\/lyon\/ils-ont-cible-le-domicile-d-un-voisin-un-pavillon-vise-par-un-commando-anti-gardiens-de-prison-incendie-et-rafale-pres-de-lyon-20250422\" data-fig-type=\"NewsFlash\" data-gtm-custom-categorie=\"navigation\" data-gtm-custom-action=\"crossclick\" data-gtm-custom-label=\"Contextuel\" data-gtm-event=\"customEventSPE\" data-fig-domain=\"LEFIGARO\" target=\"_blank\" rel=\"noopener\">Saint-Quentin-Fallavier,<\/a>\u00a0dans le nord du d\u00e9partement voisin de l\u2019Is\u00e8re. Ce mardi une tentative de blocage du boulevard p\u00e9riph\u00e9rique nord a d\u2019ores et d\u00e9j\u00e0 \u00e9t\u00e9 emp\u00each\u00e9e par les forces de l\u2019ordre, qui ont interpell\u00e9 trois personnes.<\/p>\n","protected":false},"excerpt":{"rendered":"REPORTAGE &#8211; Dans le centre de Lyon, certains commer\u00e7ants ont d\u00e9j\u00e0 barricad\u00e9 leur boutique dans l\u2019attente de la&hellip;\n","protected":false},"author":2,"featured_media":379190,"comment_status":"","ping_status":"","sticky":false,"template":"","format":"standard","meta":{"footnotes":""},"categories":[1889],"tags":[1111,11,2430,1777,674,1011,27,2428,2088,12,25,51265],"class_list":{"0":"post-379189","1":"post","2":"type-post","3":"status-publish","4":"format-standard","5":"has-post-thumbnail","7":"category-lyon","8":"tag-actu","9":"tag-actualites","10":"tag-auvergne-rhone-alpes","11":"tag-eu","12":"tag-europe","13":"tag-fr","14":"tag-france","15":"tag-lyon","16":"tag-manifestation","17":"tag-news","18":"tag-republique-francaise","19":"tag-route-bloquee"},"share_on_mastodon":{"url":"https:\/\/pubeurope.com\/@fr\/115177626187499331","error":""},"_links":{"self":[{"href":"https:\/\/www.europesays.com\/fr\/wp-json\/wp\/v2\/posts\/379189","targetHints":{"allow":["GET"]}}],"collection":[{"href":"https:\/\/www.europesays.com\/fr\/wp-json\/wp\/v2\/posts"}],"about":[{"href":"https:\/\/www.europesays.com\/fr\/wp-json\/wp\/v2\/types\/post"}],"author":[{"embeddable":true,"href":"https:\/\/www.europesays.com\/fr\/wp-json\/wp\/v2\/users\/2"}],"replies":[{"embeddable":true,"href":"https:\/\/www.europesays.com\/fr\/wp-json\/wp\/v2\/comments?post=379189"}],"version-history":[{"count":0,"href":"https:\/\/www.europesays.com\/fr\/wp-json\/wp\/v2\/posts\/379189\/revisions"}],"wp:featuredmedia":[{"embeddable":true,"href":"https:\/\/www.europesays.com\/fr\/wp-json\/wp\/v2\/media\/379190"}],"wp:attachment":[{"href":"https:\/\/www.europesays.com\/fr\/wp-json\/wp\/v2\/media?parent=379189"}],"wp:term":[{"taxonomy":"category","embeddable":true,"href":"https:\/\/www.europesays.com\/fr\/wp-json\/wp\/v2\/categories?post=379189"},{"taxonomy":"post_tag","embeddable":true,"href":"https:\/\/www.europesays.com\/fr\/wp-json\/wp\/v2\/tags?post=379189"}],"curies":[{"name":"wp","href":"https:\/\/api.w.org\/{rel}","templated":true}]}}