{"id":379192,"date":"2025-09-10T02:26:12","date_gmt":"2025-09-10T02:26:12","guid":{"rendered":"https:\/\/www.europesays.com\/fr\/379192\/"},"modified":"2025-09-10T02:26:12","modified_gmt":"2025-09-10T02:26:12","slug":"provocation-meme-casting-gifle-les-reactions-politiques-apres-la-nomination-du-nouveau-premier-ministre-sebastien-lecornu","status":"publish","type":"post","link":"https:\/\/www.europesays.com\/fr\/379192\/","title":{"rendered":"\u00ab\u00a0Provocation\u00a0\u00bb, \u00ab\u00a0m\u00eame casting\u00a0\u00bb, \u00ab\u00a0gifle\u00a0\u00bb\u2026 Les r\u00e9actions politiques apr\u00e8s la nomination du nouveau Premier ministre S\u00e9bastien Lecornu"},"content":{"rendered":"\n<p class=\"c-chapo \">\n  Emmanuel Macron a nomm\u00e9 l&rsquo;ancien ministre des Arm\u00e9es, S\u00e9bastien Lecornu, au poste de Premier ministre au lendemain du vote de confiance qui a renvers\u00e9 le gouvernement Bayrou.\n<\/p>\n<p>            lire plus tard<\/p>\n<p id=\"dialog__title\" class=\"dialog__title\">Pour sauvegarder cet article, connectez-vous ou cr\u00e9ez un compte franceinfo<\/p>\n<p class=\"dialog__description\">Sans paiement. Sans abonnement.<\/p>\n<p>        Fermer la fen\u00eatre d\u2019activation des notifications France Info<\/p>\n<p>            cr\u00e9er votre compte<\/p>\n<p>            se connecter<\/p>\n<p>        Fermer la fen\u00eatre de pr\u00e9sentation<\/p>\n<p>    <img loading=\"lazy\" decoding=\"async\" class=\"signature__image lazyload\" width=\"100\" height=\"100\" data- alt=\"\" src=\"https:\/\/www.europesays.com\/fr\/wp-content\/uploads\/2025\/05\/64a7df4c5fe71_placeholder-36b69ec8.png\"\/><\/p>\n<p>    Publi\u00e9 le 09\/09\/2025 21:04<\/p>\n<p>      Mis \u00e0 jour le 09\/09\/2025 21:05<\/p>\n<p>        Temps de lecture : 5min<\/p>\n<p>    <img decoding=\"async\"  alt=\"S\u00e9bastien Lecornu, le 4 septembre 2025. (THOMAS SAMSON \/ AFP)\" width=\"432\" height=\"243\" src=\"https:\/\/www.europesays.com\/fr\/wp-content\/uploads\/2025\/09\/000-73xh6g3-68c0785dcdb2a851514996.jpg\" fetchpriority=\"high\"\/><\/p>\n<p>      S\u00e9bastien Lecornu, le 4 septembre 2025. (THOMAS SAMSON \/ AFP)<\/p>\n<p>Emmanuel Macron n&rsquo;a finalement pas perdu de temps. Mardi 9 septembre, au lendemain de la chute du gouvernement de Fran\u00e7ois Bayrou, le pr\u00e9sident de la R\u00e9publique a finalement annonc\u00e9 dans la soir\u00e9e via un communiqu\u00e9 de l&rsquo;Elys\u00e9e la nomination de S\u00e9bastien Lecornu au poste de Premier ministre.<\/p>\n<p>La gauche d\u00e9nonce \u00ab\u00a0une provocation\u00a0\u00bb<\/p>\n<p>\u00c0 gauche, la pr\u00e9sidente du groupe LFI \u00e0 l&rsquo;Assembl\u00e9e nationale, Mathilde Panot, d\u00e9nonce <a href=\"https:\/\/x.com\/MathildePanot\/status\/1965473208804499594\" target=\"_blank\" rel=\"noopener nofollow\">sur X <\/a>\u00ab\u00a0une<a href=\"https:\/\/x.com\/MathildePanot\/status\/1965473208804499594\" target=\"_blank\" rel=\"noopener nofollow\"> <\/a>provocation\u00a0\u00bb d&rsquo;Emmanuel Macron \u00ab\u00a0\u00e0 la veille du mouvement du 10 septembre\u00a0\u00bb. Selon elle, S\u00e9bastien Lecornu incarne \u00ab\u00a0celui qui face aux gilets jaunes ou aux Guadeloup\u00e9ens en lutte pour le droit \u00e0 l&rsquo;eau n&rsquo;a r\u00e9pondu que par la r\u00e9pression. Celui qui d\u00eene avec Le Pen\u00a0\u00bb. Pour le chef de file des Insoumis, Jean-Luc M\u00e9lenchon, la \u00ab\u00a0r\u00e9ponse de Macron au renversement de Bayrou\u00a0\u00bb est \u00ab\u00a0dor\u00e9navant c&rsquo;est absolument comme auparavant\u00a0\u00bb. Sur X, le leader de la France insoumise estime que \u00ab\u00a0seul le d\u00e9part de Macron lui-m\u00eame peut mettre un terme \u00e0 cette triste com\u00e9die du m\u00e9pris du Parlement, des \u00e9lecteurs et de la d\u00e9cence politique\u00a0\u00bb.<\/p>\n<blockquote class=\"twitter-tweet\">\n<p lang=\"fr\" dir=\"ltr\">R\u00e9ponse de Macron au renversement de Bayrou : dor\u00e9navant c&rsquo;est absolument comme auparavant. <\/p>\n<p>Seul le d\u00e9part de Macron lui-m\u00eame peut mettre un terme \u00e0 cette triste com\u00e9die du m\u00e9pris du Parlement, des \u00e9lecteurs et de la d\u00e9cence politique.<\/p>\n<p>\u2014 Jean-Luc M\u00e9lenchon (@JLMelenchon) <a href=\"https:\/\/twitter.com\/JLMelenchon\/status\/1965475989015994798?ref_src=twsrc%5Etfw\" rel=\"nofollow noopener\" target=\"_blank\">September 9, 2025<\/a><\/p><\/blockquote>\n<p> La d\u00e9put\u00e9e insoumise Cl\u00e9mence Guett\u00e9 d\u00e9nonce \u00e9galement la nomination d&rsquo;un \u00ab\u00a0macroniste de la premi\u00e8re heure\u00a0\u00bb. \u00ab\u00a0Le pr\u00e9sident se replie sur ses derniers fid\u00e8les, agripp\u00e9 \u00e0 son tr\u00f4ne et sans solution pour s&rsquo;en sortir\u00a0\u00bb, cingle l&rsquo;\u00e9lue. Le d\u00e9put\u00e9 de Seine-Saint-Denis, Alexis Corbi\u00e8re, lui, ironise\u00a0: \u00ab\u00a0Lecornu<a href=\"https:\/\/x.com\/hashtag\/Lecornu?src=hashtag_click\" rel=\"nofollow\"> reste \u00e0 La D\u00e9fense. Mais cette fois-ci du seul macronisme finissant. Le ministre des Arm\u00e9es devient un Premier ministre d\u00e9sarm\u00e9, bient\u00f4t censur\u00e9\u00a0\u00bb, \u00e9crit-il <a href=\"https:\/\/x.com\/alexiscorbiere?ref_src=twsrc%5Egoogle%7Ctwcamp%5Eserp%7Ctwgr%5Eauthor\" target=\"_blank\" rel=\"noopener nofollow\">sur X<\/a>.<\/p>\n<p>Chez les Verts, Marine Tondelier, secr\u00e9taire nationale des \u00c9cologistes, a estim\u00e9 sur BFMTV que la nomination de S\u00e9bastien Lecornu au poste de Premier ministre \u00e9tait un \u00ab\u00a0non-respect\u00a0\u00bb des Fran\u00e7ais. \u00ab\u00a0Nous n&rsquo;avons pas \u00e9t\u00e9 consult\u00e9s et si nous l&rsquo;avions \u00e9t\u00e9, nous n&rsquo;aurions pas donn\u00e9 le nom de Lecornu. Tout \u00e7a est une provocation\u00a0\u00bb, abonde-t-elle.<\/p>\n<p>Du c\u00f4t\u00e9 du parti socialiste, le d\u00e9put\u00e9 Philippe Brun, qui a pr\u00e9par\u00e9 le budget socialiste et sera en premi\u00e8re ligne pour n\u00e9gocier avec le prochain chef du gouvernement, a d\u00e9clar\u00e9 que la nomination de S\u00e9bastien Lecornu \u00e9tait \u00ab\u00a0une gifle pour le Parlement\u00a0\u00bb. \u00c0 ses yeux, \u00ab\u00a0que Macron nomme ainsi l&rsquo;un de ses fid\u00e8les a un parfum de fin de r\u00e8gne\u00a0\u00bb, a-t-il d\u00e9clar\u00e9. Rapha\u00ebl Glucksmann, d\u00e9put\u00e9 europ\u00e9en Place publique estime pour sa part que \u00ab\u00a0le pr\u00e9sident a choisi un Premier ministre (tr\u00e8s) proche de lui, comme s&rsquo;il esp\u00e9rait encore que rien ne change\u00a0\u00bb. Selon lui, \u00ab\u00a0pour \u00e9viter la chute, il devra accepter des politiques (tr\u00e8s) \u00e9loign\u00e9es de ce qui fut fait jusque-l\u00e0\u00a0\u00bb.<\/p>\n<p>Le RN fait pression<\/p>\n<p>Au Rassemblement national, les r\u00e9actions ne sont pas moins virulentes. \u00ab\u00a0En nommant S\u00e9bastien Lecornu, Emmanuel Macron choisit de placer son ombre \u00e0 Matignon. On ne renversera pas le mauvais sc\u00e9nario macroniste en conservant le m\u00eame casting. Vite, Jordan Bardella \u00e0 Matignon\u00a0!\u00a0\u00bb, \u00e9crit le vice-pr\u00e9sident du groupe RN \u00e0 l&rsquo;Assembl\u00e9e, Laurent Jacobelli, sur X. Le pr\u00e9sident du parti, Jordan Bardella, qui justement r\u00e9agit aussi <a href=\"https:\/\/x.com\/J_Bardella\/status\/1965474281711653039\" target=\"_blank\" rel=\"noopener nofollow\">sur X<\/a>\u00a0: \u00ab\u00a0La devise d&rsquo;Emmanuel Macron\u00a0: on ne change pas une \u00e9quipe qui perd. Comment un fid\u00e8le du pr\u00e9sident pourrait-il rompre avec la politique qu&rsquo;il conduit depuis huit ans\u00a0?\u00a0\u00bb, moque-t-il. La cheffe de file du Rassemblement national, Marine le Pen, estime que \u00ab\u00a0le pr\u00e9sident tire la derni\u00e8re cartouche du macronisme, bunkeris\u00e9 avec son petit carr\u00e9 de fid\u00e8les\u00a0\u00bb. La repr\u00e9sentante de l&rsquo;extr\u00eame droite qui promet qu'\u00a0\u00bbapr\u00e8s les in\u00e9luctables futures \u00e9lections l\u00e9gislatives, le Premier ministre s&rsquo;appellera Jordan Bardella.\u00a0\u00bb<\/p>\n<blockquote class=\"twitter-tweet\">\n<p lang=\"fr\" dir=\"ltr\">Le Pr\u00e9sident tire la derni\u00e8re cartouche du macronisme, bunkeris\u00e9 avec son petit carr\u00e9 de fid\u00e8les. Apr\u00e8s les in\u00e9luctables futures \u00e9lections l\u00e9gislatives, le Premier ministre s\u2019appellera Jordan Bardella.<\/p>\n<p>\u2014 Marine Le Pen (@MLP_officiel) <a href=\"https:\/\/twitter.com\/MLP_officiel\/status\/1965473953256013977?ref_src=twsrc%5Etfw\" rel=\"nofollow noopener\" target=\"_blank\">September 9, 2025<\/a><\/p><\/blockquote>\n<p>La porte-parole du groupe RN \u00e0 l&rsquo;Assembl\u00e9e, Laure Lavalette, elle, \u00e9voque d\u00e9j\u00e0 le rapport de force qui s&rsquo;annonce : \u00ab\u00a0Le d\u00e9partement de S\u00e9bastien Lecornu compte 4 d\u00e9put\u00e9s RN. Il sait donc mieux que quiconque qu&rsquo;il ne pourra pas faire sans les premiers repr\u00e9sentants du peuple fran\u00e7ais. Son budget sera RN ou son gouvernement ne sera pas.\u00a0\u00bb<\/p>\n<p>La droite esp\u00e8re \u00ab\u00a0des accords\u00a0\u00bb<\/p>\n<p>\u00c0 droite, le ton est autre. \u00ab\u00a0S\u00e9bastien Lecornu vient d&rsquo;\u00eatre nomm\u00e9 Premier ministre dans une p\u00e9riode d&rsquo;une gravit\u00e9 extr\u00eame. Il lui appartient de trouver un accord de non-censure au Parlement et de proposer \u00e0 LR un contrat de gouvernement qui tienne compte de notre demande de remise en ordre dans les comptes, dans les rues et \u00e0 nos fronti\u00e8res. Je lui souhaite de r\u00e9ussir pour la France\u00a0\u00bb, \u00e9crit la pr\u00e9sidente LR de la r\u00e9gion Ile-de-France, Val\u00e9rie P\u00e9cresse, dans un message d&rsquo;encouragement.<\/p>\n<blockquote class=\"twitter-tweet\">\n<p lang=\"fr\" dir=\"ltr\">S\u00e9bastien Lecornu vient d&rsquo;\u00eatre nomm\u00e9 Premier ministre dans une p\u00e9riode d&rsquo;une gravit\u00e9 extr\u00eame. Il lui appartient de trouver un accord de non censure au Parlement et de proposer \u00e0 LR un contrat de gouvernement qui tienne compte de notre demande de remise en ordre dans les comptes,\u2026<\/p>\n<p>\u2014 Val\u00e9rie P\u00e9cresse (@vpecresse) <a href=\"https:\/\/twitter.com\/vpecresse\/status\/1965476356700971486?ref_src=twsrc%5Etfw\" rel=\"nofollow noopener\" target=\"_blank\">September 9, 2025<\/a><\/p><\/blockquote>\n<p>Le chef des R\u00e9publicains et ministre de l&rsquo;Int\u00e9rieur sortant Bruno Retailleau s&rsquo;est dit pr\u00eat quant \u00e0 lui \u00e0 \u00ab\u00a0trouver des accords\u00a0\u00bb avec le nouveau Premier ministre Bruno Retailleau pour b\u00e2tir une \u00ab\u00a0majorit\u00e9 nationale\u00a0\u00bb, se f\u00e9licitant \u00e0 la sortie d&rsquo;un bureau politique de LR qu&rsquo;un Premier ministre socialiste n&rsquo;ait pas \u00e9t\u00e9 nomm\u00e9. Sur TF1, l&rsquo;ancien Premier ministre \u00c9douard Philippe a pour sa part estim\u00e9 que S\u00e9bastien Lecornu \u00ab\u00a0a les qualit\u00e9s\u00a0\u00bb pour \u00ab\u00a0discuter\u00a0\u00bb et \u00ab\u00a0trouver un accord\u00a0\u00bb avec les autres partis.<\/p>\n<p><script async src=\"https:\/\/platform.twitter.com\/widgets.js\" charset=\"utf-8\"><\/script><\/p>\n","protected":false},"excerpt":{"rendered":"Emmanuel Macron a nomm\u00e9 l&rsquo;ancien ministre des Arm\u00e9es, S\u00e9bastien Lecornu, au poste de Premier ministre au lendemain du&hellip;\n","protected":false},"author":2,"featured_media":379193,"comment_status":"","ping_status":"","sticky":false,"template":"","format":"standard","meta":{"footnotes":""},"categories":[1888],"tags":[1111,1928,11,1927,1777,674,1011,27,12,1926,626,1925,25],"class_list":{"0":"post-379192","1":"post","2":"type-post","3":"status-publish","4":"format-standard","5":"has-post-thumbnail","7":"category-paris","8":"tag-actu","9":"tag-actu-paris","10":"tag-actualites","11":"tag-actualites-paris","12":"tag-eu","13":"tag-europe","14":"tag-fr","15":"tag-france","16":"tag-news","17":"tag-news-paris","18":"tag-paris","19":"tag-paris-news","20":"tag-republique-francaise"},"share_on_mastodon":{"url":"https:\/\/pubeurope.com\/@fr\/115177638094350634","error":""},"_links":{"self":[{"href":"https:\/\/www.europesays.com\/fr\/wp-json\/wp\/v2\/posts\/379192","targetHints":{"allow":["GET"]}}],"collection":[{"href":"https:\/\/www.europesays.com\/fr\/wp-json\/wp\/v2\/posts"}],"about":[{"href":"https:\/\/www.europesays.com\/fr\/wp-json\/wp\/v2\/types\/post"}],"author":[{"embeddable":true,"href":"https:\/\/www.europesays.com\/fr\/wp-json\/wp\/v2\/users\/2"}],"replies":[{"embeddable":true,"href":"https:\/\/www.europesays.com\/fr\/wp-json\/wp\/v2\/comments?post=379192"}],"version-history":[{"count":0,"href":"https:\/\/www.europesays.com\/fr\/wp-json\/wp\/v2\/posts\/379192\/revisions"}],"wp:featuredmedia":[{"embeddable":true,"href":"https:\/\/www.europesays.com\/fr\/wp-json\/wp\/v2\/media\/379193"}],"wp:attachment":[{"href":"https:\/\/www.europesays.com\/fr\/wp-json\/wp\/v2\/media?parent=379192"}],"wp:term":[{"taxonomy":"category","embeddable":true,"href":"https:\/\/www.europesays.com\/fr\/wp-json\/wp\/v2\/categories?post=379192"},{"taxonomy":"post_tag","embeddable":true,"href":"https:\/\/www.europesays.com\/fr\/wp-json\/wp\/v2\/tags?post=379192"}],"curies":[{"name":"wp","href":"https:\/\/api.w.org\/{rel}","templated":true}]}}