{"id":379194,"date":"2025-09-10T02:27:12","date_gmt":"2025-09-10T02:27:12","guid":{"rendered":"https:\/\/www.europesays.com\/fr\/379194\/"},"modified":"2025-09-10T02:27:12","modified_gmt":"2025-09-10T02:27:12","slug":"10-septembre-rer-metro-transilien-le-detail-des-perturbations-dans-les-transports-en-ile-de-france-ligne-par-ligne","status":"publish","type":"post","link":"https:\/\/www.europesays.com\/fr\/379194\/","title":{"rendered":"10 septembre : RER, m\u00e9tro, Transilien&#8230; le d\u00e9tail des perturbations dans les transports en \u00cele-de-France, ligne par ligne"},"content":{"rendered":"<p class=\"paragraph text_align_left lp-f-body-02\">La mobilisation de ce mercredi 10 septembre va avoir <a href=\"https:\/\/www.leparisien.fr\/info-paris-ile-de-france-oise\/transports\/mouvement-du-10-septembre-rer-metro-transilien-quelles-perturbations-dans-les-transports-en-ile-de-france-08-09-2025-YZFBNQDWZBBWLMOGL3OBRWTQWA.php\" target=\"_blank\" rel=\"noreferrer noopener\">des cons\u00e9quences dans les transports<\/a>. En \u00cele-de-France, en amont des gr\u00e8ves qui ont lieu dans le cadre du mouvement <a href=\"https:\/\/www.leparisien.fr\/economie\/bloquons-tout-seuls-46-des-francais-soutiennent-le-mouvement-du-10-septembre-selon-un-sondage-06-09-2025-EXX3OJNVEBGZTBK37X7VJACPCU.php\" target=\"_blank\" rel=\"noreferrer noopener\">Bloquons tout<\/a>, des tendances avaient d\u00e9j\u00e0 \u00e9t\u00e9 diffus\u00e9es depuis lundi. <\/p>\n<p class=\"paragraph text_align_left lp-f-body-02\">Ce mardi, les op\u00e9rateurs de transports donnent de plus amples d\u00e9tails concernant les diff\u00e9rentes lignes. De mani\u00e8re g\u00e9n\u00e9ral, il est recommand\u00e9 d\u2019\u00e9viter de se d\u00e9placer ce mercredi en \u00cele-de-France.<\/p>\n<p>RER<\/p>\n<p class=\"paragraph text_align_left lp-f-body-02\"><b>Ligne A. <\/b>Le trafic sera normal, sur le r\u00e9seau RATP comme le r\u00e9seau SNCF.<\/p>\n<p class=\"paragraph text_align_left lp-f-body-02\"><b>Ligne B. <\/b>Pr\u00e9voir un train sur deux au Nord de la ligne (g\u00e9r\u00e9 par la SNCF) et deux trains sur 3 au Sud (g\u00e9r\u00e9 par la RATP). L\u2019interconnexion sera maintenue \u00e0 Gare du Nord, pas de changement de train n\u00e9cessaire.<\/p>\n<p class=\"paragraph text_align_left lp-f-body-02\"><b>Ligne C.<\/b> Pr\u00e9voir un train sur deux.<\/p>\n<p class=\"paragraph text_align_left lp-f-body-02\"><b>Ligne D. <\/b>Sur l\u2019axe Creil \u2013 Corbeil : pr\u00e9voir 1 train sur 3. Sur l\u2019axe Goussainville \u2013 Melun : pr\u00e9voir 1 train sur 2. Sur l\u2019axe Corbeil \u2013 Malesherbes : pr\u00e9voir 1 train sur 5 uniquement entre 6 heures et 9 heures puis entre 17 heures et 20 heures. Sur l\u2019axe Juvisy \u2013 Melun via Ris Orangis : aucun train en circulation. Par ailleurs, aucun bus de remplacement ne circulera en journ\u00e9e et en soir\u00e9e. Jeudi, le trafic restera perturb\u00e9 au Sud sur l\u2019axe Juvisy \u2013 Malesherbes\/Melun via Ris-Orangis. <\/p>\n<p class=\"paragraph text_align_left lp-f-body-02\"><b>Ligne E. <\/b>Pr\u00e9voir deux trains sur trois. <\/p>\n<p><img decoding=\"async\" class=\"image \" loading=\"lazy\" src=\"https:\/\/www.europesays.com\/fr\/wp-content\/uploads\/2025\/09\/C42HKGFC5FCLBKACJ63Z2RLSOI.jpg\" alt=\"\" align=\"\" data-rubrique-principale=\"\" data-article-type=\"\" fetchpriority=\"auto\"\/>M\u00e9tro<\/p>\n<p class=\"paragraph text_align_left lp-f-body-02\"><b>Lignes 1, 2, 3, 4, 6, 7, 10, 11, 12 et 14.<\/b> Trafic normal. <\/p>\n<p class=\"paragraph text_align_left lp-f-body-02\"><b>Lignes 5, 8, 9, 13.<\/b> Trafic quasi normal avec plus de neuf trains sur dix. <\/p>\n<p class=\"paragraph text_align_left lp-f-body-02\">Pour rappel, la <b>ligne 10<\/b> est ferm\u00e9e pour travaux \u00e0 22 heures.<\/p>\n<p><img decoding=\"async\" class=\"image \" loading=\"lazy\" src=\"https:\/\/www.europesays.com\/fr\/wp-content\/uploads\/2025\/09\/LX45IZG3GBF2DKHLKSELZB24LE.jpg\" alt=\"\" align=\"\" data-rubrique-principale=\"\" data-article-type=\"\" fetchpriority=\"auto\"\/>Transilien<\/p>\n<p class=\"paragraph text_align_left lp-f-body-02\"><b>Ligne H.<\/b> Pr\u00e9voir un train sur trois.<\/p>\n<p class=\"paragraph text_align_left lp-f-body-02\"><b>Ligne J. <\/b>Pr\u00e9voir deux trains sur trois. <\/p>\n<p class=\"paragraph text_align_left lp-f-body-02\"><b>Ligne K.<\/b> Pr\u00e9voir un train sur deux.<\/p>\n<p class=\"paragraph text_align_left lp-f-body-02\"><b>Ligne L.<\/b> Pr\u00e9voir deux trains sur trois. <\/p>\n<p class=\"paragraph text_align_left lp-f-body-02\"><b>Ligne N.<\/b> Pr\u00e9voir un train sur deux.<\/p>\n<p class=\"paragraph text_align_left lp-f-body-02\"><b>Ligne P.<\/b> Sur l\u2019axe La Fert\u00e9-Milon : pr\u00e9voir 2 trains sur 3 et 3 trains sur 4 sur les axes de Meaux et Provins. Le trafic sera normal pour les autres axes.<\/p>\n<p class=\"paragraph text_align_left lp-f-body-02\"><b>Ligne R.<\/b> Pr\u00e9voir un train sur trois, uniquement aux heures de pointe.<\/p>\n<p class=\"paragraph text_align_left lp-f-body-02\"><b>Ligne U.<\/b> Pr\u00e9voir un train sur deux.<\/p>\n<p class=\"paragraph text_align_left lp-f-body-02\"><b>Ligne V.<\/b> Pr\u00e9voir un trafic normal<\/p>\n<p>Bus<\/p>\n<p class=\"paragraph text_align_left lp-f-body-02\">La RATP indique que le trafic sera quasi normal, avec en moyenne neuf bus sur dix qui circuleront sur l\u2019ensemble du r\u00e9seau. <\/p>\n<p class=\"paragraph text_align_left lp-f-body-02\"><b>Noctilien<\/b>. Le service sera normal.<\/p>\n<p>Tramway<\/p>\n<p class=\"paragraph text_align_left lp-f-body-02\"><b>Tramways. <\/b>Le trafic sera normal, sur le r\u00e9seau RATP comme le r\u00e9seau SNCF.<\/p>\n<p class=\"paragraph text_align_left lp-f-body-02\">Des appels \u00e0 la gr\u00e8ve ont \u00e9t\u00e9 lanc\u00e9s par plusieurs syndicats notamment dans les transports et les h\u00f4pitaux. D\u2019autres actions ont \u00e9t\u00e9 annonc\u00e9es, dont certaines rappellent celles des <a href=\"https:\/\/www.leparisien.fr\/politique\/retraites-le-gouvernement-hante-par-un-retour-des-gilets-jaunes-17-03-2023-XF2OFCCQMFELZEV6Z6VFYH6SDE.php\" target=\"_blank\" rel=\"noreferrer noopener\">Gilets jaunes<\/a>, un mouvement de contestation apparu en 2018 et accompagn\u00e9 d\u2019importantes violences, avec des blocages d\u2019axes routiers ou des sabotages de radars ou de distributeurs de billets.<\/p>\n<p class=\"paragraph text_align_left lp-f-body-02\">Des centaines d\u2019actions sont pr\u00e9vues pour cette journ\u00e9e de mobilisation. \u00ab 80 000 gendarmes et policiers \u00bb <a href=\"https:\/\/www.leparisien.fr\/faits-divers\/10-septembre-bruno-retailleau-annonce-la-mobilisation-de-80-000-policiers-et-gendarmes-08-09-2025-SASAJW2XIZHLXKPLQVJG637LOM.php\" target=\"_blank\" rel=\"noreferrer noopener\">seront mobilis\u00e9s<\/a>, avait annonc\u00e9 le minist\u00e8re de l\u2019Int\u00e9rieur Bruno Retailleau, pr\u00e9venant qu\u2019\u00ab aucune violence \u00bb ne serait tol\u00e9r\u00e9e.<\/p>\n","protected":false},"excerpt":{"rendered":"La mobilisation de ce mercredi 10 septembre va avoir des cons\u00e9quences dans les transports. En \u00cele-de-France, en amont&hellip;\n","protected":false},"author":2,"featured_media":379195,"comment_status":"","ping_status":"","sticky":false,"template":"","format":"standard","meta":{"footnotes":""},"categories":[1888],"tags":[1111,1928,11,1927,1777,674,1011,27,1944,12,1926,626,1925,25,2382],"class_list":{"0":"post-379194","1":"post","2":"type-post","3":"status-publish","4":"format-standard","5":"has-post-thumbnail","7":"category-paris","8":"tag-actu","9":"tag-actu-paris","10":"tag-actualites","11":"tag-actualites-paris","12":"tag-eu","13":"tag-europe","14":"tag-fr","15":"tag-france","16":"tag-ma-ville","17":"tag-news","18":"tag-news-paris","19":"tag-paris","20":"tag-paris-news","21":"tag-republique-francaise","22":"tag-transport-idf-oise"},"share_on_mastodon":{"url":"https:\/\/pubeurope.com\/@fr\/115177641985062064","error":""},"_links":{"self":[{"href":"https:\/\/www.europesays.com\/fr\/wp-json\/wp\/v2\/posts\/379194","targetHints":{"allow":["GET"]}}],"collection":[{"href":"https:\/\/www.europesays.com\/fr\/wp-json\/wp\/v2\/posts"}],"about":[{"href":"https:\/\/www.europesays.com\/fr\/wp-json\/wp\/v2\/types\/post"}],"author":[{"embeddable":true,"href":"https:\/\/www.europesays.com\/fr\/wp-json\/wp\/v2\/users\/2"}],"replies":[{"embeddable":true,"href":"https:\/\/www.europesays.com\/fr\/wp-json\/wp\/v2\/comments?post=379194"}],"version-history":[{"count":0,"href":"https:\/\/www.europesays.com\/fr\/wp-json\/wp\/v2\/posts\/379194\/revisions"}],"wp:featuredmedia":[{"embeddable":true,"href":"https:\/\/www.europesays.com\/fr\/wp-json\/wp\/v2\/media\/379195"}],"wp:attachment":[{"href":"https:\/\/www.europesays.com\/fr\/wp-json\/wp\/v2\/media?parent=379194"}],"wp:term":[{"taxonomy":"category","embeddable":true,"href":"https:\/\/www.europesays.com\/fr\/wp-json\/wp\/v2\/categories?post=379194"},{"taxonomy":"post_tag","embeddable":true,"href":"https:\/\/www.europesays.com\/fr\/wp-json\/wp\/v2\/tags?post=379194"}],"curies":[{"name":"wp","href":"https:\/\/api.w.org\/{rel}","templated":true}]}}