{"id":379198,"date":"2025-09-10T02:29:17","date_gmt":"2025-09-10T02:29:17","guid":{"rendered":"https:\/\/www.europesays.com\/fr\/379198\/"},"modified":"2025-09-10T02:29:17","modified_gmt":"2025-09-10T02:29:17","slug":"le-design-vibre-a-paris","status":"publish","type":"post","link":"https:\/\/www.europesays.com\/fr\/379198\/","title":{"rendered":"Le design vibre \u00e0 Paris"},"content":{"rendered":"<p>\u201cParis Design Week\u201d c\u00e9l\u00e8bre la culture du design et de l\u2019art de vivre \u00e0 Paris le temps d\u2019une semaine riche en \u00e9v\u00e9nements et expositions.<\/p>\n<p>Consid\u00e9r\u00e9e et v\u00e9cue comme une nouvelle capitale mondiale des arts et de la cr\u00e9ation contemporaine, Paris impressionne par son maillage de mus\u00e9es, centres d\u2019art, galeries et fondations et s\u2019impose aussi comme un centre n\u00e9vralgique dans le paysage globalis\u00e9 du design. La nouvelle \u00e9dition de Paris Design Week s\u2019appr\u00eate \u00e0 en fournir \u00e0 nouveau la preuve. Imagin\u00e9e depuis 2011 par le salon Maison &amp; Objet, cette semaine parisienne concentre l\u2019attention d\u2019adeptes de plus en plus nombreux pour les objets et les mondes int\u00e9rieurs stylis\u00e9s. Du grand public aux professionnels, l\u2019\u00e9v\u00e9nement rassemble des foules attentives aux formes et aux lignes de nos environnements quotidiens comme condition d\u2019une vie plus douce. D\u00e9corer sa vie, c\u2019est tenter de lui donner plus d\u2019intensit\u00e9, sinon de sens. L\u2019art de vivre ne se d\u00e9finit que par cette volont\u00e9 de vivre mieux gr\u00e2ce \u00e0 l\u2019id\u00e9e que l\u2019on se fait de l\u2019art des objets qui nous accompagnent chaque jour.<\/p>\n<p><a href=\"https:\/\/www.europesays.com\/fr\/wp-content\/uploads\/2025\/09\/pdw4-t-1327x850.jpg\" data-barba-prevent=\"\" data-pswp-width=\"1327\" data-pswp-height=\"850\"><\/p>\n<p><img loading=\"lazy\" decoding=\"async\" width=\"1327\" height=\"850\" src=\"data:image\/svg+xml,%3Csvg%20xmlns=\" http:=\"\" class=\"attachment-thumbnail size-thumbnail\" alt=\"&#10;577 chaises : l'h\u00e9micycle citoyen&#10;\" data-lazy-src=\"https:\/\/www.europesays.com\/fr\/wp-content\/uploads\/2025\/09\/pdw4-t-1327x850.jpg\"\/><\/p>\n<p>577 chaises : l\u2019h\u00e9micycle citoyen<\/p>\n<p><\/a><\/p>\n<p>La pr\u00e9c\u00e9dente \u00e9dition avait d\u00e9j\u00e0 rassembl\u00e9 plus de 250 000 visiteurs, signe d\u2019une attractivit\u00e9 de plus en plus affirm\u00e9e pour ce champ de la cr\u00e9ation. Celui-ci se d\u00e9ploie dans de multiples quartiers de Paris, en proposant une vision transversale du design : du mobilier au design graphique, de l\u2019architecture int\u00e9rieure aux arts d\u00e9coratifs.<\/p>\n<p>La manifestation se prolonge cette ann\u00e9e sur deux week-ends, afin de faciliter la d\u00e9couverte de toutes les expositions et installations organis\u00e9es dans ses 375 lieux r\u00e9partis dans quatre secteurs de la capitale, qui mettent en lumi\u00e8re les tendances les plus marquantes du moment. Showrooms, galeries, ateliers, restaurants, h\u00f4tels, mais aussi mus\u00e9es, lieux historiques et institutions c\u00e9l\u00e8brent une approche plurielle du design avec des expositions, des installations \u00e9ph\u00e9m\u00e8res et des pr\u00e9sentations de nouvelles cr\u00e9ations. Entre la rive gauche du c\u00f4t\u00e9 de Saint-Germain-des-Pr\u00e9s, le quartier du Palais-Royal et de la place des Victoires, les quartiers de l\u2019Op\u00e9ra, de la Concorde et de l\u2019\u00c9toile \u00e0 Pigalle, du Marais \u00e0 la Bastille et \u00e0 R\u00e9publique, tous les espaces parisiens les plus vivants se mettent \u00e0 l\u2019heure du design et de l\u2019art de vivre.<\/p>\n<p><a href=\"https:\/\/www.europesays.com\/fr\/wp-content\/uploads\/2025\/09\/pdw3-t-808x678.jpg\" data-barba-prevent=\"\" data-pswp-width=\"808\" data-pswp-height=\"678\"><\/p>\n<p><img loading=\"lazy\" decoding=\"async\" width=\"808\" height=\"678\" src=\"data:image\/svg+xml,%3Csvg%20xmlns=\" http:=\"\" class=\"attachment-thumbnail size-thumbnail\" alt=\"&#10;Sophia Taillet - Mus\u00e9e de la Chasse \u00a9\u00a0DR&#10;\" data-lazy-src=\"https:\/\/www.europesays.com\/fr\/wp-content\/uploads\/2025\/09\/pdw3-t-808x678.jpg\"\/><\/p>\n<p>Sophia Taillet \u2013 Mus\u00e9e de la Chasse \u00a9\u00a0DR<\/p>\n<p><\/a><\/p>\n<p>Du 4 au 8 septembre, <strong>Paris Design Week Factory<\/strong> met aussi en valeur la cr\u00e9ation \u00e9mergente sous la curation de Jean-Baptiste Anotin, du studio Waiting For Ideas, et de Thibault Huguet. Plus de 130 jeunes talents viendront pr\u00e9senter leur travail. Par ailleurs, un grand nombre de talks et de workshops rythmeront la semaine, \u00e0 travers un cycle de conf\u00e9rences et de d\u00e9bats avec des figures cr\u00e9atives \u00e0 l\u2019Espace Commines, en partenariat avec la revue <strong>FORM\u00c6<\/strong>, sp\u00e9cialis\u00e9e dans les mat\u00e9riaux, le savoir-faire et la cr\u00e9ation dans les domaines du design et de l\u2019architecture d\u2019int\u00e9rieur. Son cycle \u201cCorps, formes, fictions : design et mati\u00e8re en mutation\u201d permettra de mesurer les enjeux du design actuel et analysera comment le design est devenu un outil narratif au service des marques.<\/p>\n<p>Dix promenades th\u00e9matiques seront aussi mises en place, oscillant entre le design durable, le design \u00e0 table ou encore le design chinois\u2026 Bref, il y en aura pour tous les go\u00fbts \u2013 des go\u00fbts dont le design abrite les visages et leurs variations.<\/p>\n<p>Plus d\u2019informations <a href=\"https:\/\/www.maison-objet.com\/paris-design-week\/news\/what-s-new\" rel=\"nofollow noopener\" target=\"_blank\">ici<\/a>.<\/p>\n","protected":false},"excerpt":{"rendered":"\u201cParis Design Week\u201d c\u00e9l\u00e8bre la culture du design et de l\u2019art de vivre \u00e0 Paris le temps d\u2019une&hellip;\n","protected":false},"author":2,"featured_media":379199,"comment_status":"","ping_status":"","sticky":false,"template":"","format":"standard","meta":{"footnotes":""},"categories":[1888],"tags":[11,1777,674,1011,27,12,626,25],"class_list":{"0":"post-379198","1":"post","2":"type-post","3":"status-publish","4":"format-standard","5":"has-post-thumbnail","7":"category-paris","8":"tag-actualites","9":"tag-eu","10":"tag-europe","11":"tag-fr","12":"tag-france","13":"tag-news","14":"tag-paris","15":"tag-republique-francaise"},"share_on_mastodon":{"url":"https:\/\/pubeurope.com\/@fr\/115177649831845712","error":""},"_links":{"self":[{"href":"https:\/\/www.europesays.com\/fr\/wp-json\/wp\/v2\/posts\/379198","targetHints":{"allow":["GET"]}}],"collection":[{"href":"https:\/\/www.europesays.com\/fr\/wp-json\/wp\/v2\/posts"}],"about":[{"href":"https:\/\/www.europesays.com\/fr\/wp-json\/wp\/v2\/types\/post"}],"author":[{"embeddable":true,"href":"https:\/\/www.europesays.com\/fr\/wp-json\/wp\/v2\/users\/2"}],"replies":[{"embeddable":true,"href":"https:\/\/www.europesays.com\/fr\/wp-json\/wp\/v2\/comments?post=379198"}],"version-history":[{"count":0,"href":"https:\/\/www.europesays.com\/fr\/wp-json\/wp\/v2\/posts\/379198\/revisions"}],"wp:featuredmedia":[{"embeddable":true,"href":"https:\/\/www.europesays.com\/fr\/wp-json\/wp\/v2\/media\/379199"}],"wp:attachment":[{"href":"https:\/\/www.europesays.com\/fr\/wp-json\/wp\/v2\/media?parent=379198"}],"wp:term":[{"taxonomy":"category","embeddable":true,"href":"https:\/\/www.europesays.com\/fr\/wp-json\/wp\/v2\/categories?post=379198"},{"taxonomy":"post_tag","embeddable":true,"href":"https:\/\/www.europesays.com\/fr\/wp-json\/wp\/v2\/tags?post=379198"}],"curies":[{"name":"wp","href":"https:\/\/api.w.org\/{rel}","templated":true}]}}