{"id":379200,"date":"2025-09-10T02:30:18","date_gmt":"2025-09-10T02:30:18","guid":{"rendered":"https:\/\/www.europesays.com\/fr\/379200\/"},"modified":"2025-09-10T02:30:18","modified_gmt":"2025-09-10T02:30:18","slug":"document-rtl-il-faisait-juste-son-sport-la-compagne-du-cycliste-arrete-en-russie-se-confie","status":"publish","type":"post","link":"https:\/\/www.europesays.com\/fr\/379200\/","title":{"rendered":"DOCUMENT RTL &#8211; \u00ab\u00a0Il faisait juste son sport\u00a0\u00bb : la compagne du cycliste arr\u00eat\u00e9 en Russie se confie"},"content":{"rendered":"<p class=\"article-p mdl\">Il \u00e9tait parti pour un p\u00e9riple de 18.000 kilom\u00e8tres, de Lisbonne \u00e0 Vladivostok, avec l\u2019ambition de battre le record du monde de la travers\u00e9e eurasiatique \u00e0 v\u00e9lo. Mais le cycliste\u00a0<a class=\"link\" href=\"https:\/\/www.rtl.fr\/actu\/international\/russie-ce-que-l-on-sait-de-l-arrestation-d-un-cycliste-francais-7900539002\" rel=\"nofollow noopener\" target=\"_blank\">Sofiane Sehili\u00a0<\/a>a \u00e9t\u00e9 arr\u00eat\u00e9 en Russie le 2 septembre. Moscou l\u2019accuse de franchissement ill\u00e9gal de la fronti\u00e8re.<\/p>\n<p class=\"article-p mdl\">\u00ab\u00a0C&rsquo;est en effet un d\u00e9lit, mais <strong>un d\u00e9lit mineur<\/strong>\u00ab\u00a0, clame sa compagne, Fanny Bensoussan, qui a accept\u00e9 de t\u00e9moigner sur RTL. Elle s\u2019interroge : \u00ab\u00a0Je ne suis pas s\u00fbre que quiconque passe la fronti\u00e8re ill\u00e9galement se retrouve en prison. Est-il consid\u00e9r\u00e9 comme un <strong>Fran\u00e7ais qui franchit ill\u00e9galement la fronti\u00e8re<\/strong>, et a-t-il un traitement particulier par rapport \u00e0 \u00e7a ?\u00a0\u00bb.<\/p>\n<p class=\"article-p mdl\">La jeune femme d\u00e9plore surtout de n\u2019avoir aucune nouvelle de son compagnon : \u00ab\u00a0J\u2019aimerais communiquer avec lui, savoir comment il est, comment il est trait\u00e9\u00a0\u00bb, confie-t-elle. Elle rappelle que<strong> le sportif \u00e9tait sur la route depuis pr\u00e8s de 63 jours<\/strong> : \u00ab\u00a0Il est certainement fatigu\u00e9 physiquement (&#8230;) et l\u00e0, il doit encha\u00eener sur quelque chose d&rsquo;autre qui doit \u00eatre tr\u00e8s difficile mentalement aussi.\u00a0\u00bb<\/p>\n<p>            \u00ab\u00a0C&rsquo;est juste un cycliste qui faisait son sport !\u00a0\u00bb<\/p>\n<p class=\"article-p mdl\">\u00ab\u00a0Sofiane, c\u2019est juste un cycliste\u00a0\u00bb, insiste-t-elle encore. Tout le monde doit garder en t\u00eate, mart\u00e8le-t-elle, que son compagnon \u00ab\u00a0<strong>n\u2019est qu\u2019un cycliste, qui faisait juste son sport <\/strong>: c\u2019est aujourd\u2019hui le message le plus important\u00a0\u00bb. Elle esp\u00e8re que la Russie le consid\u00e9rera \u00e9galement ainsi.<\/p>\n<p class=\"article-p mdl\">\u00c2g\u00e9 de 44 ans,\u00a0<a class=\"link\" href=\"https:\/\/www.rtl.fr\/actu\/debats-societe\/un-cycliste-d-endurance-francais-place-en-detention-provisoire-en-russie-7900538531\" rel=\"nofollow noopener\" target=\"_blank\">Sofiane Sehili<\/a>\u00a0avait quitt\u00e9 Lisbonne il y a plus de deux mois. Le 2 septembre, <strong>il avait d\u00e9j\u00e0 parcouru 17.600 kilom\u00e8tres<\/strong>. Selon les autorit\u00e9s fran\u00e7aises, la diplomatie est mobilis\u00e9e \u00ab\u00a0pour lui fournir de l\u2019aide\u00a0\u00bb. \u00ab\u00a0Notre consulat g\u00e9n\u00e9ral \u00e0 Moscou a pris attache avec les autorit\u00e9s russes et sollicit\u00e9 l\u2019exercice de la protection consulaire\u00a0\u00bb, ont pr\u00e9cis\u00e9 les services diplomatiques.<\/p>\n<p>    La r\u00e9daction vous recommande<\/p>\n<p class=\"s-newsletter__title\">\n                L\u2019actualit\u00e9 par la r\u00e9daction de RTL dans votre bo\u00eete mail.\n            <\/p>\n<p class=\"s-newsletter__subtitle\">\n                Gr\u00e2ce \u00e0 votre compte RTL abonnez-vous \u00e0 la newsletter RTL info pour suivre toute l&rsquo;actualit\u00e9 au quotidien\n            <\/p>\n<p>\n                                    Lire la suite\n                                <\/p>\n","protected":false},"excerpt":{"rendered":"Il \u00e9tait parti pour un p\u00e9riple de 18.000 kilom\u00e8tres, de Lisbonne \u00e0 Vladivostok, avec l\u2019ambition de battre le&hellip;\n","protected":false},"author":2,"featured_media":379201,"comment_status":"","ping_status":"","sticky":false,"template":"","format":"standard","meta":{"footnotes":""},"categories":[1591],"tags":[11,2441,1887,107,3844,12,362,361,360,1885,1886,132,240],"class_list":{"0":"post-379200","1":"post","2":"type-post","3":"status-publish","4":"format-standard","5":"has-post-thumbnail","7":"category-russie","8":"tag-actualites","9":"tag-arrestation","10":"tag-federation-de-russie","11":"tag-fil-info","12":"tag-francais","13":"tag-news","14":"tag-replay","15":"tag-replay-a-la-une","16":"tag-replay-integral","17":"tag-russia","18":"tag-russian-federation","19":"tag-russie","20":"tag-temoignage"},"share_on_mastodon":{"url":"https:\/\/pubeurope.com\/@fr\/115177653834037785","error":""},"_links":{"self":[{"href":"https:\/\/www.europesays.com\/fr\/wp-json\/wp\/v2\/posts\/379200","targetHints":{"allow":["GET"]}}],"collection":[{"href":"https:\/\/www.europesays.com\/fr\/wp-json\/wp\/v2\/posts"}],"about":[{"href":"https:\/\/www.europesays.com\/fr\/wp-json\/wp\/v2\/types\/post"}],"author":[{"embeddable":true,"href":"https:\/\/www.europesays.com\/fr\/wp-json\/wp\/v2\/users\/2"}],"replies":[{"embeddable":true,"href":"https:\/\/www.europesays.com\/fr\/wp-json\/wp\/v2\/comments?post=379200"}],"version-history":[{"count":0,"href":"https:\/\/www.europesays.com\/fr\/wp-json\/wp\/v2\/posts\/379200\/revisions"}],"wp:featuredmedia":[{"embeddable":true,"href":"https:\/\/www.europesays.com\/fr\/wp-json\/wp\/v2\/media\/379201"}],"wp:attachment":[{"href":"https:\/\/www.europesays.com\/fr\/wp-json\/wp\/v2\/media?parent=379200"}],"wp:term":[{"taxonomy":"category","embeddable":true,"href":"https:\/\/www.europesays.com\/fr\/wp-json\/wp\/v2\/categories?post=379200"},{"taxonomy":"post_tag","embeddable":true,"href":"https:\/\/www.europesays.com\/fr\/wp-json\/wp\/v2\/tags?post=379200"}],"curies":[{"name":"wp","href":"https:\/\/api.w.org\/{rel}","templated":true}]}}