{"id":379204,"date":"2025-09-10T02:32:23","date_gmt":"2025-09-10T02:32:23","guid":{"rendered":"https:\/\/www.europesays.com\/fr\/379204\/"},"modified":"2025-09-10T02:32:23","modified_gmt":"2025-09-10T02:32:23","slug":"brand-usa-supprime-15-de-ses-effectifs","status":"publish","type":"post","link":"https:\/\/www.europesays.com\/fr\/379204\/","title":{"rendered":"Brand USA supprime 15 % de ses effectifs"},"content":{"rendered":"<p>                    <a href=\"https:\/\/www.travelpulsequebec.ca\/bio\/mia-taylor\" title=\"Mia Taylor\" target=\"_blank\" rel=\"noopener\"><img decoding=\"async\" src=\"https:\/\/www.europesays.com\/fr\/wp-content\/uploads\/2025\/09\/Mia-Taylor.jpg\" alt=\"Mia Taylor\" title=\"Mia Taylor\" loading=\"lazy\" class=\"author-image w-80 w-48\"\/><\/a>par <a href=\"https:\/\/www.travelpulsequebec.ca\/bio\/mia-taylor\" title=\"Mia Taylor\" class=\"author-name\" target=\"_blank\" rel=\"noopener\">Mia Taylor<\/a><br \/> Derni\u00e8re mise \u00e0 jour: 7:05 AM ET, Tue September 9, 2025<a href=\"https:\/\/www.travelpulsequebec.ca\/bio\/bert-archer\" title=\"Bert Archer\" target=\"_blank\" rel=\"noopener\"><img decoding=\"async\" src=\"https:\/\/www.europesays.com\/fr\/wp-content\/uploads\/2025\/06\/Bert-Archer.png\" alt=\"Bert Archer\" title=\"Bert Archer\" loading=\"lazy\" class=\"author-image w-80 w-48\"\/><\/a><\/p>\n<p>Apr\u00e8s avoir subi une r\u00e9duction budg\u00e9taire de 80 %, Brand USA a compl\u00e9t\u00e9 une r\u00e9organisation qui comprend l\u2019\u00e9limination de 15 % de ses effectifs et la fin de GoUSA TV.<\/p>\n<p>Selon le porte-parole Chris Heywood, ces compressions touchent 12 postes r\u00e9partis dans plusieurs services de l\u2019organisation officielle de promotion touristique des \u00c9tats-Unis. La d\u00e9cision inclut \u00e9galement la fermeture de GoUSA TV, un service de diffusion en continu financ\u00e9 par la publicit\u00e9 et pr\u00e9sent sur Roku, Apple TV et YouTube.<\/p>\n<p>Ce virage survient apr\u00e8s que le pr\u00e9sident Trump a r\u00e9duit le financement de Brand USA de 135 millions \u00e0 seulement 27 millions de dollars pour l\u2019exercice 2026.<\/p>\n<p>La plateforme \u00ab America the Beautiful \u00bb, lanc\u00e9e en juin, doit d\u00e9sormais porter le message invitant le monde \u00e0 d\u00e9couvrir les paysages et l\u2019authenticit\u00e9 des \u00c9tats-Unis.<\/p>\n<p>Ces compressions interviennent alors que Washington resserre aussi ses r\u00e8gles d\u2019entr\u00e9e. Le d\u00e9partement d\u2019\u00c9tat impose d\u00e9sormais que les entrevues pour l\u2019obtention de visas non-immigrants soient men\u00e9es dans le pays de nationalit\u00e9 ou de r\u00e9sidence du demandeur, ce qui met fin \u00e0 la pratique de passer par un pays tiers pour \u00e9viter les d\u00e9lais d\u2019attente.<\/p>\n<p>De plus, une nouvelle politique cible certains ressortissants d\u2019Am\u00e9rique centrale : le gouvernement peut refuser un visa aux personnes soup\u00e7onn\u00e9es de financer ou de soutenir des activit\u00e9s jug\u00e9es nuisibles \u00e0 la gouvernance dans la r\u00e9gion.<\/p>\n<p>Une autre mesure introduit une nouvelle \u00ab redevance d\u2019int\u00e9grit\u00e9 des visas \u00bb de 340 dollars, impos\u00e9e en plus des frais d\u2019entr\u00e9e existants pour tous les visiteurs n\u00e9cessitant un visa non-immigrant, y compris les touristes, \u00e9tudiants et voyageurs d\u2019affaires. Cette redevance ne peut pas \u00eatre annul\u00e9e. L\u2019ESTA, utilis\u00e9 par les voyageurs des pays exempt\u00e9s de visa, est pass\u00e9 de 28 \u00e0 54 dollars.<\/p>\n<p>Geoff Freeman, pr\u00e9sident de la U.S. Travel Association, a d\u00e9nonc\u00e9 en juillet une \u00ab occasion manqu\u00e9e \u00bb, estimant que le sous-financement de Brand USA et l\u2019alourdissement des frais constituent une barri\u00e8re qui d\u00e9courage les visiteurs \u00e9trangers. Selon lui, ces co\u00fbts s\u2019apparentent \u00e0 une taxe auto-impos\u00e9e sur l\u2019un des plus importants secteurs d\u2019exportation des \u00c9tats-Unis : les d\u00e9penses li\u00e9es aux s\u00e9jours internationaux.<\/p>\n<p>L\u2019association rappelle que des \u00e9v\u00e9nements mondiaux majeurs \u2014 la Coupe du monde de soccer, le 250e anniversaire du pays et les Jeux olympiques de 2028 \u2014 pourraient attirer 40 millions de visiteurs et g\u00e9n\u00e9rer 135 milliards de dollars, mais seulement si des strat\u00e9gies proactives et des syst\u00e8mes modernes sont mis en place.<\/p>\n<p>R\u00e9dig\u00e9 par Bert Archer<\/p>\n<p>&#13;<br \/>\n        Sujets de cet article \u00e0 explorer&#13;<\/p>\n","protected":false},"excerpt":{"rendered":"par Mia Taylor Derni\u00e8re mise \u00e0 jour: 7:05 AM ET, Tue September 9, 2025 Apr\u00e8s avoir subi une&hellip;\n","protected":false},"author":2,"featured_media":379205,"comment_status":"","ping_status":"","sticky":false,"template":"","format":"standard","meta":{"footnotes":""},"categories":[1589],"tags":[11,18304,73,1866,34058,12,51268,34056,1864,1865,1863,308],"class_list":{"0":"post-379204","1":"post","2":"type-post","3":"status-publish","4":"format-standard","5":"has-post-thumbnail","7":"category-etats-unis","8":"tag-actualites","9":"tag-destinations","10":"tag-etats-unis","11":"tag-etats-unis-damerique","12":"tag-homepage-top-stories","13":"tag-news","14":"tag-north-america","15":"tag-travelpulse-quebec","16":"tag-united-states","17":"tag-united-states-of-america","18":"tag-us","19":"tag-usa"},"share_on_mastodon":{"url":"https:\/\/pubeurope.com\/@fr\/115177661799839086","error":""},"_links":{"self":[{"href":"https:\/\/www.europesays.com\/fr\/wp-json\/wp\/v2\/posts\/379204","targetHints":{"allow":["GET"]}}],"collection":[{"href":"https:\/\/www.europesays.com\/fr\/wp-json\/wp\/v2\/posts"}],"about":[{"href":"https:\/\/www.europesays.com\/fr\/wp-json\/wp\/v2\/types\/post"}],"author":[{"embeddable":true,"href":"https:\/\/www.europesays.com\/fr\/wp-json\/wp\/v2\/users\/2"}],"replies":[{"embeddable":true,"href":"https:\/\/www.europesays.com\/fr\/wp-json\/wp\/v2\/comments?post=379204"}],"version-history":[{"count":0,"href":"https:\/\/www.europesays.com\/fr\/wp-json\/wp\/v2\/posts\/379204\/revisions"}],"wp:featuredmedia":[{"embeddable":true,"href":"https:\/\/www.europesays.com\/fr\/wp-json\/wp\/v2\/media\/379205"}],"wp:attachment":[{"href":"https:\/\/www.europesays.com\/fr\/wp-json\/wp\/v2\/media?parent=379204"}],"wp:term":[{"taxonomy":"category","embeddable":true,"href":"https:\/\/www.europesays.com\/fr\/wp-json\/wp\/v2\/categories?post=379204"},{"taxonomy":"post_tag","embeddable":true,"href":"https:\/\/www.europesays.com\/fr\/wp-json\/wp\/v2\/tags?post=379204"}],"curies":[{"name":"wp","href":"https:\/\/api.w.org\/{rel}","templated":true}]}}