{"id":379210,"date":"2025-09-10T02:35:12","date_gmt":"2025-09-10T02:35:12","guid":{"rendered":"https:\/\/www.europesays.com\/fr\/379210\/"},"modified":"2025-09-10T02:35:12","modified_gmt":"2025-09-10T02:35:12","slug":"le-ghana-devenue-la-decharge-de-la-fast-fashion-deurope","status":"publish","type":"post","link":"https:\/\/www.europesays.com\/fr\/379210\/","title":{"rendered":"Le Ghana devenue la d\u00e9charge de la fast fashion d\u2019Europe"},"content":{"rendered":"<p><a class=\"m-item-image m-item-image--1x1 o-podcast-header__image\" href=\"https:\/\/www.rfi.fr\/fr\/podcasts\/reportage-international\/\" title=\"Reportage international\" data-article-item-link=\"\" aria-hidden=\"true\" tabindex=\"-1\" target=\"_blank\" rel=\"noopener\"><\/p>\n<p><img decoding=\"async\" fetchpriority=\"high\" src=\"https:\/\/www.europesays.com\/fr\/wp-content\/uploads\/2025\/09\/carre-3000-reportage-international.jpg\"   width=\"480\" height=\"480\" alt=\"Image carr\u00e9e\" loading=\"eager\" class=\"a-img \"\/><br \/>\n                                <\/a>                <\/p>\n<p class=\"t-content__chapo\">\n                                                Au Ghana, les d\u00e9charges de v\u00eatements provenant de l&rsquo;Europe polluent l&rsquo;environnement. Plus de 120\u00a0000\u00a0tonnes sont export\u00e9es chaque ann\u00e9e. Le pays est le deuxi\u00e8me march\u00e9 d&rsquo;export de v\u00eatements usag\u00e9s apr\u00e8s l&rsquo;Asie. De plus en plus de ces habits ne peuvent \u00eatre vendus. Ils finissent jet\u00e9s, souvent dans la nature ghan\u00e9enne ou dans des d\u00e9charges informelles, faute d&rsquo;infrastructures suffisantes pour traiter un afflux de d\u00e9chets croissant. Reportage de Victor Cariou, depuis ces communaut\u00e9s affect\u00e9es par des cimeti\u00e8res de la fast fashion, jusqu&rsquo;au march\u00e9 de Kantamanto o\u00f9 arrivent ces v\u00eatements.                    <\/p>\n<p><img decoding=\"async\" fetchpriority=\"low\" src=\"https:\/\/www.europesays.com\/fr\/wp-content\/uploads\/2025\/09\/AP24327416520425-Kantamanto.jpg\"   width=\"1024\" height=\"576\" alt=\"Un porteur porte une balle de v\u00eatements d'occasion au march\u00e9 de Kantamanto, l'un des plus grands march\u00e9s de v\u00eatements d'occasion au monde \u00e0 Accra, au Ghana, le jeudi 31 octobre 2024.\" loading=\"eager\" class=\"a-img \"\/><\/p>\n<p>                Un porteur porte une balle de v\u00eatements d&rsquo;occasion au march\u00e9 de Kantamanto, l&rsquo;un des plus grands march\u00e9s de v\u00eatements d&rsquo;occasion au monde \u00e0 Accra, au Ghana, le jeudi 31 octobre 2024.                \u00a9 AP \/ Misper Apawu            <\/p>\n","protected":false},"excerpt":{"rendered":"Au Ghana, les d\u00e9charges de v\u00eatements provenant de l&rsquo;Europe polluent l&rsquo;environnement. Plus de 120\u00a0000\u00a0tonnes sont export\u00e9es chaque ann\u00e9e.&hellip;\n","protected":false},"author":2,"featured_media":379211,"comment_status":"","ping_status":"","sticky":false,"template":"","format":"standard","meta":{"footnotes":""},"categories":[1586],"tags":[11,879,436,1777,674,1011,27,28477,693,985,12,1800,2436,25],"class_list":{"0":"post-379210","1":"post","2":"type-post","3":"status-publish","4":"format-standard","5":"has-post-thumbnail","7":"category-europe","8":"tag-actualites","9":"tag-afrique","10":"tag-environnement","11":"tag-eu","12":"tag-europe","13":"tag-fr","14":"tag-france","15":"tag-ghana","16":"tag-industrie","17":"tag-mode","18":"tag-news","19":"tag-pollution","20":"tag-reportage-international","21":"tag-republique-francaise"},"share_on_mastodon":{"url":"https:\/\/pubeurope.com\/@fr\/115177673471951275","error":""},"_links":{"self":[{"href":"https:\/\/www.europesays.com\/fr\/wp-json\/wp\/v2\/posts\/379210","targetHints":{"allow":["GET"]}}],"collection":[{"href":"https:\/\/www.europesays.com\/fr\/wp-json\/wp\/v2\/posts"}],"about":[{"href":"https:\/\/www.europesays.com\/fr\/wp-json\/wp\/v2\/types\/post"}],"author":[{"embeddable":true,"href":"https:\/\/www.europesays.com\/fr\/wp-json\/wp\/v2\/users\/2"}],"replies":[{"embeddable":true,"href":"https:\/\/www.europesays.com\/fr\/wp-json\/wp\/v2\/comments?post=379210"}],"version-history":[{"count":0,"href":"https:\/\/www.europesays.com\/fr\/wp-json\/wp\/v2\/posts\/379210\/revisions"}],"wp:featuredmedia":[{"embeddable":true,"href":"https:\/\/www.europesays.com\/fr\/wp-json\/wp\/v2\/media\/379211"}],"wp:attachment":[{"href":"https:\/\/www.europesays.com\/fr\/wp-json\/wp\/v2\/media?parent=379210"}],"wp:term":[{"taxonomy":"category","embeddable":true,"href":"https:\/\/www.europesays.com\/fr\/wp-json\/wp\/v2\/categories?post=379210"},{"taxonomy":"post_tag","embeddable":true,"href":"https:\/\/www.europesays.com\/fr\/wp-json\/wp\/v2\/tags?post=379210"}],"curies":[{"name":"wp","href":"https:\/\/api.w.org\/{rel}","templated":true}]}}