{"id":379214,"date":"2025-09-10T02:37:15","date_gmt":"2025-09-10T02:37:15","guid":{"rendered":"https:\/\/www.europesays.com\/fr\/379214\/"},"modified":"2025-09-10T02:37:15","modified_gmt":"2025-09-10T02:37:15","slug":"a-defaut-de-matignon-olivier-faure-sest-decouvert-un-destin","status":"publish","type":"post","link":"https:\/\/www.europesays.com\/fr\/379214\/","title":{"rendered":"A d\u00e9faut de Matignon, Olivier Faure s\u2019est d\u00e9couvert un destin"},"content":{"rendered":"<p>        <a class=\"Link \" href=\"https:\/\/www.lopinion.fr\/politique\/nouveau-premier-ministre-sebastien-lecornu-fidele-et-discret-soldat-demmanuel-macron\" data-cms-ai=\"0\" rel=\"nofollow noopener\" target=\"_blank\">Nouveau Premier ministre : S\u00e9bastien Lecornu, fid\u00e8le et discret soldat d&rsquo;Emmanuel Macron<\/a><\/p>\n<p>l&rsquo;Opinion (avec AFP)<\/p>\n<p>Paris &#8211; Venu de la droite, discret au point d&rsquo;\u00eatre quasi inconnu du grand public, S\u00e9bastien Lecornu, nomm\u00e9 Premier ministre \u00e0 39 ans, est un compagnon de route du chef de l\u2019Etat depuis 2017, devenu un rouage essentiel de la macronie. De tous les gouvernements depuis la premi\u00e8re \u00e9lection d\u2019Emmanuel Macron, il a d\u00e9j\u00e0 manqu\u00e9 de peu Matignon l\u2019ann\u00e9e derni\u00e8re. Celui qui n\u2019a \u00abjamais compl\u00e8tement d\u00e9fait\u00bb ses cartons depuis la dissolution devait d\u00e9j\u00e0 \u00eatre nomm\u00e9 rue de Varenne le 13 d\u00e9cembre avant que Fran\u00e7ois Bayrou ne s\u2019impose au forceps. Malgr\u00e9 l\u2019absence de majorit\u00e9 et l\u2019instabilit\u00e9 politique qui en d\u00e9coule depuis 2022, S\u00e9bastien Lecornu s\u2019est maintenu au poste strat\u00e9gique de ministre des Arm\u00e9es depuis trois ans, o\u00f9 il a connu pas moins de quatre Premiers ministres, Elisabeth Borne, Gabriel Attal, Michel Barnier, et Fran\u00e7ois Bayrou. Peu loquace publiquement \u00e0 son poste de gardien de la \u00abgrande muette\u00bb, S\u00e9bastien Lecornu est aussi un homme politique r\u00e9serv\u00e9. C\u2019est en grande partie en coulisses qu\u2019il a \u00e9tendu son influence. \u00abC\u2019est un fid\u00e8le de Macron qui ne lui fera pas d\u2019ombre. Son bilan \u00e0 la d\u00e9fense est plut\u00f4t bon\u00bb, rel\u00e8ve aupr\u00e8s de l\u2019AFP un diplomate sous couvert de l\u2019anonymat. Leur proximit\u00e9 remonte en partie au mouvement des Gilets jaunes, apr\u00e8s lequel M. Lecornu avait co-anim\u00e9 les \u00abgrands d\u00e9bats\u00bb. \u00abLecornu, c\u2019est le bon soldat qui par ailleurs n\u2019a pas trop de charisme\u00bb, ajoute un conseiller minist\u00e9riel. \u00abManoeuvrier\u00bb Proche de G\u00e9rald Darmanin et d\u2019Edouard Philippe, issus comme lui de la droite, il s\u2019est illustr\u00e9 politiquement par ses n\u00e9gociations pied \u00e0 pied avec les parlementaires de tous bords pour faire adopter, \u00e0 la quasi unanimit\u00e9, la loi de programmation militaire (LPM) 2024-2030, en hausse de 40% par rapport \u00e0 la pr\u00e9c\u00e9dente. \u00abIl est appr\u00e9ci\u00e9 sur tous les bancs de l\u2019Assembl\u00e9e\u00bb, selon un ancien membre de la commission D\u00e9fense de l\u2019Assembl\u00e9e qui d\u00e9crit \u00abun animal politique\u00a0\u00bb: il ma\u00eetrise ses dossiers, r\u00e9pond sans regarder ses notes et distribue alternativement \u00e0 ses adversaires flagorneries et tacles appuy\u00e9s. Mais \u00abce n\u2019est pas difficile\u00bb de faire passer un budget en hausse, mod\u00e8re un responsable du bloc central, qui le voit davantage \u00abman\u0153uvrier\u00bb et pointe la mont\u00e9e du RN dans son d\u00e9partement de l\u2019Eure. Reste \u00e0 savoir si cet homme, jug\u00e9 \u00abhabile\u00bb par un responsable socialiste, saura convaincre le PS avec qui Emmanuel Macron a demand\u00e9 de travailler. \u00abIl comprend vite les choses\u00bb, mais \u00abil est plus \u00e0 droite que Bayrou\u00bb, note le m\u00eame. Il a \u00e9t\u00e9 \u00e9pingl\u00e9 dans la presse pour un d\u00eener avec Marine Le Pen, ce qui en fait \u00abl\u2019homme de la n\u00e9gociation avec le RN dans la psych\u00e9 socialiste\u00bb, selon une ministre. Sur le budget, alors que son pr\u00e9d\u00e9cesseur a \u00e9t\u00e9 accus\u00e9 de dramatiser la question de la dette, S\u00e9bastien Lecornu affirmait r\u00e9cemment ne pas croire que le FMI soit \u00abaux portes de Bercy\u00bb mais se dit certain que \u00absi nous ne faisons rien, le pays va s&rsquo;\u00e9touffer \u00e0 petit feu\u00bb. R\u00e9serviste Il reste conscient qu\u2019\u00a0\u00bbaccepter ce job (de Premier ministre), c\u2019est accepter de mettre les deux doigts dans la prise et que \u00e7a continue de gr\u00e9siller\u00bb, glisse un proche. Originaire de Normandie, petit-fils de r\u00e9sistant, il a un temps pens\u00e9 faire Saint-Cyr mais s\u2019est lanc\u00e9 tr\u00e8s jeune en politique. Sa carri\u00e8re a d\u00e9but\u00e9 \u00e0 droite, \u00e0 l\u2019UMP puis chez les R\u00e9publicains (LR), battant plusieurs records de pr\u00e9cocit\u00e9. Assistant parlementaire \u00e0 19 ans, il devient en 2008 le plus jeune conseiller dans un cabinet minist\u00e9riel -celui de Bruno Le Maire aux Affaires europ\u00e9ennes- puis en 2015, le plus jeune pr\u00e9sident d\u2019un d\u00e9partement, l\u2019Eure, apr\u00e8s avoir \u00e9t\u00e9 maire de sa ville, Vernon. Propuls\u00e9 au gouvernement \u00e0 31 ans, il passe par plusieurs minist\u00e8res : l\u2019Ecologie, les Collectivit\u00e9s, l\u2019Outre-mer, puis les Arm\u00e9es. R\u00e9serviste de la gendarmerie dans l\u2019Eure, cet amateur d\u2019histoire \u00e9lu s\u00e9nateur en 2020 r\u00e9p\u00e9tait vouloir rester aux Arm\u00e9es, citant r\u00e9guli\u00e8rement l\u2019action de son lointain pr\u00e9d\u00e9cesseur Pierre Messmer, inamovible titulaire du portefeuille sous le g\u00e9n\u00e9ral de Gaulle. S\u2019il reste discret dans les m\u00e9dias, il a pris la lumi\u00e8re avec la guerre en Ukraine, s\u2019effor\u00e7ant de mettre en musique le \u00abr\u00e9armement\u00bb du pays ordonn\u00e9 par le chef de l\u2019Etat ou les garanties de s\u00e9curit\u00e9 que les Europ\u00e9ens seraient susceptibles d\u2019apporter \u00e0 Kiev. Il a \u00e9t\u00e9 aussi en premi\u00e8re ligne dans l\u2019intensification de la coop\u00e9ration europ\u00e9enne en mati\u00e8re d\u2019industrie de d\u00e9fense, notamment avec l\u2019Allemagne. Face \u00e0 ce qu\u2019il voit comme le \u00abplus gros d\u00e9r\u00e8glement g\u00e9opolitique depuis la Seconde guerre mondiale\u00bb, il a b\u00e9n\u00e9fici\u00e9 pour son minist\u00e8re d\u2019un budget en ascension constante, \u00e0 l\u2019inverse de la plupart de ses coll\u00e8gues. Apr\u00e8s l\u2019attaque du Hamas contre Isra\u00ebl le 7 octobre 2023, c\u2019est lui qu\u2019Emmanuel Macron a envoy\u00e9 en tourn\u00e9e r\u00e9gionale pour n\u00e9gocier la lib\u00e9ration d\u2019otages fran\u00e7ais retenus dans la bande de Gaza et incarner la position fran\u00e7aise. Anne RENAUT \u00a9 Agence France-Presse<\/p>\n","protected":false},"excerpt":{"rendered":"Nouveau Premier ministre : S\u00e9bastien Lecornu, fid\u00e8le et discret soldat d&rsquo;Emmanuel Macron l&rsquo;Opinion (avec AFP) Paris &#8211; Venu&hellip;\n","protected":false},"author":2,"featured_media":379215,"comment_status":"","ping_status":"","sticky":false,"template":"","format":"standard","meta":{"footnotes":""},"categories":[2],"tags":[11,1011,27,12,25],"class_list":{"0":"post-379214","1":"post","2":"type-post","3":"status-publish","4":"format-standard","5":"has-post-thumbnail","7":"category-actualites","8":"tag-actualites","9":"tag-fr","10":"tag-france","11":"tag-news","12":"tag-republique-francaise"},"share_on_mastodon":{"url":"https:\/\/pubeurope.com\/@fr\/115177681344040367","error":""},"_links":{"self":[{"href":"https:\/\/www.europesays.com\/fr\/wp-json\/wp\/v2\/posts\/379214","targetHints":{"allow":["GET"]}}],"collection":[{"href":"https:\/\/www.europesays.com\/fr\/wp-json\/wp\/v2\/posts"}],"about":[{"href":"https:\/\/www.europesays.com\/fr\/wp-json\/wp\/v2\/types\/post"}],"author":[{"embeddable":true,"href":"https:\/\/www.europesays.com\/fr\/wp-json\/wp\/v2\/users\/2"}],"replies":[{"embeddable":true,"href":"https:\/\/www.europesays.com\/fr\/wp-json\/wp\/v2\/comments?post=379214"}],"version-history":[{"count":0,"href":"https:\/\/www.europesays.com\/fr\/wp-json\/wp\/v2\/posts\/379214\/revisions"}],"wp:featuredmedia":[{"embeddable":true,"href":"https:\/\/www.europesays.com\/fr\/wp-json\/wp\/v2\/media\/379215"}],"wp:attachment":[{"href":"https:\/\/www.europesays.com\/fr\/wp-json\/wp\/v2\/media?parent=379214"}],"wp:term":[{"taxonomy":"category","embeddable":true,"href":"https:\/\/www.europesays.com\/fr\/wp-json\/wp\/v2\/categories?post=379214"},{"taxonomy":"post_tag","embeddable":true,"href":"https:\/\/www.europesays.com\/fr\/wp-json\/wp\/v2\/tags?post=379214"}],"curies":[{"name":"wp","href":"https:\/\/api.w.org\/{rel}","templated":true}]}}