{"id":379216,"date":"2025-09-10T02:38:14","date_gmt":"2025-09-10T02:38:14","guid":{"rendered":"https:\/\/www.europesays.com\/fr\/379216\/"},"modified":"2025-09-10T02:38:14","modified_gmt":"2025-09-10T02:38:14","slug":"quel-est-le-veritable-risque-de-mourir-lors-dune-anesthesie-generale","status":"publish","type":"post","link":"https:\/\/www.europesays.com\/fr\/379216\/","title":{"rendered":"quel est le v\u00e9ritable risque de mourir lors d\u2019une anesth\u00e9sie g\u00e9n\u00e9rale\u00a0?"},"content":{"rendered":"<p>    12 millions d\u2019anesth\u00e9sies g\u00e9n\u00e9rales et locor\u00e9gionales sont r\u00e9alis\u00e9es chaque ann\u00e9e en France.<br \/>\n                Gorodenkoff \/ stock.adobe.com<\/p>\n<p><strong>D\u00c9CRYPTAGE <\/strong>&#8211; L\u2019ouverture ce lundi du proc\u00e8s de l\u2019ex-anesth\u00e9siste Fr\u00e9d\u00e9ric P\u00e9chier ravive une angoisse persistante chez de nombreux patients \u00e0 l\u2019approche d\u2019une op\u00e9ration. Mais cette peur de l\u2019anesth\u00e9sie g\u00e9n\u00e9rale est-elle encore fond\u00e9e\u00a0?<\/p>\n<p class=\"fig-paragraph\">L\u2019<a href=\"http:\/\/www.lefigaro.fr\/faits-divers\/l-anesthesiste-pechier-star-du-bloc-operatoire-ou-redoutable-tueur-en-serie-20250907\" data-fig-type=\"Article\" data-gtm-custom-categorie=\"navigation\" data-gtm-custom-action=\"crossclick\" data-gtm-custom-label=\"Contextuel\" data-gtm-event=\"customEventSPE\" data-fig-domain=\"LEFIGARO\" rel=\"nofollow noopener\" target=\"_blank\">ex-anesth\u00e9siste Fr\u00e9d\u00e9ric P\u00e9chier\u00a0<\/a>est<a href=\"http:\/\/www.lefigaro.fr\/faits-divers\/je-ne-suis-pas-responsable-de-la-detresse-des-victimes-soutient-le-dr-pechier-avant-son-proces-qui-debute-ce-lundi-20250908\" data-fig-type=\"NewsFlash\" data-gtm-custom-categorie=\"navigation\" data-gtm-custom-action=\"crossclick\" data-gtm-custom-label=\"Contextuel\" data-gtm-event=\"customEventSPE\" data-fig-domain=\"LEFIGARO\" rel=\"nofollow noopener\" target=\"_blank\">\u00a0jug\u00e9 depuis lundi \u00e0 Besan\u00e7on<\/a>\u00a0pour 30 empoisonnements pr\u00e9sum\u00e9s de patients, dont 12 mortels. Il est soup\u00e7onn\u00e9 d\u2019avoir pollu\u00e9 les poches de perfusion des malades pris en charge par ses coll\u00e8gues, afin de provoquer des arr\u00eats cardiaques, avant d\u2019aider souvent \u00e0 les r\u00e9animer. Des faits qu\u2019il ne cesse de d\u00e9mentir. Toute la lumi\u00e8re doit donc encore \u00eatre faite dans ce proc\u00e8s judiciaire hors norme, mais l\u2019affaire ravive\u00a0<a href=\"https:\/\/sante.lefigaro.fr\/actualite\/2010\/06\/13\/10262-anesthesie-generale-crainte-persiste\" data-fig-type=\"Article\" data-gtm-custom-categorie=\"navigation\" data-gtm-custom-action=\"crossclick\" data-gtm-custom-label=\"Contextuel\" data-gtm-event=\"customEventSPE\" data-fig-domain=\"SANTE\" rel=\"nofollow noopener\" target=\"_blank\">une angoisse ancienne<\/a>\u00a0chez de nombreux Fran\u00e7ais quant \u00e0 l\u2019<a href=\"https:\/\/sante.lefigaro.fr\/sante\/specialite\/anesthesie\/quest-ce-que-cest\" target=\"_blank\" data-fig-type=\"Keyword\" rel=\"sponsored noopener nofollow\" data-gtm-custom-categorie=\"navigation\" data-gtm-custom-action=\"crossclick\" data-gtm-custom-label=\"Contextuel\" data-gtm-event=\"customEventSPE\" data-fig-domain=\"SANTE\">anesth\u00e9sie<\/a>\u00a0g\u00e9n\u00e9rale\u00a0: celle de ne jamais se r\u00e9veiller. Est-elle pour autant fond\u00e9e\u00a0?<\/p>\n<p class=\"fig-paragraph\">Conscient de l\u2019impact m\u00e9diatique du proc\u00e8s sur la confiance de leurs patients envers la profession, le Conseil National Professionnel d\u2019Anesth\u00e9sie-R\u00e9animation \u2013 M\u00e9decine P\u00e9riop\u00e9ratoire (CNP ARMPO), qui r\u00e9unit toutes les instances m\u00e9dicales de la sp\u00e9cialit\u00e9, a assur\u00e9 dans un communiqu\u00e9 publi\u00e9 lundi faire \u00ab\u00a0confiance \u00e0 l\u2019instruction et \u00e0 la justice quant \u00e0 l\u2019issue de ce proc\u00e8s\u00a0\u00bb. Et rappelle\u2026<\/p>\n<p class=\"fig-premium-paywall__infos\">\n        Cet article est r\u00e9serv\u00e9 aux abonn\u00e9s.        Il vous reste 85% \u00e0 d\u00e9couvrir.\n    <\/p>\n<p>                <img  data- alt=\"Le Figaro\" class=\"fig-img--complete fig-img\"\/><\/p>\n<p class=\"fig-premium-paywall__title\">Vous avez envie de lire la suite ?<\/p>\n<p class=\"fig-premium-paywall__subtitle\">D\u00e9bloquez tous les articles imm\u00e9diatement.<\/p>\n<p class=\"fig-premium-paywall__connect\">\n                D\u00e9j\u00e0 abonn\u00e9\u00a0?                <a class=\"fig-premium-paywall__connect-link\" href=\"https:\/\/connect.lefigaro.fr\/login?client=sante_web&amp;type=main&amp;redirect_uri=https%3A%2F%2Fsante.lefigaro.fr%2Fmedecine%2Fla-peur-de-ne-pas-se-reveiller-quel-est-le-veritable-risque-de-mourir-lors-d-une-anesthesie-generale-20250909\" data-js-gtm=\"{&quot;customCategorie&quot;: &quot;conversion&quot;, &quot;customAction&quot;: &quot;before_Landing_Connexion_paywall_auto&quot;, &quot;customLabel&quot;: &quot;c2FudGUubGVmaWdhcm8uZnJfXzFmMDhkNjZlLWNmMDAtNmY4Mi04YmU3LTJkNmQxOWU1ZjYzMl9fQXJ0aWNsZQ==_La peur de ne pas se r\u00e9veiller\u00a0: quel est le v\u00e9ritable risque de mourir lors d\u2019une anesth\u00e9sie g\u00e9n\u00e9rale\u00a0?_393&quot;, &quot;customIDSPE&quot;: &quot;c2FudGUubGVmaWdhcm8uZnJfXzFmMDhkNjZlLWNmMDAtNmY4Mi04YmU3LTJkNmQxOWU1ZjYzMl9fQXJ0aWNsZQ==&quot;, &quot;event&quot;: &quot;customEventSPE&quot;}\" rel=\"nofollow noopener\" target=\"_blank\"><br \/>\n                    Connectez-vous<br \/>\n                <\/a>\n            <\/p>\n","protected":false},"excerpt":{"rendered":"12 millions d\u2019anesth\u00e9sies g\u00e9n\u00e9rales et locor\u00e9gionales sont r\u00e9alis\u00e9es chaque ann\u00e9e en France. Gorodenkoff \/ stock.adobe.com D\u00c9CRYPTAGE &#8211; L\u2019ouverture&hellip;\n","protected":false},"author":2,"featured_media":379217,"comment_status":"","ping_status":"","sticky":false,"template":"","format":"standard","meta":{"footnotes":""},"categories":[2],"tags":[11,24533,18604,1011,27,12,51269,25],"class_list":{"0":"post-379216","1":"post","2":"type-post","3":"status-publish","4":"format-standard","5":"has-post-thumbnail","7":"category-actualites","8":"tag-actualites","9":"tag-anesthesie","10":"tag-chirurgie","11":"tag-fr","12":"tag-france","13":"tag-news","14":"tag-reanimation-medicale","15":"tag-republique-francaise"},"share_on_mastodon":{"url":"https:\/\/pubeurope.com\/@fr\/115177685299327670","error":""},"_links":{"self":[{"href":"https:\/\/www.europesays.com\/fr\/wp-json\/wp\/v2\/posts\/379216","targetHints":{"allow":["GET"]}}],"collection":[{"href":"https:\/\/www.europesays.com\/fr\/wp-json\/wp\/v2\/posts"}],"about":[{"href":"https:\/\/www.europesays.com\/fr\/wp-json\/wp\/v2\/types\/post"}],"author":[{"embeddable":true,"href":"https:\/\/www.europesays.com\/fr\/wp-json\/wp\/v2\/users\/2"}],"replies":[{"embeddable":true,"href":"https:\/\/www.europesays.com\/fr\/wp-json\/wp\/v2\/comments?post=379216"}],"version-history":[{"count":0,"href":"https:\/\/www.europesays.com\/fr\/wp-json\/wp\/v2\/posts\/379216\/revisions"}],"wp:featuredmedia":[{"embeddable":true,"href":"https:\/\/www.europesays.com\/fr\/wp-json\/wp\/v2\/media\/379217"}],"wp:attachment":[{"href":"https:\/\/www.europesays.com\/fr\/wp-json\/wp\/v2\/media?parent=379216"}],"wp:term":[{"taxonomy":"category","embeddable":true,"href":"https:\/\/www.europesays.com\/fr\/wp-json\/wp\/v2\/categories?post=379216"},{"taxonomy":"post_tag","embeddable":true,"href":"https:\/\/www.europesays.com\/fr\/wp-json\/wp\/v2\/tags?post=379216"}],"curies":[{"name":"wp","href":"https:\/\/api.w.org\/{rel}","templated":true}]}}