{"id":379218,"date":"2025-09-10T02:39:15","date_gmt":"2025-09-10T02:39:15","guid":{"rendered":"https:\/\/www.europesays.com\/fr\/379218\/"},"modified":"2025-09-10T02:39:15","modified_gmt":"2025-09-10T02:39:15","slug":"bloquons-tout-une-journee-pour-jauger-la-colere-sociale-en-france-10-09-2025-a-0411","status":"publish","type":"post","link":"https:\/\/www.europesays.com\/fr\/379218\/","title":{"rendered":"\u00ab\u00a0Bloquons tout\u00a0\u00bb: une journ\u00e9e pour jauger la col\u00e8re sociale en France &#8211; 10\/09\/2025 \u00e0 04:11"},"content":{"rendered":"<p>        <img fetchpriority=\"high\" decoding=\"async\" src=\"https:\/\/www.europesays.com\/fr\/wp-content\/uploads\/2025\/09\/9ccf5307afb630670ffd88a6976479e6-760x506.jpg\" alt=\"Graffiti sur un mur de Bordeaux avant le mouvement &quot;Bloquons tout&quot;, le 9 septembre 2025 ( AFP \/ Philippe LOPEZ )\" loading=\"eager\" width=\"760\" height=\"506\" style=\"max-width: 100%!important; height: auto;\"\/><\/p>\n<p class=\"c-image-news__legend\">Graffiti sur un mur de Bordeaux avant le mouvement \u00ab\u00a0Bloquons tout\u00a0\u00bb, le 9 septembre 2025 ( AFP \/ Philippe LOPEZ )<\/p>\n<p>\n La France se pr\u00e9pare mercredi \u00e0 une journ\u00e9e agit\u00e9e dans le sillage de l&rsquo;appel \u00e0 \u00ab\u00a0Bloquons tout\u00a0\u00bb n\u00e9 sur les r\u00e9seaux sociaux et qui devrait permettre de jauger la col\u00e8re sociale, dans un pays en pleine crise politique.\n<\/p>\n<p>\n Blocages d&rsquo;infrastructures de transports, de sites symboliques ou de lyc\u00e9es, manifestations, gr\u00e8ve de la carte bancaire&#8230; Au lendemain de la nomination de S\u00e9bastien Lecornu qui remplace Fran\u00e7ois Bayrou tout juste \u00e9vinc\u00e9 de Matignon, et huit jours avant une mobilisation syndicale, une myriade d&rsquo;actions sont pr\u00e9vues d\u00e8s l&rsquo;aube dans les m\u00e9tropoles, les petites villes et les campagnes. Mais l&rsquo;\u00e9tendue de la mobilisation reste incertaine.\n<\/p>\n<p>\n Quelque \u00ab\u00a080.000 gendarmes et policiers\u00a0\u00bb sont mobilis\u00e9s et \u00ab\u00a0aucun blocage\u00a0\u00bb ne sera tol\u00e9r\u00e9, a pr\u00e9venu le ministre de l&rsquo;Int\u00e9rieur d\u00e9missionnaire, Bruno Retailleau.\n<\/p>\n<p>        <img decoding=\"async\" src=\"https:\/\/www.europesays.com\/fr\/wp-content\/uploads\/2025\/09\/9d82dacc496b7d6dddb1890c5afecd4a-760x507.jpg\" alt=\"Le ministre de l'Int\u00e9rieur Bruno Retailleau, avec le pr\u00e9fet de police de Paris Laurent Nu\u00f1ez (derri\u00e8re lui au centre), parle \u00e0 la presse \u00e0 la veille du mouvement &quot;Bloquons tout&quot;, le 9 septembre 2025 \u00e0 Paris ( AFP \/ ALAIN JOCARD )\" loading=\"eager\" width=\"760\" height=\"507\" style=\"max-width: 100%!important; height: auto;\"\/><\/p>\n<p class=\"c-image-news__legend\">Le ministre de l&rsquo;Int\u00e9rieur Bruno Retailleau, avec le pr\u00e9fet de police de Paris Laurent Nu\u00f1ez (derri\u00e8re lui au centre), parle \u00e0 la presse \u00e0 la veille du mouvement \u00ab\u00a0Bloquons tout\u00a0\u00bb, le 9 septembre 2025 \u00e0 Paris ( AFP \/ ALAIN JOCARD )<\/p>\n<p>\n Le pr\u00e9fet de police de Paris, Laurent Nu\u00f1ez, a dit pour sa part s&rsquo;attendre \u00e0 des actions \u00ab\u00a0coups de poing\u00a0\u00bb, le mouvement ayant \u00e9t\u00e9 \u00ab\u00a0repris par l&rsquo;ultragauche\u00a0\u00bb, mais ne pas penser qu&rsquo;il mobiliserait \u00ab\u00a0la soci\u00e9t\u00e9 civile\u00a0\u00bb.\n<\/p>\n<p>\n Ce mouvement horizontal, n\u00e9 sur les r\u00e9seaux sociaux et sans chef de file identifi\u00e9, rappelle celui des Gilets jaunes, il y a sept ans, mais rassemble des personnes plus jeunes et plus politis\u00e9es, selon une enqu\u00eate de la fondation Jean Jaur\u00e8s.\n<\/p>\n<p>\n Il conteste les mesures d&rsquo;\u00e9conomie annonc\u00e9es mi-juillet par Fran\u00e7ois Bayrou (suppression de deux jours f\u00e9ri\u00e9s, allongement du d\u00e9lai de carence en cas d&rsquo;arr\u00eat-maladie, doublement des franchises m\u00e9dicales, mon\u00e9tisation de la cinqui\u00e8me semaine de cong\u00e9s pay\u00e9s&#8230;) et rejette les classes dirigeantes, en particulier Emmanuel Macron.\n<\/p>\n<p>\n Selon un sondage pour la Tribune dimanche, 46% des Fran\u00e7ais soutiennent le mouvement.\n<\/p>\n<p>\n D\u00e8s lundi soir, des pots de d\u00e9part de Fran\u00e7ois Bayrou, ont rassembl\u00e9 11.000 personnes devant des mairies dans toute la France, selon une source polici\u00e8re, donnant un avant-go\u00fbt de la mobilisation.\n<\/p>\n<p>\n Pour parer aux blocages, le patron du Groupement Mousquetaires\/Intermarch\u00e9, Thierry Cotillard, a ordonn\u00e9 des livraisons plus importantes qu&rsquo;habituellement et d\u00e9nonc\u00e9 comme \u00ab\u00a0vol\u00a0\u00bb les appels aux \u00ab\u00a0chariots gratuits\u00a0\u00bb.\n<\/p>\n<p>\n Si les TGV doivent circuler normalement et les m\u00e9tros parisiens quasi normalement, des perturbations sont pr\u00e9vues sur certaines lignes d&rsquo;Intercit\u00e9s, TER et sur le r\u00e9seau francilien (RER B et D, lignes H et R) ainsi que dans tous les a\u00e9roports fran\u00e7ais.\n<\/p>\n<p>\n Des tentatives de blocages de portes de Paris, des rocades de plusieurs villes et d&rsquo;autoroutes sont aussi pr\u00e9vues.\n<\/p>\n<p>        <img decoding=\"async\" src=\"https:\/\/www.europesays.com\/fr\/wp-content\/uploads\/2025\/09\/d34577606527c151243aebf5ee78fcaa-760x507.jpg\" alt=\"Panneau de signalisation sur le p\u00e9riph\u00e9rique parisien avant le mouvement &quot;Bloquons tout&quot;, le 9 septembre 2025 ( AFP \/ Bertrand GUAY )\" loading=\"eager\" width=\"760\" height=\"507\" style=\"max-width: 100%!important; height: auto;\"\/><\/p>\n<p class=\"c-image-news__legend\">Panneau de signalisation sur le p\u00e9riph\u00e9rique parisien avant le mouvement \u00ab\u00a0Bloquons tout\u00a0\u00bb, le 9 septembre 2025 ( AFP \/ Bertrand GUAY )<\/p>\n<p>\n D\u00e8s mardi apr\u00e8s-midi, des messages sur les panneaux du p\u00e9riph\u00e9rique de la capitale indiquaient ainsi \u00ab\u00a0Manifestation 10\/09 &#8211; \u00e9viter Paris\u00a0\u00bb, a constat\u00e9 l&rsquo;AFP.\n<\/p>\n<p>\n Les autorit\u00e9s surveillent particuli\u00e8rement les \u00ab\u00a0points d&rsquo;int\u00e9r\u00eats vitaux\u00a0\u00bb, comme les raffineries.\n<\/p>\n<p> &#8211; \u00ab\u00a0Position de force\u00a0\u00bb &#8211;<\/p>\n<p>\n L&rsquo;une des inconnues tient \u00e0 la visibilit\u00e9 que parviendra \u00e0 atteindre ce mouvement, partiellement soutenu par les syndicats.\n<\/p>\n<p>\n La CGT et Solidaires ont appel\u00e9 \u00e0 le rejoindre quand la CFDT et FO, notamment, ont pr\u00e9f\u00e9r\u00e9 se concentrer sur la journ\u00e9e intersyndicale du 18, ce qui n&#8217;emp\u00eache pas certaines sections de se mobiliser le 10.\n<\/p>\n<p>        <img decoding=\"async\" src=\"https:\/\/www.europesays.com\/fr\/wp-content\/uploads\/2025\/09\/25c0da1c19a1c7a4adb8f5f5f148cfe0-760x506.jpg\" alt=\"Des travailleurs installent des panneaux en bois pour prot\u00e9ger les commerces, \u00e0 la veille du mouvement &quot;Bloquons tout&quot;, le 9 septembre 2025 \u00e0 Bordeaux ( AFP \/ Philippe LOPEZ )\" loading=\"eager\" width=\"760\" height=\"506\" style=\"max-width: 100%!important; height: auto;\"\/><\/p>\n<p class=\"c-image-news__legend\">Des travailleurs installent des panneaux en bois pour prot\u00e9ger les commerces, \u00e0 la veille du mouvement \u00ab\u00a0Bloquons tout\u00a0\u00bb, le 9 septembre 2025 \u00e0 Bordeaux ( AFP \/ Philippe LOPEZ )<\/p>\n<p>\n Pour la secr\u00e9taire g\u00e9n\u00e9rale de la CGT Sophie Binet, \u00ab\u00a0les travailleurs et les travailleuses sont en position de force\u00a0\u00bb et doivent se mobiliser \u00ab\u00a0le 10 et surtout le 18 septembre\u00a0\u00bb.\n<\/p>\n<p>\n La convergence des col\u00e8res se fait aussi, partiellement, avec celle du monde agricole. La Conf\u00e9d\u00e9ration paysanne, 3e syndicat agricole fran\u00e7ais, a annonc\u00e9 sa participation.\n<\/p>\n<p>\n \u00ab\u00a0Je suis tr\u00e8s en col\u00e8re de la politique qui a \u00e9t\u00e9 men\u00e9e\u00a0\u00bb, confie le porte-parole de la Conf\u00e9d\u00e9ration paysanne en C\u00f4te-d&rsquo;Or, Thomas Maurice, qui manifestera mercredi apr\u00e8s-midi \u00e0 Dijon. Cet \u00e9leveur de ch\u00e8vres d\u00e9nonce la paup\u00e9risation des agriculteurs et \u00ab\u00a0un syst\u00e8me cadenass\u00e9 au service d&rsquo;une caste de la FNSEA\u00a0\u00bb, le premier syndicat agricole.\n<\/p>\n<p>\n B\u00e9r\u00e9nice (pr\u00e9nom d&#8217;emprunt), cofondatrice de l&rsquo;association des m\u00e8res isol\u00e9es, participera \u00e0 des actions \u00e0 Paris. \u00ab\u00a0Les m\u00e8res isol\u00e9es sont tr\u00e8s fortement attaqu\u00e9es depuis plusieurs ann\u00e9es, avec la loi plein emploi et le RSA sous conditions\u00a0\u00bb et \u00ab\u00a0le budget va encore plus nous mettre \u00e0 genoux\u00a0\u00bb, d\u00e9nonce-t-elle.\n<\/p>\n<p>\n Le mouvement se poursuivra-t-il au-del\u00e0 du 10 jusqu&rsquo;\u00e0 la journ\u00e9e syndicale du 18 ?\n<\/p>\n<p>\n \u00ab\u00a0Il faut une action de masse, s&rsquo;il faut une semaine de gr\u00e8ve on la mettra, l&rsquo;objectif c&rsquo;est que Macron d\u00e9gage\u00a0\u00bb, s&rsquo;enflamme Sylvain Chevalier, secr\u00e9taire CGT du CSE \u00e0 la centrale de Paluel (Seine-Maritime) o\u00f9 un piquet de gr\u00e8ve se tient mercredi.<\/p>\n","protected":false},"excerpt":{"rendered":"Graffiti sur un mur de Bordeaux avant le mouvement \u00ab\u00a0Bloquons tout\u00a0\u00bb, le 9 septembre 2025 ( AFP \/&hellip;\n","protected":false},"author":2,"featured_media":379219,"comment_status":"","ping_status":"","sticky":false,"template":"","format":"standard","meta":{"footnotes":""},"categories":[4],"tags":[400,11,398,408,405,1011,27,403,402,399,404,12,25,401,406,407],"class_list":{"0":"post-379218","1":"post","2":"type-post","3":"status-publish","4":"format-standard","5":"has-post-thumbnail","7":"category-france","8":"tag-action-cac-40","9":"tag-actualites","10":"tag-bourse-de-paris","11":"tag-boursorama","12":"tag-cotations","13":"tag-fr","14":"tag-france","15":"tag-indices-devises","16":"tag-investir","17":"tag-investissement","18":"tag-marche-boursier","19":"tag-news","20":"tag-republique-francaise","21":"tag-sicav","22":"tag-trackers","23":"tag-warrants"},"share_on_mastodon":{"url":"https:\/\/pubeurope.com\/@fr\/115177689208155983","error":""},"_links":{"self":[{"href":"https:\/\/www.europesays.com\/fr\/wp-json\/wp\/v2\/posts\/379218","targetHints":{"allow":["GET"]}}],"collection":[{"href":"https:\/\/www.europesays.com\/fr\/wp-json\/wp\/v2\/posts"}],"about":[{"href":"https:\/\/www.europesays.com\/fr\/wp-json\/wp\/v2\/types\/post"}],"author":[{"embeddable":true,"href":"https:\/\/www.europesays.com\/fr\/wp-json\/wp\/v2\/users\/2"}],"replies":[{"embeddable":true,"href":"https:\/\/www.europesays.com\/fr\/wp-json\/wp\/v2\/comments?post=379218"}],"version-history":[{"count":0,"href":"https:\/\/www.europesays.com\/fr\/wp-json\/wp\/v2\/posts\/379218\/revisions"}],"wp:featuredmedia":[{"embeddable":true,"href":"https:\/\/www.europesays.com\/fr\/wp-json\/wp\/v2\/media\/379219"}],"wp:attachment":[{"href":"https:\/\/www.europesays.com\/fr\/wp-json\/wp\/v2\/media?parent=379218"}],"wp:term":[{"taxonomy":"category","embeddable":true,"href":"https:\/\/www.europesays.com\/fr\/wp-json\/wp\/v2\/categories?post=379218"},{"taxonomy":"post_tag","embeddable":true,"href":"https:\/\/www.europesays.com\/fr\/wp-json\/wp\/v2\/tags?post=379218"}],"curies":[{"name":"wp","href":"https:\/\/api.w.org\/{rel}","templated":true}]}}