{"id":379220,"date":"2025-09-10T02:42:09","date_gmt":"2025-09-10T02:42:09","guid":{"rendered":"https:\/\/www.europesays.com\/fr\/379220\/"},"modified":"2025-09-10T02:42:09","modified_gmt":"2025-09-10T02:42:09","slug":"les-infos-rugby-quil-ne-fallait-pas-louper-aujourdhui","status":"publish","type":"post","link":"https:\/\/www.europesays.com\/fr\/379220\/","title":{"rendered":"Les infos rugby qu&rsquo;il ne fallait pas louper aujourd&rsquo;hui"},"content":{"rendered":"<p>            Par<br \/>\n        <strong><br \/>\n            <a href=\"https:\/\/actu.fr\/auteur\/emilie-dudonfournier\" title=\"Consulter tous les articles de Emilie Dudon-Fournier\" target=\"_blank\" rel=\"noopener\">Emilie Dudon-Fournier<\/a><br \/>\n        <\/strong><\/p>\n<p>        Publi\u00e9 le<\/p>\n<p>            9 sept. 2025 \u00e0 18h35        <\/p>\n<p>Il se passe toujours quelque chose, quelque part, sur la plan\u00e8te rugby. <a href=\"https:\/\/actu.fr\/rugby\/\" target=\"_blank\" rel=\"noopener\">Actu Rugby<\/a> vous \u00e9vite de passer des heures \u00e0 scroller pour \u00eatre au parfum de tout ce qu\u2019il fallait savoir aujourd\u2019hui. Voici les 4 infos \u00e0 retenir en ce mardi 9 septembre.<\/p>\n<p>Perpignan : McIntyre out 6 mois, un joker envisag\u00e9<\/p>\n<p class=\" wall-content\"><a href=\"https:\/\/actu.fr\/tag\/usap-perpignan\" target=\"_blank\" rel=\"noopener\">L\u2019Usap<\/a> envisage de recruter un joker m\u00e9dical pour faire face au nouveau coup dur intervenu lors de d\u00e9faite \u00e0 domicile contre Bayonne samedi (19-26) : la<strong> rupture des ligaments crois\u00e9s<\/strong> a \u00e9t\u00e9 confirm\u00e9e apr\u00e8s la blessure au genou droit de<strong> l\u2019ouvreur Jake McIntyre<\/strong>. Il sera absent environ 6 mois.<\/p>\n<p class=\" wall-content\">La date de reprise d\u2019Antoine Aucagne, op\u00e9r\u00e9 du dos cet \u00e9t\u00e9, n\u2019\u00e9tant pas encore connue, il reste seulement son compatriote Tristan Tedder et l\u2019Italien Tommaso Allan pour couvrir le poste. \u00ab\u00a0Nous envisageons un joker, mais ce n\u2019est pas simple de trouver \u00e0 cette p\u00e9riode de la saison\u00a0\u00bb, a indiqu\u00e9 \u00e0 Actu Rugby le Directeur G\u00e9n\u00e9ral du club, Bruno Rolland.<\/p>\n<p>Toulouse : Akhi, Mallez et Ntamack forfait contre Perpignan<\/p>\n<p class=\" wall-content\">Contre Perpignan samedi, <a href=\"https:\/\/actu.fr\/tag\/stade-toulousain\" target=\"_blank\" rel=\"noopener\">le Stade toulousain<\/a> va devoir se passer du centre <strong>Pita Akhi,<\/strong> du troisi\u00e8me ligne <strong>Th\u00e9o Ntamack<\/strong> (tous deux victimes de commotions lors de <a href=\"https:\/\/actu.fr\/sports\/rugby\/top-14\/video-course-de-mammouth-coup-de-pied-de-genie-les-actions-monumentales-de-jelonch-et-ramos_63127692.html\" target=\"_blank\" rel=\"noopener\">la victoire \u00e0 Clermont<\/a>) ainsi que du pilier <strong>Paul Mallez,<\/strong> selon Rugbyrama ce mardi. Ils pourraient \u00eatre rejoints par les internationaux fran\u00e7ais <strong>Emmanuel Meafou<\/strong> et <strong>Fran\u00e7ois Cros,<\/strong> touch\u00e9s \u00e0 Clermont et mis au repos en ce d\u00e9but de semaine. En revanche, Willis, Brennan, Marchand, Kinghorn et Elias, indisponibles \u00e0 Clermont, postulent.<\/p>\n<p><strong>Decazeville : L\u2019agresseur exclu du club<\/strong><\/p>\n<p class=\" wall-content\">Decazeville (F\u00e9d\u00e9rale 2) a publi\u00e9 un communiqu\u00e9 ce mardi matin apr\u00e8s l\u2019agression d\u2019une septuag\u00e9naire par une recrue du club, Ndzongelo Gemashe, lors d\u2019une soir\u00e9e dans le cadre du stage de pr\u00e9-saison \u00e0 Najac. Le club a indiqu\u00e9 que le Sud-Africain, tr\u00e8s alcoolis\u00e9 au moment des faits et plac\u00e9 sous contr\u00f4le judiciaire depuis, avait \u00e9t\u00e9 <strong>imm\u00e9diatement exclu de l\u2019effectif,<\/strong> contrairement au pr\u00e9parateur physique, \u00e9galement recrut\u00e9 cet \u00e9t\u00e9 et auteur lui aussi de d\u00e9g\u00e2ts mat\u00e9riels durant la soir\u00e9e.<\/p>\n<p class=\" wall-content\">\u00ab\u00a0\u00c0 la victime, aux proches de la victime, \u00e0 nos supporters, \u00e0 nos partenaires, \u00e0 tous : nous exprimons notre tristesse, notre col\u00e8re, notre incompr\u00e9hension. Nous sommes sous le choc, mais notre choc n\u2019est rien \u00e0 c\u00f4t\u00e9 de celui subi par la victime de cette agression\u00a0\u00bb, est-il indiqu\u00e9 dans le communiqu\u00e9. \u00ab\u00a0Du fond du c\u0153ur, \u00e0 tous ceux qui nous liront, nous vous prions de ne pas faire d\u2019amalgame. Cet acte, grave et inf\u00e2me, est l\u2019acte d\u2019un seul homme. Cet acte nous salit, salit notre club, salit notre sport, salit nos valeurs. Nous affirmons notre engagement contre toute forme de violence. Nous prendrons les mesures n\u00e9cessaires.\u00a0\u00bb<\/p>\n<p>Votre r\u00e9gion, votre actu !<\/p>\n<p>Recevez chaque jour les infos qui comptent pour vous.<\/p>\n<p>\t<a href=\"https:\/\/actu.fr\/newsletter\" class=\"ac-btn ac-btn--corner ac-btn--medium ac-btn--blue800\" target=\"_blank\" rel=\"noopener\">S&rsquo;incrire<\/a><br \/>\n<strong>Bordeaux-B\u00e8gles : 6 \u00e0 8 semaines pour Du Preez<\/strong><\/p>\n<p class=\" wall-content\">Victime d\u2019une entorse du ligament interne d\u2019un genou en s\u2019entra\u00eenant avec les Springboks, le troisi\u00e8me ligne sud-africain <strong>Jean-Luc du Preez est bien arriv\u00e9 \u00e0 <a href=\"https:\/\/actu.fr\/tag\/usb-union-bordeaux-begles\" target=\"_blank\" rel=\"noopener\">Bordeaux<\/a><\/strong> mais ne pourra pas jouer avant 6 \u00e0 8 semaines, a indiqu\u00e9 le manager girondin Yannick Bru.<\/p>\n<p class=\" wall-content\">Le Springbok (30 ans, 16 s\u00e9lections), qui craignait d\u2019\u00eatre out pour les tests de novembre avec les champions du monde, pourrait \u00eatre appel\u00e9 en s\u00e9lection selon l\u2019avanc\u00e9e de sa convalescence. Il n\u2019est donc <strong>pas pr\u00e8s de faire ses d\u00e9buts attendus en Top 14.<\/strong><\/p>\n<p class=\" wall-content\">Personnalisez votre actualit\u00e9 en ajoutant vos villes et m\u00e9dias en favori avec <a href=\"https:\/\/moncompte.actu.fr\" title=\"D\u00e9couvez Mon Actu\" rel=\"nofollow noopener\" data-trk=\"{&quot;cta&quot;:{&quot;action&quot;:&quot;https:\\\/\\\/moncompte.actu.fr&quot;,&quot;category&quot;:&quot;mon compte&quot;,&quot;from&quot;:&quot;article footer&quot;,&quot;name&quot;:&quot;Mon actu&quot;,&quot;type&quot;:&quot;cta&quot;}}\" target=\"_blank\">Mon Actu<\/a>.<\/p>\n","protected":false},"excerpt":{"rendered":"Par Emilie Dudon-Fournier Publi\u00e9 le 9 sept. 2025 \u00e0 18h35 Il se passe toujours quelque chose, quelque part,&hellip;\n","protected":false},"author":2,"featured_media":379221,"comment_status":"","ping_status":"","sticky":false,"template":"","format":"standard","meta":{"footnotes":""},"categories":[1416],"tags":[5592,1011,27,479,1468,60,476,478,4435,10744],"class_list":{"0":"post-379220","1":"post","2":"type-post","3":"status-publish","4":"format-standard","5":"has-post-thumbnail","7":"category-rugby","8":"tag-amateurs","9":"tag-fr","10":"tag-france","11":"tag-rugby","12":"tag-rugby-football","13":"tag-sports","14":"tag-stade-toulousain","15":"tag-top-14","16":"tag-ubb-union-bordeaux-begles","17":"tag-usap-perpignan"},"share_on_mastodon":{"url":"https:\/\/pubeurope.com\/@fr\/115177700925915116","error":""},"_links":{"self":[{"href":"https:\/\/www.europesays.com\/fr\/wp-json\/wp\/v2\/posts\/379220","targetHints":{"allow":["GET"]}}],"collection":[{"href":"https:\/\/www.europesays.com\/fr\/wp-json\/wp\/v2\/posts"}],"about":[{"href":"https:\/\/www.europesays.com\/fr\/wp-json\/wp\/v2\/types\/post"}],"author":[{"embeddable":true,"href":"https:\/\/www.europesays.com\/fr\/wp-json\/wp\/v2\/users\/2"}],"replies":[{"embeddable":true,"href":"https:\/\/www.europesays.com\/fr\/wp-json\/wp\/v2\/comments?post=379220"}],"version-history":[{"count":0,"href":"https:\/\/www.europesays.com\/fr\/wp-json\/wp\/v2\/posts\/379220\/revisions"}],"wp:featuredmedia":[{"embeddable":true,"href":"https:\/\/www.europesays.com\/fr\/wp-json\/wp\/v2\/media\/379221"}],"wp:attachment":[{"href":"https:\/\/www.europesays.com\/fr\/wp-json\/wp\/v2\/media?parent=379220"}],"wp:term":[{"taxonomy":"category","embeddable":true,"href":"https:\/\/www.europesays.com\/fr\/wp-json\/wp\/v2\/categories?post=379220"},{"taxonomy":"post_tag","embeddable":true,"href":"https:\/\/www.europesays.com\/fr\/wp-json\/wp\/v2\/tags?post=379220"}],"curies":[{"name":"wp","href":"https:\/\/api.w.org\/{rel}","templated":true}]}}