{"id":379222,"date":"2025-09-10T02:43:13","date_gmt":"2025-09-10T02:43:13","guid":{"rendered":"https:\/\/www.europesays.com\/fr\/379222\/"},"modified":"2025-09-10T02:43:13","modified_gmt":"2025-09-10T02:43:13","slug":"boisson-va-disputer-la-tournee-asiatique-avec-un-nouvel-entraineur","status":"publish","type":"post","link":"https:\/\/www.europesays.com\/fr\/379222\/","title":{"rendered":"Boisson va disputer la tourn\u00e9e asiatique avec un nouvel entra\u00eeneur"},"content":{"rendered":"<p>                <img decoding=\"async\" src=\"https:\/\/www.europesays.com\/fr\/wp-content\/uploads\/2025\/09\/moTm.jpg\" fetchpriority=\"high\" alt=\"Boisson va disputer la tourn\u00e9e asiatique avec un nouvel entra\u00eeneur\"\/><\/p>\n<p>Demi-finaliste surprise de Roland-Garros, Lo\u00efs Boisson a fait une entr\u00e9e fracassante dans le top 100 apr\u00e8s la quinzaine parisienne. Par la suite, la Fran\u00e7aise de 22 ans a confirm\u00e9 en remportant son premier titre sur le circuit WTA sur la terre battue de Hambourg fin juillet.<\/p>\n<p>Depuis, bless\u00e9e \u00e0 une cuisse, la Dijonnaise n\u2019a disput\u00e9 que deux tournois, \u00e0 Cleveland et \u00e0 l\u2019US Open, o\u00f9 elle s\u2019est \u00e0 chaque fois inclin\u00e9e d\u00e8s son entr\u00e9e en lice. La prochaine \u00e9tape pour Boisson sera la tourn\u00e9e asiatique.<\/p>\n<p>Apr\u00e8s s\u2019\u00eatre s\u00e9par\u00e9e de son entra\u00eeneur Florian Reynet juste avant son premier tour \u00e0 New York contre Golubic, la Fran\u00e7aise avait mis \u00e0 l\u2019essai Carlos Martinez, entra\u00eeneur espagnol exp\u00e9riment\u00e9 qui a travaill\u00e9 avec Simona Halep, Svetlana Kuznetsova, Clara Tauson, Daria Kasatkina ou encore plus r\u00e9cemment Diana Shnaider.<\/p>\n<p>Les quelques jours pass\u00e9s ensemble semblent en tout cas avoir convaincu les deux parties de poursuivre leur collaboration lors des prochaines semaines dans des tournois officiels, comme l\u2019affirme l&rsquo;\u00c9quipe en ce mardi apr\u00e8s-midi.<\/p>\n<p>\u00ab Leurs quelques jours d&rsquo;entra\u00eenement se sont tr\u00e8s bien pass\u00e9s. \u00c7a a tout de suite match\u00e9 entre eux et l&rsquo;envie de voir ce que \u00e7a pourrait donner \u00e9tait mutuelle. L&rsquo;id\u00e9e est de faire le point \u00e0 l&rsquo;issue de ces tournois (la fin de la tourn\u00e9e asiatique, apr\u00e8s Tokyo fin octobre).<\/p>\n<p>Les crit\u00e8res de Lo\u00efs (Boisson) concernaient prioritairement l&rsquo;exp\u00e9rience du haut niveau f\u00e9minin, la connaissance du circuit, le fait d&rsquo;avoir collabor\u00e9 avec des top 10, la motivation pour s&rsquo;investir compl\u00e8tement, voyager, et puis trouver quelqu&rsquo;un avec une vision, pour la faire bosser dans la bonne direction \u00bb, a affirm\u00e9 l\u2019agent de la joueuse pour le quotidien fran\u00e7ais.<\/p>\n<p>Boisson disputera le tournoi WTA 500 de S\u00e9oul seule la semaine du 15 septembre, avant que Martinez ne l\u2019accompagne sur le reste de la tourn\u00e9e asiatique, qui s&rsquo;\u00e9talera sur un gros mois.<\/p>\n<p>47e mondiale, la Fran\u00e7aise devrait ensuite participer \u00e0 quatre autres tournois apr\u00e8s son passage en Cor\u00e9e du Sud : les WTA 1000 de P\u00e9kin et Wuhan, le WTA 250 d\u2019Osaka et le WTA 500 de Tokyo.<\/p>\n","protected":false},"excerpt":{"rendered":"Demi-finaliste surprise de Roland-Garros, Lo\u00efs Boisson a fait une entr\u00e9e fracassante dans le top 100 apr\u00e8s la quinzaine&hellip;\n","protected":false},"author":2,"featured_media":379223,"comment_status":"","ping_status":"","sticky":false,"template":"","format":"standard","meta":{"footnotes":""},"categories":[1415],"tags":[1011,27,60,1467],"class_list":{"0":"post-379222","1":"post","2":"type-post","3":"status-publish","4":"format-standard","5":"has-post-thumbnail","7":"category-tennis","8":"tag-fr","9":"tag-france","10":"tag-sports","11":"tag-tennis"},"share_on_mastodon":{"url":"https:\/\/pubeurope.com\/@fr\/115177704953707395","error":""},"_links":{"self":[{"href":"https:\/\/www.europesays.com\/fr\/wp-json\/wp\/v2\/posts\/379222","targetHints":{"allow":["GET"]}}],"collection":[{"href":"https:\/\/www.europesays.com\/fr\/wp-json\/wp\/v2\/posts"}],"about":[{"href":"https:\/\/www.europesays.com\/fr\/wp-json\/wp\/v2\/types\/post"}],"author":[{"embeddable":true,"href":"https:\/\/www.europesays.com\/fr\/wp-json\/wp\/v2\/users\/2"}],"replies":[{"embeddable":true,"href":"https:\/\/www.europesays.com\/fr\/wp-json\/wp\/v2\/comments?post=379222"}],"version-history":[{"count":0,"href":"https:\/\/www.europesays.com\/fr\/wp-json\/wp\/v2\/posts\/379222\/revisions"}],"wp:featuredmedia":[{"embeddable":true,"href":"https:\/\/www.europesays.com\/fr\/wp-json\/wp\/v2\/media\/379223"}],"wp:attachment":[{"href":"https:\/\/www.europesays.com\/fr\/wp-json\/wp\/v2\/media?parent=379222"}],"wp:term":[{"taxonomy":"category","embeddable":true,"href":"https:\/\/www.europesays.com\/fr\/wp-json\/wp\/v2\/categories?post=379222"},{"taxonomy":"post_tag","embeddable":true,"href":"https:\/\/www.europesays.com\/fr\/wp-json\/wp\/v2\/tags?post=379222"}],"curies":[{"name":"wp","href":"https:\/\/api.w.org\/{rel}","templated":true}]}}