{"id":379224,"date":"2025-09-10T02:45:25","date_gmt":"2025-09-10T02:45:25","guid":{"rendered":"https:\/\/www.europesays.com\/fr\/379224\/"},"modified":"2025-09-10T02:45:25","modified_gmt":"2025-09-10T02:45:25","slug":"motogp-marc-marquez-decroche-la-pole-position-en-allemagne-zarco-deuxieme","status":"publish","type":"post","link":"https:\/\/www.europesays.com\/fr\/379224\/","title":{"rendered":"MotoGP\u00a0: Marc Marquez d\u00e9croche la pole position en Allemagne, Zarco deuxi\u00e8me"},"content":{"rendered":"<p class=\"paragraph text_align_left lp-f-body-02\">Sous la pluie, l\u2019Espagnol Marc Marquez (Ducati) a d\u00e9croch\u00e9 la pole position du GP d\u2019Allemagne de MotoGP, 11e manche sur 22 de la saison, samedi sur son circuit f\u00e9tiche du Sachsenring, alors que le Fran\u00e7ais <a href=\"https:\/\/www.leparisien.fr\/sports\/motogp-johann-zarco-remporte-le-gp-de-france-une-premiere-pour-un-francais-depuis-1954-11-05-2025-YMBEXP4H6ZALBBOKXS5B3MBBF4.php\" target=\"_blank\" rel=\"noreferrer noopener\">Johann Zarco<\/a> (Honda-LCR) a cr\u00e9\u00e9 la surprise en prenant la deuxi\u00e8me place.<\/p>\n<p class=\"paragraph text_align_left lp-f-body-02\">Le leader du Championnat du monde a confirm\u00e9 qu\u2019il \u00e9tait dans son jardin sur le trac\u00e9 situ\u00e9 pr\u00e8s de Chemnitz, en ex-Allemagne de l\u2019Est, en s\u2019adjugeant dans des conditions d\u2019adh\u00e9rence difficiles sa huiti\u00e8me pole position en dix courses dans la cat\u00e9gorie reine en Allemagne, la 73e de sa carri\u00e8re en MotoGP.<\/p>\n<p class=\"paragraph text_align_left lp-f-body-02\">Le Catalan s\u2019\u00e9lancera en t\u00eate pour la septi\u00e8me fois en 11 manches cette saison et sera le grand favori de la course sprint samedi et du Grand Prix dimanche, o\u00f9 il visera un neuvi\u00e8me succ\u00e8s en dix GP sur le circuit allemand, o\u00f9 il n\u2019a jamais fait moins bien que deuxi\u00e8me.<\/p>\n<p class=\"paragraph text_align_left lp-f-body-02\">Le seul qui a \u00e9t\u00e9 en mesure de suivre le rythme infernal du sextuple champion du monde de MotoGP a \u00e9t\u00e9 Zarco, le v\u00e9t\u00e9ran de la grille \u00e0 bient\u00f4t 35 ans, qui appr\u00e9cie de rouler sous la pluie mais a finalement \u00e9chou\u00e9 \u00e0 151 milli\u00e8mes de Marquez.<\/p>\n<p class=\"paragraph text_align_left lp-f-body-02\">L\u2019Italien Marco Bezzecchi (Aprilia), tr\u00e8s en forme ces derni\u00e8res semaines, a pris la troisi\u00e8me place.<\/p>\n<p class=\"paragraph text_align_left lp-f-body-02\">La deuxi\u00e8me ligne sera occup\u00e9e par l\u2019Italien Franco Morbidelli (Ducati-VR46) et les Espagnols Pedro Acosta (KTM) et Alex Marquez (Ducati-Gresini), dauphin de son fr\u00e8re au championnat.<\/p>\n<p class=\"paragraph text_align_left lp-f-body-02\">L\u2019autre Fran\u00e7ais de la grille, Fabio Quartararo (Yamaha), s\u2019\u00e9lancera en troisi\u00e8me ligne, \u00e0 la 7e position.<\/p>\n<p class=\"paragraph text_align_left lp-f-body-02\">Le double champion du monde italien Francesco Bagnaia (2022, 2023), co\u00e9quipier de Marc Marquez chez Ducati, a v\u00e9cu des qualifications cauchemardesques en terminant 11e, alors que l\u2019Espagnol Maverick Vinales (KTM-Tech3) a chut\u00e9 lourdement lors de son premier tour et a d\u00fb passer des examens au centre m\u00e9dical sans pouvoir r\u00e9aliser un seul chrono.<\/p>\n","protected":false},"excerpt":{"rendered":"Sous la pluie, l\u2019Espagnol Marc Marquez (Ducati) a d\u00e9croch\u00e9 la pole position du GP d\u2019Allemagne de MotoGP, 11e&hellip;\n","protected":false},"author":2,"featured_media":379225,"comment_status":"","ping_status":"","sticky":false,"template":"","format":"standard","meta":{"footnotes":""},"categories":[1413],"tags":[1011,27,1457,1456,60],"class_list":{"0":"post-379224","1":"post","2":"type-post","3":"status-publish","4":"format-standard","5":"has-post-thumbnail","7":"category-moto","8":"tag-fr","9":"tag-france","10":"tag-moto","11":"tag-motocycle","12":"tag-sports"},"share_on_mastodon":{"url":"https:\/\/pubeurope.com\/@fr\/115177712746589968","error":""},"_links":{"self":[{"href":"https:\/\/www.europesays.com\/fr\/wp-json\/wp\/v2\/posts\/379224","targetHints":{"allow":["GET"]}}],"collection":[{"href":"https:\/\/www.europesays.com\/fr\/wp-json\/wp\/v2\/posts"}],"about":[{"href":"https:\/\/www.europesays.com\/fr\/wp-json\/wp\/v2\/types\/post"}],"author":[{"embeddable":true,"href":"https:\/\/www.europesays.com\/fr\/wp-json\/wp\/v2\/users\/2"}],"replies":[{"embeddable":true,"href":"https:\/\/www.europesays.com\/fr\/wp-json\/wp\/v2\/comments?post=379224"}],"version-history":[{"count":0,"href":"https:\/\/www.europesays.com\/fr\/wp-json\/wp\/v2\/posts\/379224\/revisions"}],"wp:featuredmedia":[{"embeddable":true,"href":"https:\/\/www.europesays.com\/fr\/wp-json\/wp\/v2\/media\/379225"}],"wp:attachment":[{"href":"https:\/\/www.europesays.com\/fr\/wp-json\/wp\/v2\/media?parent=379224"}],"wp:term":[{"taxonomy":"category","embeddable":true,"href":"https:\/\/www.europesays.com\/fr\/wp-json\/wp\/v2\/categories?post=379224"},{"taxonomy":"post_tag","embeddable":true,"href":"https:\/\/www.europesays.com\/fr\/wp-json\/wp\/v2\/tags?post=379224"}],"curies":[{"name":"wp","href":"https:\/\/api.w.org\/{rel}","templated":true}]}}