{"id":379226,"date":"2025-09-10T02:46:18","date_gmt":"2025-09-10T02:46:18","guid":{"rendered":"https:\/\/www.europesays.com\/fr\/379226\/"},"modified":"2025-09-10T02:46:18","modified_gmt":"2025-09-10T02:46:18","slug":"pourquoi-linterview-daya-nakamura-cree-une-polemique","status":"publish","type":"post","link":"https:\/\/www.europesays.com\/fr\/379226\/","title":{"rendered":"pourquoi l\u2019interview d\u2019Aya Nakamura cr\u00e9e une pol\u00e9mique"},"content":{"rendered":"<p>Sur la grille de d\u00e9part du Grand Prix de Monza, <strong>Aya Nakamura<\/strong> \u00e9tait l\u2019invit\u00e9e officielle de LVMH. Acclam\u00e9e pour ses succ\u00e8s mondiaux, la chanteuse fran\u00e7aise a crois\u00e9 plusieurs pilotes, notamment le Fran\u00e7ais <strong>Isack Hadjar<\/strong>, et profit\u00e9 de l\u2019ambiance d\u2019un univers qu\u2019elle d\u00e9couvrait pour la premi\u00e8re fois. Les images diffus\u00e9es sur Instagram et dans la presse sportive ont rapidement fait le tour des r\u00e9seaux sociaux.<\/p>\n<p>L\u2019\u00e9v\u00e9nement aurait pu s\u2019arr\u00eater l\u00e0, comme pour d\u2019autres c\u00e9l\u00e9brit\u00e9s r\u00e9guli\u00e8rement invit\u00e9es sur les plus grandes comp\u00e9titions sportives. Mais l\u2019interview qu&rsquo;elle a donn\u00e9e en direct \u00e0 Canal+ a d\u00e9clench\u00e9 une vive pol\u00e9mique.<\/p>\n<blockquote class=\"twitter-tweet\"><p>&#13;<\/p>\n<p dir=\"ltr\" lang=\"fr\">Aya Nakamura sur la grille \u00e0 Monza \ud83e\udd70\ud83c\uddee\ud83c\uddf9<a href=\"https:\/\/twitter.com\/hashtag\/ItalianGP?src=hash&amp;ref_src=twsrc%5Etfw\" target=\"_blank\" rel=\"noopener\">#ItalianGP<\/a> <a href=\"https:\/\/twitter.com\/hashtag\/F1?src=hash&amp;ref_src=twsrc%5Etfw\" target=\"_blank\" rel=\"noopener\">#F1<\/a> <a href=\"https:\/\/t.co\/GejeXF80iC\">pic.twitter.com\/GejeXF80iC<\/a><\/p>\n<p>&#13;<br \/>\n\u2014 CANAL+ F1\u00ae (@CanalplusF1) <a href=\"https:\/\/twitter.com\/CanalplusF1\/status\/1964672390895415388?ref_src=twsrc%5Etfw\" target=\"_blank\" rel=\"noopener\">September 7, 2025<\/a><\/p><\/blockquote>\n<p>Des questions jug\u00e9es condescendantes<\/p>\n<p>Au micro de Canal+, la journaliste Margot Laffite lui demande : \u00ab\u00a0Aya, est-ce que vous pouvez nous dire ce que vous connaissez de la Formule 1 ?\u00a0\u00bb\u00a0ou encore \u00ab\u00a0Est-ce un monde nouveau pour vous ?\u00a0\u00bb.<\/p>\n<p>La chanteuse r\u00e9pond avec simplicit\u00e9 et courtoisie : \u00ab\u00a0J\u2019ai fait un tour ce matin, je ne connaissais pas, wow c\u2019est vraiment incroyable. L\u00e0 je suis en train de d\u00e9couvrir un nouveau monde, on va dire. Tr\u00e8s honor\u00e9e d\u2019\u00eatre l\u00e0.\u00a0\u00bb<\/p>\n<p>Mais pour beaucoup d\u2019internautes, ces questions sonnaient comme une mise \u00e0 l\u2019\u00e9cart, insinuant qu\u2019elle n\u2019appartenait pas \u00e0 cet univers. L\u2019\u00e9change se termine par une remarque qui accentue encore ce sentiment : \u00ab\u00a0Il n\u2019y a pas trop de djadja ici ?\u00a0\u00bb, une allusion \u00e0 son tube plan\u00e9taire per\u00e7ue comme condescendante, qui renforce ce sentiment de malaise, voire comme une mani\u00e8re d\u2019exotiser la chanteuse.<\/p>\n<p>Un d\u00e9bat qui enflamme les r\u00e9seaux<\/p>\n<p>En ligne, les commentaires refl\u00e8tent une division nette. Une partie des internautes reproche \u00e0 Aya Nakamura de se retrouver dans un univers dont elle ne conna\u00eet pas les codes. \u00ab\u00a0Conna\u00eet-elle au moins la diff\u00e9rence entre un drapeau jaune et un drapeau rouge ?\u00a0\u00bb, ironise l\u2019un d\u2019eux. Un autre se plaint : \u00ab\u00a0Mais quel int\u00e9r\u00eat ? Des gens passionn\u00e9s r\u00eaveraient d\u2019\u00eatre l\u00e0 et on interroge une star qui n\u2019y conna\u00eet rien. Path\u00e9tique.\u00a0\u00bb<\/p>\n<p>Ces remarques sont teint\u00e9es de m\u00e9pris, et ne se retrouvent pas dans les commentaires d\u2019interview similaires d\u2019artistes masculins (acteurs ou chanteurs) et de femmes blanches, font remarquer les internautes.<\/p>\n<p>Une pol\u00e9mique sur le racisme ordinaire<\/p>\n<p>\u00c0 l\u2019oppos\u00e9, d\u2019autres d\u00e9fendent la chanteuse et d\u00e9noncent le ton de l\u2019interview. \u00ab\u00a0Elle a tr\u00e8s bien r\u00e9pondu malgr\u00e9 des questions assez vicieuses \u00e0 mon go\u00fbt\u00a0\u00bb,\u00a0\u00e9crit un internaute. Un autre s\u2019interroge : \u00ab\u00a0Vous pensez qu\u2019on poserait ce genre de questions \u00e0 une star blanche invit\u00e9e \u00e0 Roland-Garros ?\u00a0\u00bb. Beaucoup soulignent encore la question sur les \u201cdjadja\u201d\u00a0 : \u00ab\u00a0\u2018Y\u2019a pas trop de djadja ici\u2019, \u00e7a voulait dire quoi exactement ?\u00a0\u00bb\u00a0<\/p>\n<p>Un commentaire qui a \u00e9t\u00e9 beaucoup repris souligne : \u00ab\u00a0Vous pensez que[la journaliste] aurait demand\u00e9 : &lsquo;vous connaissez quoi de la F1?&rsquo; et &lsquo;c\u2019est un monde nouveau pour vous ici&rsquo; si Aya n&rsquo;\u00e9tait pas noire ? Vous pensez qu&rsquo;elle aurait demand\u00e9 : &lsquo;Comment s\u2019est pass\u00e9 la relation avec Isack?&rsquo; si c\u2019\u00e9tait pas une femme ?\u00a0\u00bb<\/p>\n<p>Ainsi certains vont plus loin et y voient une forme de racisme ordinaire. Un commentaire r\u00e9sume cette impression avec brutalit\u00e9 : \u00ab\u00a0Alors \u00e7a fait quoi d\u2019\u00eatre une NOIRE de quartiers invit\u00e9e dans un environnement dont les tiens ne sont pas cens\u00e9s d\u00e9tenir les codes ?\u00a0\u00bb<\/p>\n<p>Entre misogynoir et critiques de l\u00e9gitimit\u00e9<\/p>\n<p>Cette controverse illustre deux lectures oppos\u00e9es. Pour les uns, Aya Nakamura incarne l\u2019injustice d\u2019un syst\u00e8me qui invite des c\u00e9l\u00e9brit\u00e9s qu&rsquo;ils supposent peu int\u00e9ress\u00e9es par la F1, au d\u00e9triment de vrais passionn\u00e9s. Pour les autres, ce traitement rel\u00e8ve d\u2019un double standard : d\u2019autres vedettes, invit\u00e9es dans des \u00e9v\u00e9nements sportifs, ne subissent jamais ce type de remise en cause.<\/p>\n<p>La notion de <strong>misogynoir<\/strong>, qui d\u00e9signe la combinaison sp\u00e9cifique du sexisme et du racisme visant les femmes noires, est revenue de fa\u00e7on r\u00e9currente dans les discussions. La r\u00e9p\u00e9tition des attaques contre Aya Nakamura, que ce soit sur sa musique, son langage ou d\u00e9sormais sa simple pr\u00e9sence dans un paddock de Formule 1, conforte l\u2019id\u00e9e qu\u2019elle cristallise bien plus que de simples critiques artistiques.<\/p>\n<p>Une s\u00e9quence r\u00e9v\u00e9latrice<\/p>\n<p>\u00c0 Monza, Aya Nakamura n\u2019a rien fait de plus que r\u00e9pondre poliment aux questions qui lui \u00e9taient pos\u00e9es. Pourtant, sa simple pr\u00e9sence et les mots choisis par les journalistes ont suffi \u00e0 provoquer une temp\u00eate m\u00e9diatique. La controverse dit moins sur l\u2019artiste elle-m\u00eame que sur le regard que la soci\u00e9t\u00e9 continue de poser sur elle : celui d\u2019une figure dont la l\u00e9gitimit\u00e9 est sans cesse remise en question.<\/p>\n<p>\t\t\t\t\t\t<script async src=\"https:\/\/platform.twitter.com\/widgets.js\" charset=\"utf-8\"><\/script><\/p>\n","protected":false},"excerpt":{"rendered":"Sur la grille de d\u00e9part du Grand Prix de Monza, Aya Nakamura \u00e9tait l\u2019invit\u00e9e officielle de LVMH. Acclam\u00e9e&hellip;\n","protected":false},"author":2,"featured_media":379227,"comment_status":"","ping_status":"","sticky":false,"template":"","format":"standard","meta":{"footnotes":""},"categories":[1412],"tags":[1451,1452,1453,1454,1455,1011,27,60],"class_list":{"0":"post-379226","1":"post","2":"type-post","3":"status-publish","4":"format-standard","5":"has-post-thumbnail","7":"category-f1","8":"tag-f1","9":"tag-formula-1","10":"tag-formula1","11":"tag-formule-1","12":"tag-formule1","13":"tag-fr","14":"tag-france","15":"tag-sports"},"share_on_mastodon":{"url":"https:\/\/pubeurope.com\/@fr\/115177716636583562","error":""},"_links":{"self":[{"href":"https:\/\/www.europesays.com\/fr\/wp-json\/wp\/v2\/posts\/379226","targetHints":{"allow":["GET"]}}],"collection":[{"href":"https:\/\/www.europesays.com\/fr\/wp-json\/wp\/v2\/posts"}],"about":[{"href":"https:\/\/www.europesays.com\/fr\/wp-json\/wp\/v2\/types\/post"}],"author":[{"embeddable":true,"href":"https:\/\/www.europesays.com\/fr\/wp-json\/wp\/v2\/users\/2"}],"replies":[{"embeddable":true,"href":"https:\/\/www.europesays.com\/fr\/wp-json\/wp\/v2\/comments?post=379226"}],"version-history":[{"count":0,"href":"https:\/\/www.europesays.com\/fr\/wp-json\/wp\/v2\/posts\/379226\/revisions"}],"wp:featuredmedia":[{"embeddable":true,"href":"https:\/\/www.europesays.com\/fr\/wp-json\/wp\/v2\/media\/379227"}],"wp:attachment":[{"href":"https:\/\/www.europesays.com\/fr\/wp-json\/wp\/v2\/media?parent=379226"}],"wp:term":[{"taxonomy":"category","embeddable":true,"href":"https:\/\/www.europesays.com\/fr\/wp-json\/wp\/v2\/categories?post=379226"},{"taxonomy":"post_tag","embeddable":true,"href":"https:\/\/www.europesays.com\/fr\/wp-json\/wp\/v2\/tags?post=379226"}],"curies":[{"name":"wp","href":"https:\/\/api.w.org\/{rel}","templated":true}]}}