{"id":379233,"date":"2025-09-10T02:51:17","date_gmt":"2025-09-10T02:51:17","guid":{"rendered":"https:\/\/www.europesays.com\/fr\/379233\/"},"modified":"2025-09-10T02:51:17","modified_gmt":"2025-09-10T02:51:17","slug":"la-sculpture-invitee-du-4e-salon-du-livre-dimanche-14-septembre","status":"publish","type":"post","link":"https:\/\/www.europesays.com\/fr\/379233\/","title":{"rendered":"la sculpture, invit\u00e9e du 4e Salon du livre, dimanche 14 septembre"},"content":{"rendered":"<p>La commune de Saint-\u00c9pain organise la 4e\u00a0\u00e9dition de son Salon du livre dimanche 14\u00a0septembre 2025, au mus\u00e9e du Presbyt\u00e8re. Une quarantaine d\u2019\u00e9crivains et d\u2019\u00e9diteurs (polars, r\u00e9gionalisme, histoire, romans, essais, livres jeunesse\u2026) y pr\u00e9senteront leurs ouvrages&#8230;. <\/p>\n<p>    Cet article a \u00e9t\u00e9 tronqu\u00e9. Abonnez-vous pour lire l&rsquo;article complet sur notre site.<\/p>\n<p style=\"margin: 0 !important; padding: 0 !important; font-size: 12px !important;\">Cet article a \u00e9t\u00e9 tronqu\u00e9. Abonnez-vous pour lire l&rsquo;article complet.<\/p>\n<p>    <a href=\"https:\/\/www.lanouvellerepublique.fr\/abonnements\" style=\"display: inline-block; margin-top: 5px !important; padding: 6px 12px !important; background: #cb1c27; color: white; text-decoration: none; border-radius: 4px; font-size: 12px !important;\" rel=\"nofollow noopener\" target=\"_blank\"><br \/>\n      S&rsquo;abonner<br \/>\n    <\/a><\/p>\n","protected":false},"excerpt":{"rendered":"La commune de Saint-\u00c9pain organise la 4e\u00a0\u00e9dition de son Salon du livre dimanche 14\u00a0septembre 2025, au mus\u00e9e du&hellip;\n","protected":false},"author":2,"featured_media":379234,"comment_status":"","ping_status":"","sticky":false,"template":"","format":"standard","meta":{"footnotes":""},"categories":[1357],"tags":[1379,1674,58,59,1011,27,1380,51270,14356],"class_list":{"0":"post-379233","1":"post","2":"type-post","3":"status-publish","4":"format-standard","5":"has-post-thumbnail","7":"category-livres","8":"tag-books","9":"tag-communes","10":"tag-divertissement","11":"tag-entertainment","12":"tag-fr","13":"tag-france","14":"tag-livres","15":"tag-saint-epain","16":"tag-salons"},"share_on_mastodon":{"url":"https:\/\/pubeurope.com\/@fr\/115177736377366025","error":""},"_links":{"self":[{"href":"https:\/\/www.europesays.com\/fr\/wp-json\/wp\/v2\/posts\/379233","targetHints":{"allow":["GET"]}}],"collection":[{"href":"https:\/\/www.europesays.com\/fr\/wp-json\/wp\/v2\/posts"}],"about":[{"href":"https:\/\/www.europesays.com\/fr\/wp-json\/wp\/v2\/types\/post"}],"author":[{"embeddable":true,"href":"https:\/\/www.europesays.com\/fr\/wp-json\/wp\/v2\/users\/2"}],"replies":[{"embeddable":true,"href":"https:\/\/www.europesays.com\/fr\/wp-json\/wp\/v2\/comments?post=379233"}],"version-history":[{"count":0,"href":"https:\/\/www.europesays.com\/fr\/wp-json\/wp\/v2\/posts\/379233\/revisions"}],"wp:featuredmedia":[{"embeddable":true,"href":"https:\/\/www.europesays.com\/fr\/wp-json\/wp\/v2\/media\/379234"}],"wp:attachment":[{"href":"https:\/\/www.europesays.com\/fr\/wp-json\/wp\/v2\/media?parent=379233"}],"wp:term":[{"taxonomy":"category","embeddable":true,"href":"https:\/\/www.europesays.com\/fr\/wp-json\/wp\/v2\/categories?post=379233"},{"taxonomy":"post_tag","embeddable":true,"href":"https:\/\/www.europesays.com\/fr\/wp-json\/wp\/v2\/tags?post=379233"}],"curies":[{"name":"wp","href":"https:\/\/api.w.org\/{rel}","templated":true}]}}