{"id":379235,"date":"2025-09-10T02:52:46","date_gmt":"2025-09-10T02:52:46","guid":{"rendered":"https:\/\/www.europesays.com\/fr\/379235\/"},"modified":"2025-09-10T02:52:46","modified_gmt":"2025-09-10T02:52:46","slug":"toi-ta-gueule-cet-enorme-clash-avec-gilles-verdez","status":"publish","type":"post","link":"https:\/\/www.europesays.com\/fr\/379235\/","title":{"rendered":"\u201cToi, ta gueule !\u201d, cet \u00e9norme clash avec Gilles Verdez"},"content":{"rendered":"<p><strong>Matthieu Delormeau est une figure embl\u00e9matique du PAF<br \/>\ndepuis une dizaine d\u2019ann\u00e9es.<\/strong> Tour \u00e0 tour pr\u00e9sentateur,<br \/>\nchroniqueur, producteur, il a connu la c\u00e9l\u00e9brit\u00e9 gr\u00e2ce \u00e0<br \/>\n<strong>NRJ12<\/strong>. Puis sur le plateau de<br \/>\n<strong>TPMP<\/strong> orchestr\u00e9 par <strong>Cyril Hanouna<\/strong>.<br \/>\nEn 2025, Delormeau est revenu sur le devant de la sc\u00e8ne dans la<br \/>\nnouvelle \u00e9mission de ce dernier sur <strong>W9<\/strong> :<br \/>\n<strong>Tout Beau Tout N9uf<\/strong>. Le chroniqueur, m\u00e9tamorphos\u00e9,<br \/>\nest venu s\u2019expliquer sur deux ann\u00e9es d\u2019errance jalonn\u00e9es d\u2019abus de<br \/>\ndrogues et de prise de conscience en rehab. R\u00e9cemment, il<br \/>\na pris \u00e0 parti <strong>Gilles Verdez<\/strong>, autre<br \/>\nchroniqueur-chouchou de Cyril Hanouna. <strong>Le torchon br\u00fble<br \/>\nentre eux\u2026<\/strong> Et cela depuis longtemps.<\/p>\n<p>Matthieu Delormeau : ascension dingue \u00e0 la t\u00e9l\u00e9vision<\/p>\n<p>Au d\u00e9part, Matthieu Delormeau n\u2019a pas un orteil dans le bocal de<br \/>\nla t\u00e9l\u00e9. Il est analyste financier. T<strong>outefois, sa s\u0153ur<br \/>\ntravaille chez TF1.<\/strong> Celle-ci lui met le pied \u00e0 l\u2019\u00e9trier.<br \/>\nPendant un temps, il est chroniqueur sur la premi\u00e8re cha\u00eene mais<br \/>\nd\u00e9m\u00e9nage assez rapidement chez <strong>Canal+<\/strong>. Celui-ci<br \/>\nperce son plafond de verre sur NRJ12. <strong>Cha\u00eene r\u00e9put\u00e9e pour<br \/>\nson jeunisme et sp\u00e9cialis\u00e9e dans la t\u00e9l\u00e9-r\u00e9alit\u00e9.<\/strong> L\u00e0, il<br \/>\ndevient un <strong>animateur-star<\/strong> gr\u00e2ce \u00e0 deux<br \/>\nprogrammes.<\/p>\n<p><strong>Le Mag<\/strong>, tout d\u2019abord, magazine d\u00e9briefant les<br \/>\n\u00e9missions de t\u00e9l\u00e9-r\u00e9alit\u00e9 phare d\u2019NRJ12. <strong>Tellement<br \/>\nvrai<\/strong>, ensuite, sorte de resuc\u00e9e de <strong>Confessions<br \/>\nintimes<\/strong> sur TF1. Finalement, Matthieu Delormeau conna\u00eet<br \/>\nune seconde carri\u00e8re sur le plateau de TPMP. <strong>L\u00e0, il devient<br \/>\n\u00e0 la fois le souffre-douleur d\u2019Hanouna -les nouilles dans le slip-<br \/>\nmais aussi son besta.<\/strong> Syndrome de Stockholm ou<br \/>\npas, il devient n\u00e9anmoins un pilier de l\u2019\u00e9mission locomotive de<br \/>\n<strong>C8<\/strong>.<\/p>\n<p>La chute brutale de l\u2019animateur dans l\u2019enfer de la drogue<\/p>\n<p>Puis, peu \u00e0 peu, l\u2019animateur-chroniqueur tombe dans la disgr\u00e2ce<br \/>\nla plus totale. <strong>Il se fait pincer une premi\u00e8re fois en<br \/>\ntrain d\u2019acheter de la coke en 2024.<\/strong> Bim, arrestation puis<br \/>\nperquiz\u2019 \u00e0 domicile. La police retrouve 300\u20ac, en cash, ainsi qu\u2019un<br \/>\ngramme de poudreuse, un peu de <strong>beuh<\/strong>, ainsi que de<br \/>\nla <strong>MDMA<\/strong> et m\u00eame du <strong>GHB<\/strong>. Cette<br \/>\nderni\u00e8re \u00e9tant surnomm\u00e9e \u2018la drogue du violeur\u2019. <strong>L\u2019image de<br \/>\nDelormeau en prend un sacr\u00e9 coup.<\/strong> Mais ce n\u2019est pas tout<br \/>\n!<\/p>\n<p><strong>D\u00e9but 2025, celui-ci se fait \u00e0 nouveau serrer lors d\u2019une<br \/>\ntransaction li\u00e9e \u00e0 de la coca\u00efne.<\/strong> La police, qui<br \/>\nsurveillait de pr\u00e8s le dealer ce jour-l\u00e0, se retrouve avec deux<br \/>\npoissons au bout de la ligne. Un petit, le leur-dea, et un gros,<br \/>\nMatthieu Delormeau. <strong>Ce dernier sombre brutalement dans<br \/>\nl\u2019enfer de drogue, passe par la case d\u00e9sintox\u2019 avant un retour \u00e0<br \/>\nl\u2019antenne.<\/strong> Tr\u00e8s r\u00e9cemment, l\u2019ancien chroniqueur de TPMP a<br \/>\nrefait surface dans TBT9.<\/p>\n<p>Matthieu Delormeau et Gilles Verdez<br \/>\ns\u2019allument \u00e0 l\u2019antenne<\/p>\n<p>Le retour de Matthieu Delormeau \u00e0 la t\u00e9l\u00e9vision a, forc\u00e9ment,<br \/>\nfait grand bruit sur Internet. Les images de l\u2019ancien animateur de<br \/>\nTellement vrai ont choqu\u00e9 les utilisateurs de r\u00e9seaux sociaux.<br \/>\n<strong>On le voit l\u2019air hagard, bouffi, parlant avec<br \/>\ndifficult\u00e9.<\/strong> Dans un num\u00e9ro de TBT9, il revient sur sa<br \/>\ndescente aux enfers, raconte la rehab, \u00e9voque m\u00eame le<br \/>\nscandale <a href=\"https:\/\/www.melty.fr\/people\/matthieu-delormeau-sans-filtre-sur-sa-vie-privee-je-peux-etre-coquin-en-boite-de-nuit-2247868.html\" target=\"_blank\" rel=\"noopener\"><br \/>\nde la story <strong>Instagram<\/strong> o\u00f9 il appara\u00eet totalement<br \/>\nd\u00e9nud<\/a>\u00e9. Encore plus r\u00e9cemment, Matthieu Delormeau a p\u00e9t\u00e9 un<br \/>\nc\u00e2ble sur <strong>X<\/strong>, anciennement<br \/>\n<strong>Twitter<\/strong>, attaquant verbalement Gilles Verdez.<br \/>\n<strong>Il l\u2019accuse notamment d\u2019homophobie et<br \/>\nd\u2019antis\u00e9mitisme.<\/strong> Il a depuis effac\u00e9 ces messages. Ce clash<br \/>\nqui ne date pas d\u2019hier entre les deux.<\/p>\n<p><strong>Flashback : nous sommes en 2024 sur le plateau de<br \/>\nTPMP.<\/strong> <a href=\"https:\/\/www.melty.fr\/tele\/tbt9-matthieu-delormeau-deja-evince-apres-son-tweet-polemique-sur-gilles-verdez-son-absence-fait-parler-2261223.html\" target=\"_blank\" rel=\"noopener\"><br \/>\nMatthieu Delormeau et Gilles Verdez<\/a>, tous les deux ce coup-ci,<br \/>\nont une passe d\u2019armes. Un \u00e9change tr\u00e8s virulent \u00e0 l\u2019antenne<br \/>\ns\u2019inscrivant dans l\u00a0\u00bbhistoire de l\u2019\u00e9mission diffus\u00e9e alors sur C8.<br \/>\nDans une s\u00e9quence, Gilles Verdez, journaliste, r\u00e9pond \u00e0 une<br \/>\nquestion d\u2019un invit\u00e9. <strong>Matthieu Delormeau l\u2019interpelle alors<br \/>\n:<\/strong> \u201cDonne-moi une fois [o\u00f9 il est entr\u00e9 en<br \/>\nd\u00e9saccord avec Hanouna, NDLR]\u201d R\u00e9ponse du tac-au-tac de Verdez :<br \/>\n\u201c<strong>Toi, ta gueule !<\/strong>\u201d Avant de rench\u00e9rir<br \/>\naupr\u00e8s de l\u2019animateur de TPMP \u00e0 ce moment-l\u00e0 : \u201cJe peux<br \/>\nl\u2019allumer ou pas ?\u201d Matthieu Delormeau saisit la balle au bond<br \/>\n: \u201cIl [Hanouna] te donne un ordre, tu<br \/>\nex\u00e9cutes&#8230;\u201d <strong>S\u2019ensuit ensuite un d\u00e9bat douteux sur<br \/>\nl&rsquo;honn\u00eatet\u00e9 et l\u2019int\u00e9grit\u00e9 professionnelle entre les deux<br \/>\nchroniqueurs.<\/strong> Pour le meilleur et pour le pire.<\/p>\n","protected":false},"excerpt":{"rendered":"Matthieu Delormeau est une figure embl\u00e9matique du PAF depuis une dizaine d\u2019ann\u00e9es. Tour \u00e0 tour pr\u00e9sentateur, chroniqueur, producteur,&hellip;\n","protected":false},"author":2,"featured_media":379236,"comment_status":"","ping_status":"","sticky":false,"template":"","format":"standard","meta":{"footnotes":""},"categories":[1356],"tags":[905,58,59,1011,27,16181,7830,252,1364],"class_list":{"0":"post-379235","1":"post","2":"type-post","3":"status-publish","4":"format-standard","5":"has-post-thumbnail","7":"category-television","8":"tag-a-la-une-melty","9":"tag-divertissement","10":"tag-entertainment","11":"tag-fr","12":"tag-france","13":"tag-gilles-verdez","14":"tag-matthieu-delormeau","15":"tag-television","16":"tag-tv"},"share_on_mastodon":{"url":"https:\/\/pubeurope.com\/@fr\/115177744217461475","error":""},"_links":{"self":[{"href":"https:\/\/www.europesays.com\/fr\/wp-json\/wp\/v2\/posts\/379235","targetHints":{"allow":["GET"]}}],"collection":[{"href":"https:\/\/www.europesays.com\/fr\/wp-json\/wp\/v2\/posts"}],"about":[{"href":"https:\/\/www.europesays.com\/fr\/wp-json\/wp\/v2\/types\/post"}],"author":[{"embeddable":true,"href":"https:\/\/www.europesays.com\/fr\/wp-json\/wp\/v2\/users\/2"}],"replies":[{"embeddable":true,"href":"https:\/\/www.europesays.com\/fr\/wp-json\/wp\/v2\/comments?post=379235"}],"version-history":[{"count":0,"href":"https:\/\/www.europesays.com\/fr\/wp-json\/wp\/v2\/posts\/379235\/revisions"}],"wp:featuredmedia":[{"embeddable":true,"href":"https:\/\/www.europesays.com\/fr\/wp-json\/wp\/v2\/media\/379236"}],"wp:attachment":[{"href":"https:\/\/www.europesays.com\/fr\/wp-json\/wp\/v2\/media?parent=379235"}],"wp:term":[{"taxonomy":"category","embeddable":true,"href":"https:\/\/www.europesays.com\/fr\/wp-json\/wp\/v2\/categories?post=379235"},{"taxonomy":"post_tag","embeddable":true,"href":"https:\/\/www.europesays.com\/fr\/wp-json\/wp\/v2\/tags?post=379235"}],"curies":[{"name":"wp","href":"https:\/\/api.w.org\/{rel}","templated":true}]}}