{"id":379237,"date":"2025-09-10T02:53:14","date_gmt":"2025-09-10T02:53:14","guid":{"rendered":"https:\/\/www.europesays.com\/fr\/379237\/"},"modified":"2025-09-10T02:53:14","modified_gmt":"2025-09-10T02:53:14","slug":"bigflo-reconnu-en-plein-concert-par-drake-laccolade-improbable-qui-a-enflamme-la-toile","status":"publish","type":"post","link":"https:\/\/www.europesays.com\/fr\/379237\/","title":{"rendered":"Bigflo reconnu en plein concert par Drake : l&rsquo;accolade improbable qui a enflamm\u00e9 la toile"},"content":{"rendered":"<p>Dimanche 7 septembre, l&rsquo;Accor Arena de Paris vibrait au rythme du concert de Drake devant une salle comble. Mais au milieu des milliers de spectateurs, une sc\u00e8ne inattendue a marqu\u00e9 la soir\u00e9e : Bigflo, du duo toulousain Bigflo &amp; Oli, a \u00e9t\u00e9 reconnu par le rappeur canado-am\u00e9ricain. Les deux artistes se sont m\u00eame \u00e9chang\u00e9s une accolade chaleureuse, sous les yeux \u00e9bahis du public.<\/p>\n<p><b>Bigflo <\/b>et <b>Drake <\/b>se sont fait une accolade \u00e0 l&rsquo;Accor Arena de Paris !<\/p>\n<p>Des vid\u00e9os de ce moment circulent d\u00e9j\u00e0 massivement sur les r\u00e9seaux sociaux, immortalisant l&rsquo;instant o\u00f9 Drake, en pleine interaction avec ses fans, croise Bigflo et le salue comme un pair.\u00a0<\/p>\n<p>Le Fran\u00e7ais, visiblement boulevers\u00e9, a eu bien du mal \u00e0 r\u00e9aliser ce qui venait de se passer.<\/p>\n<p>Une idole de toujours<\/p>\n<p>Bigflo n&rsquo;a jamais cach\u00e9 son admiration pour l&rsquo;interpr\u00e8te de Hotline Bling.\u00a0<\/p>\n<p>Dans un entretien accord\u00e9 \u00e0 La D\u00e9p\u00eache deux jours plus tard, il confiait avec humour :<\/p>\n<p>\u00ab\u00a0Moi je suis un grand fan de Drake, et globalement je veux tout faire comme lui.\u00a0\u00bb<\/p>\n<p>Pourquoi Drake a-t-il reconnu Bigflo ?<\/p>\n<p>En 2023, Drake avait remerci\u00e9 Bigflo &amp; Oli sur Instagram pour une histoire compl\u00e8tement folle.\u00a0<\/p>\n<p>Bigflo, de son vrai nom <b>Florian Jos\u00e9 Ordonez<\/b>, avait rendu \u00e0 Drake un carnet de rimes qu&rsquo;il poss\u00e9dait dans sa jeunesse.\u00a0<\/p>\n<p>Un carnet contenant les premiers textes r\u00e9dig\u00e9s \u00e0 la main par Drake qui avait \u00e9t\u00e9 vendu aux ench\u00e8res quelques mois plus t\u00f4t contre 32.500 dollars.<\/p>\n<p>L&rsquo;identit\u00e9 de l&rsquo;acqu\u00e9reur n&rsquo;avait pas \u00e9t\u00e9 d\u00e9voil\u00e9e, mais selon plusieurs m\u00e9dias, la piste menaient logiquement \u00e0 Bigflo.<\/p>\n<p>Drake avait alors \u00e9t\u00e9 tr\u00e8s touch\u00e9 par ce geste. Raison pour laquelle le fran\u00e7ais et le canado-am\u00e9ricain se sont reconnus lors du concert \u00e0 Paris.<\/p>\n<p>Bigflo &amp; Oli investissent dans le basket toulousain<\/p>\n<p>Une influence qui d\u00e9passe m\u00eame la musique. Lorsque Drake a pris des parts dans la franchise NBA des Toronto Raptors, Bigflo a eu l&rsquo;id\u00e9e de suivre ses pas\u2026 mais \u00e0 l&rsquo;\u00e9chelle toulousaine.<\/p>\n<p>Ce mardi 9 septembre, le duo a officialis\u00e9 son entr\u00e9e au capital du Toulouse Basketball Club aux c\u00f4t\u00e9s de deux autres figures sportives embl\u00e9matiques : le rugbyman Antoine Dupont et le nageur L\u00e9on Marchand.<\/p>\n<p>\u00ab\u00a0C&rsquo;est plus un apport design, marketing, direction artistique. On n&rsquo;a pas d\u00e9barqu\u00e9 avec plusieurs millions en mode \u2018Let&rsquo;s go !&rsquo;\u2026 Pour le coup, ce n&rsquo;est pas comme Drake\u00a0\u00bb, a plaisant\u00e9 Bigflo.<\/p>\n<p>Avec ce projet, les fr\u00e8res esp\u00e8rent contribuer au rayonnement du club, tout en poursuivant leur carri\u00e8re musicale.\u00a0<\/p>\n<p>D\u00e9j\u00e0 lanc\u00e9s dans la pr\u00e9paration de leur cinqui\u00e8me album, pr\u00e9vu pour 2026, Bigflo &amp; Oli s&rsquo;imposent plus que jamais comme des artistes polyvalents et ambitieux.<\/p>\n<p><img loading=\"lazy\" decoding=\"async\" src=\"https:\/\/www.europesays.com\/fr\/wp-content\/uploads\/2025\/09\/1757472794_281_img\" width=\"350\" height=\"200\" border=\"0\" title=\"Ed Sheeran et Charlotte Cardin sont le nouveau parrain et la nouvelle marraine de la Star Academy\"\/><\/p>\n<p>\u25baT\u00e9l\u00e9vision<\/p>\n<p style=\"font-size: 22px;\"><b>Star Academy : qui sont le parrain et la marraine de la nouvelle saison ?<\/b><\/p>\n<p>TF1 a r\u00e9v\u00e9l\u00e9 le nom du parrain et de la marraine&#8230;<\/p>\n<p><\/p>\n","protected":false},"excerpt":{"rendered":"Dimanche 7 septembre, l&rsquo;Accor Arena de Paris vibrait au rythme du concert de Drake devant une salle comble.&hellip;\n","protected":false},"author":2,"featured_media":379238,"comment_status":"","ping_status":"","sticky":false,"template":"","format":"standard","meta":{"footnotes":""},"categories":[1355],"tags":[7642,58,28054,59,1011,27,1361,873,626],"class_list":{"0":"post-379237","1":"post","2":"type-post","3":"status-publish","4":"format-standard","5":"has-post-thumbnail","7":"category-musique","8":"tag-bigflo-et-oli","9":"tag-divertissement","10":"tag-drake","11":"tag-entertainment","12":"tag-fr","13":"tag-france","14":"tag-music","15":"tag-musique","16":"tag-paris"},"share_on_mastodon":{"url":"https:\/\/pubeurope.com\/@fr\/115177744653132523","error":""},"_links":{"self":[{"href":"https:\/\/www.europesays.com\/fr\/wp-json\/wp\/v2\/posts\/379237","targetHints":{"allow":["GET"]}}],"collection":[{"href":"https:\/\/www.europesays.com\/fr\/wp-json\/wp\/v2\/posts"}],"about":[{"href":"https:\/\/www.europesays.com\/fr\/wp-json\/wp\/v2\/types\/post"}],"author":[{"embeddable":true,"href":"https:\/\/www.europesays.com\/fr\/wp-json\/wp\/v2\/users\/2"}],"replies":[{"embeddable":true,"href":"https:\/\/www.europesays.com\/fr\/wp-json\/wp\/v2\/comments?post=379237"}],"version-history":[{"count":0,"href":"https:\/\/www.europesays.com\/fr\/wp-json\/wp\/v2\/posts\/379237\/revisions"}],"wp:featuredmedia":[{"embeddable":true,"href":"https:\/\/www.europesays.com\/fr\/wp-json\/wp\/v2\/media\/379238"}],"wp:attachment":[{"href":"https:\/\/www.europesays.com\/fr\/wp-json\/wp\/v2\/media?parent=379237"}],"wp:term":[{"taxonomy":"category","embeddable":true,"href":"https:\/\/www.europesays.com\/fr\/wp-json\/wp\/v2\/categories?post=379237"},{"taxonomy":"post_tag","embeddable":true,"href":"https:\/\/www.europesays.com\/fr\/wp-json\/wp\/v2\/tags?post=379237"}],"curies":[{"name":"wp","href":"https:\/\/api.w.org\/{rel}","templated":true}]}}