{"id":379244,"date":"2025-09-10T02:57:27","date_gmt":"2025-09-10T02:57:27","guid":{"rendered":"https:\/\/www.europesays.com\/fr\/379244\/"},"modified":"2025-09-10T02:57:27","modified_gmt":"2025-09-10T02:57:27","slug":"le-prince-harry-arrive-en-angleterre-fait-une-reference-subtile-a-son-frere-william","status":"publish","type":"post","link":"https:\/\/www.europesays.com\/fr\/379244\/","title":{"rendered":"Le prince Harry, arriv\u00e9 en Angleterre, fait une r\u00e9f\u00e9rence subtile \u00e0 son fr\u00e8re William"},"content":{"rendered":"<p>            <img loading=\"lazy\" decoding=\"async\" src=\"https:\/\/www.europesays.com\/fr\/wp-content\/uploads\/2025\/09\/15559a7e4ed390c9-35x35-1.jpg\" class=\"author-article-picture\" width=\"35\" height=\"35\"\/><\/p>\n<p>                Par<br \/>\n                                    Tiffany Iacomacci<br \/>\n                                                    | R\u00e9dactrice<\/p>\n<p>\n                Ils se sont s\u00e9par\u00e9s \u00e0 la suite d\u2019une tromperie ? Passionn\u00e9e par la vie des people, raconter leurs histoires a \u00e9t\u00e9 une \u00e9vidence. Conna\u00eetre la derni\u00e8re actualit\u00e9 de la famille royale ? Cela fait \u00e9galement partie des plaisirs de Tiffany. Curieuse de nature, elle ne se tient jamais loin des r\u00e9seaux sociaux afin d\u2019\u00eatre s\u00fbre de ne rien manquer concernant ses c\u00e9l\u00e9brit\u00e9s pr\u00e9f\u00e9r\u00e9es.\n            <\/p>\n<p>\n    Le prince Harry s\u2019est entretenu avec Declan Bitmead, une des personnes r\u00e9compens\u00e9es lors de la soir\u00e9e des WellChild Awards ce lundi 8 septembre. Selon les informations du magazine \u201cHello!\u201d, l\u2019\u00e9poux de Meghan Markle a fait une petite r\u00e9f\u00e9rence subtile \u00e0 son fr\u00e8re, le prince William. S\u2019il a fait preuve d\u2019humour, cela cacherait-il en r\u00e9alit\u00e9 une envie plus profonde de r\u00e9conciliation ?\n<\/p>\n<p>                            <img loading=\"lazy\" decoding=\"async\" class=\"player-thumbnail\" src=\"https:\/\/www.europesays.com\/fr\/wp-content\/uploads\/2025\/09\/8f738db89448bfc0-580x326-2.jpg\" width=\"580\" height=\"326\"\/><\/p>\n<p>                    Le prince Harry, arriv\u00e9 en Angleterre, fait une r\u00e9f\u00e9rence subtile \u00e0 son fr\u00e8re William<\/p>\n<p>La suite apr\u00e8s la publicit\u00e9<\/p>\n<p>C\u2019est une visite qui \u00e9tait tr\u00e8s attendue. Ce lundi 8 septembre,<a href=\"https:\/\/www.purepeople.com\/people\/prince-harry_p477\" rel=\"nofollow noopener\" target=\"_blank\"> le prince Harry<\/a> s\u2019est rendu au Royaume-Uni afin <a href=\"https:\/\/www.purepeople.com\/article\/prince-harry-de-retour-au-royaume-uni-dans-quelques-jours-la-rencontre-tant-attendue-pourrait-enfin-avoir-lieu_a542073\/1\" rel=\"nofollow noopener\" target=\"_blank\">d&rsquo;assister aux Well Child Award<\/a>. Il s\u2019agit d\u2019un \u00e9v\u00e9nement qui met en lumi\u00e8re la r\u00e9silience des jeunes confront\u00e9s \u00e0 de graves probl\u00e8mes de sant\u00e9. Un \u00e9v\u00e9nement auquel tient l\u2019\u00e9poux de Meghan Markle et cela fait plusieurs ann\u00e9es qu\u2019il y participe. Dans les colonnes du magazine Hello!, il a \u00e9t\u00e9 rapport\u00e9 que le prince Harry s\u2019est entretenu avec Declan Bitmead, \u00e2g\u00e9 de 17 ans et r\u00e9compens\u00e9 durant cette soir\u00e9e. <strong>Ce dernier a expliqu\u00e9 au duc de Sussex qu\u2019il a un petit fr\u00e8re et cela a imm\u00e9diatement fait r\u00e9agir le principal concern\u00e9. <\/strong>\u00ab\u00a0Est-ce qu\u2019il t\u2019\u00e9nerve parfois ?\u201d, lui a-t-il demand\u00e9, surprenant Declan Bitmead.<\/p>\n<p>Le prince Harry a fait une petite r\u00e9f\u00e9rence subtile au prince William. Le jeune homme affirme qu\u2019il s\u2019entend bien avec son petit fr\u00e8re, ce \u00e0 quoi l\u2019\u00e9poux de<a href=\"https:\/\/www.purepeople.com\/people\/meghan-markle_p291593\" rel=\"nofollow noopener\" target=\"_blank\"> Meghan Markle<\/a> a d\u00e9clar\u00e9 : \u00ab\u00a0Les fr\u00e8res et s\u0153urs\u2026\u00a0\u00bb. La conversation s\u2019est poursuivie lorsque Declan Bitmead a confi\u00e9 qu\u2019il va dans la m\u00eame \u00e9cole que son fr\u00e8re. <strong>\u201cCela rend parfois les choses plus difficiles\u201d<\/strong>, a affirm\u00e9 le papa d\u2019Archie et Lilibet. Un petit tacle qui n\u2019est pas pass\u00e9 inaper\u00e7u puisque, depuis janvier 2020, <a href=\"https:\/\/www.purepeople.com\/article\/harry-et-william-brouilles-depuis-des-annees-une-seule-personne-aurait-pu-venir-a-bout-de-leur-conflit_a525140\/1\" rel=\"nofollow noopener\" target=\"_blank\">de vives tensions sont pr\u00e9sentes au sein de la famille royale.<\/a> Meghan Markle et le prince Harry ont fait le choix de s\u2019\u00e9loigner et ont tr\u00e8s peu de contact avec le prince et la princesse de Galles depuis.<\/p>\n<p>\u00a0<\/p>\n<p>Les princes Harry et William : des tensions bient\u00f4t apais\u00e9es ?<\/p>\n<p>Cette conversation avec Declan Bitmead a fortement int\u00e9ress\u00e9 le prince Harry. Vivant la m\u00eame situation, l\u2019\u00e9poux de Meghan Markle s\u2019est reconnu, notamment lorsque cela concerne le parcours scolaire. Dans ses m\u00e9moires, sorties en 2023 et intitul\u00e9es Le Suppl\u00e9ant, le duc de Sussex a confi\u00e9 avoir beaucoup de regrets concernant ses ann\u00e9es au Eton College. <strong>\u201cJe ne comprenais pas. Je lui disais : on est dans la m\u00eame \u00e9cole, on ne s\u2019est pas vus depuis longtemps : maintenant, on peut rester ensemble\u201d,<\/strong><strong> a-t-il expliqu\u00e9. <\/strong>Toutefois, <a href=\"https:\/\/www.purepeople.com\/people\/prince-william_p606\" rel=\"nofollow noopener\" target=\"_blank\">le prince William<\/a> n\u2019\u00e9tait pas du m\u00eame avis et a m\u00eame demand\u00e9 \u00e0 son petit fr\u00e8re de faire comme s\u2019ils ne se connaissaient pas.<\/p>\n<p>Ce s\u00e9jour au Royaume-Uni pourrait-il permettre aux deux fr\u00e8res de se retrouver ? Des rumeurs avaient indiqu\u00e9 la possibilit\u00e9 qu\u2019il retrouve<a href=\"https:\/\/www.purepeople.com\/people\/roi-charles-iii_p1519\" rel=\"nofollow noopener\" target=\"_blank\"> le roi Charles III<\/a>, ce dernier <a href=\"https:\/\/www.purepeople.com\/article\/changement-de-derniere-minute-pour-charles-iii-le-roi-de-retour-a-londres-le-prince-harry-en-cause_a542297\/1\" rel=\"nofollow noopener\" target=\"_blank\">vient d&rsquo;arriver \u00e0 Londres d&rsquo;ailleurs<\/a>, ravivant les espoirs.<strong> P\u00e8re et fils ne se sont pas vus depuis f\u00e9vrier 2024 lorsque le cancer du souverain a \u00e9t\u00e9 annonc\u00e9. <\/strong>Le prince Harry avait imm\u00e9diatement pris un avion pour venir, en personne, soutenir l\u2019\u00e9poux de <a href=\"https:\/\/www.purepeople.com\/people\/reine-camilla_p1546\" rel=\"nofollow noopener\" target=\"_blank\">Camilla Parker Bowles<\/a> durant quelques heures. De son c\u00f4t\u00e9, le palais de Kensington a annonc\u00e9 que <a href=\"https:\/\/www.purepeople.com\/article\/pas-de-kate-middleton-prevue-pour-linstant-sortie-en-solo-pour-le-prince-william_a542259\/1\" rel=\"nofollow noopener\" target=\"_blank\">le prince William serait tr\u00e8s occup\u00e9 avec des engagements royaux<\/a> ce mardi et ce mercredi, soit les jours o\u00f9 son fr\u00e8re est pr\u00e9sent. Des retrouvailles qui restent d\u00e9licates&#8230;<\/p>\n<p>Tout espoir n\u2019est pas perdu pour un retour du Prince Harry avec Meghan et ses enfants au Royaume-Uni<\/p>\n","protected":false},"excerpt":{"rendered":"Par Tiffany Iacomacci | R\u00e9dactrice Ils se sont s\u00e9par\u00e9s \u00e0 la suite d\u2019une tromperie ? Passionn\u00e9e par la&hellip;\n","protected":false},"author":2,"featured_media":379245,"comment_status":"","ping_status":"","sticky":false,"template":"","format":"standard","meta":{"footnotes":""},"categories":[8],"tags":[58,59,1011,27],"class_list":{"0":"post-379244","1":"post","2":"type-post","3":"status-publish","4":"format-standard","5":"has-post-thumbnail","7":"category-divertissement","8":"tag-divertissement","9":"tag-entertainment","10":"tag-fr","11":"tag-france"},"share_on_mastodon":{"url":"https:\/\/pubeurope.com\/@fr\/115177760005873400","error":""},"_links":{"self":[{"href":"https:\/\/www.europesays.com\/fr\/wp-json\/wp\/v2\/posts\/379244","targetHints":{"allow":["GET"]}}],"collection":[{"href":"https:\/\/www.europesays.com\/fr\/wp-json\/wp\/v2\/posts"}],"about":[{"href":"https:\/\/www.europesays.com\/fr\/wp-json\/wp\/v2\/types\/post"}],"author":[{"embeddable":true,"href":"https:\/\/www.europesays.com\/fr\/wp-json\/wp\/v2\/users\/2"}],"replies":[{"embeddable":true,"href":"https:\/\/www.europesays.com\/fr\/wp-json\/wp\/v2\/comments?post=379244"}],"version-history":[{"count":0,"href":"https:\/\/www.europesays.com\/fr\/wp-json\/wp\/v2\/posts\/379244\/revisions"}],"wp:featuredmedia":[{"embeddable":true,"href":"https:\/\/www.europesays.com\/fr\/wp-json\/wp\/v2\/media\/379245"}],"wp:attachment":[{"href":"https:\/\/www.europesays.com\/fr\/wp-json\/wp\/v2\/media?parent=379244"}],"wp:term":[{"taxonomy":"category","embeddable":true,"href":"https:\/\/www.europesays.com\/fr\/wp-json\/wp\/v2\/categories?post=379244"},{"taxonomy":"post_tag","embeddable":true,"href":"https:\/\/www.europesays.com\/fr\/wp-json\/wp\/v2\/tags?post=379244"}],"curies":[{"name":"wp","href":"https:\/\/api.w.org\/{rel}","templated":true}]}}