{"id":379246,"date":"2025-09-10T02:58:13","date_gmt":"2025-09-10T02:58:13","guid":{"rendered":"https:\/\/www.europesays.com\/fr\/379246\/"},"modified":"2025-09-10T02:58:13","modified_gmt":"2025-09-10T02:58:13","slug":"pas-mal-de-nouveautes-et-des-prix-costauds-jusqua-1-229-e-ce-quil-faut-retenir-de-la-keynote-dapple","status":"publish","type":"post","link":"https:\/\/www.europesays.com\/fr\/379246\/","title":{"rendered":"Pas mal de nouveaut\u00e9s et des prix costauds, jusqu&rsquo;\u00e0 1.229 \u20ac: ce qu&rsquo;il faut retenir de la Keynote d&rsquo;Apple"},"content":{"rendered":"<p class=\"ap-StoryElement ap-StoryElement--mb ap-StoryText\">Comme pr\u00e9dit par la rumeur, d&rsquo;une pr\u00e9cision chirurgicale, l&rsquo;iPhone 17 se d\u00e9cline bien en quatre mod\u00e8les : l&rsquo;iPhone 17, classique, l&rsquo;iPhone 17 Pro, l&rsquo;iPhone 17 Pro Max et, enfin, l&rsquo;argument de vente le plus novateur : l&rsquo;iPhone Air.<\/p>\n<p><a href=\"https:\/\/www.lalibre.be\/economie\/entreprises-startup\/2025\/09\/09\/iphone-17-pro-air-a-quoi-faut-il-sattendre-lors-de-la-keynote-dapple-LSMZPDKZLVD5DAHOIBSEAB5HSQ\/\" target=\"_blank\" rel=\"noopener noreferrer nofollow\" class=\"ap-StoryInterstitialLink ap-StoryElement ap-StoryElement--mb\">iPhone 17, Pro, Air : \u00e0 quoi faut-il s&rsquo;attendre lors de la keynote d&rsquo;Apple ?<\/a>iPhone Air : le fin justifie les moyens<\/p>\n<p class=\"ap-StoryElement ap-StoryElement--mb ap-StoryText\">Le plus a\u00e9rien des smartphones de Cupertino, nouvel entrant dans la famille, aligne comme premier argument sa sveltesse. Les constructeurs, en qu\u00eate de nouveau narratifs marketing, ont opt\u00e9 pour le champ de bataille de la finesse, cette ann\u00e9e. En attendant de voir si le consommateur est bel et bien demandeur de terminaux aussi slim, aux 5,7 mm d&rsquo;\u00e9paisseur du Samsung Galaxy S25 Edge paru il y a quelques mois, l&rsquo;iPhone Air r\u00e9plique : 5,6 mm.<\/p>\n<p><img loading=\"lazy\" decoding=\"async\" class=\"w-full lazyload lazyload--opacity object-contain\" style=\"aspect-ratio:189 \/ 100;opacity:1\" alt=\"L'iPhone Air, seulement 5,6 mm d'\u00e9paisseur et 1229 \u20ac de tarif officiel en Belgique.\" width=\"768\" height=\"405\" fetchpriority=\"auto\" src=\"https:\/\/www.europesays.com\/fr\/wp-content\/uploads\/2025\/04\/S5VKD3X55FFF3BW6V4SEHXNP7I.png\"  data- data-optimumx=\"1\"\/>L&rsquo;iPhone Air. \u00a9APPLE<\/p>\n<p class=\"text-left ap-StoryElement ap-StoryElement--mb ap-StoryText\">Pour le reste, il d\u00e9cline ses quatre coloris sur un mat\u00e9riau en \u00ab\u00a0Ceramic Shield\u00a0\u00bb, et un design revu. Compromission due \u00e0 sa taille de gu\u00eape : l&rsquo;iPhone Air n&#8217;embarque qu&rsquo;un seul capteur photo sur son dos. Il est, en revanche, bien aliment\u00e9 par la nouvelle puce A19 Pro et son \u00e9cran s&rsquo;\u00e9tire sur 6,5 pouces. Les doutes, l\u00e9gitimes, se concentreront sur l&rsquo;autonomie d&rsquo;un mod\u00e8le aussi fin, qu&rsquo;il faudra juger sur pi\u00e8ces.<\/p>\n<p class=\"ap-StoryElement ap-StoryElement--mb ap-StoryText\">\u00c0 noter que l&rsquo;iPhone Air fait l&rsquo;impasse sur un tiroir pour carte SIM classique : ce sera eSIM (une carte virtuelle) pour tout le monde. Renseignements pris en Belgique, nos op\u00e9rateurs sont pr\u00eats sur ce plan, et la transition d&rsquo;une SIM physique vers une eSIM.<\/p>\n<p><img loading=\"lazy\" decoding=\"async\" class=\"w-full lazyload lazyload--opacity object-contain\" style=\"aspect-ratio:178 \/ 100;opacity:1\" alt=\"L'iPhone Air et ses nouveaux coloris.\" width=\"768\" height=\"432\" fetchpriority=\"auto\" src=\"https:\/\/www.europesays.com\/fr\/wp-content\/uploads\/2025\/04\/S5VKD3X55FFF3BW6V4SEHXNP7I.png\"  data- data-optimumx=\"1\"\/>L&rsquo;iPhone Air et ses nouveaux coloris. \u00a9APPLELes Pro changent de look, et de mati\u00e8re<\/p>\n<p class=\"text-left ap-StoryElement ap-StoryElement--mb ap-StoryText\">Du c\u00f4t\u00e9 des mod\u00e8les Pro, enfin du changement \u00e9galement. Exit la signature visuelle dorsale, avec les trois capteurs photo agglom\u00e9r\u00e9s en un \u00ab\u00a0carr\u00e9\u00a0\u00bb, fa\u00e7on taque de cuisson. Le barre photo s&rsquo;\u00e9tire d\u00e9sormais sur toute la largeur, le logo pomm\u00e9 se loge plus bas. Exit le titane, jusqu&rsquo;ici pl\u00e9biscit\u00e9, in l&rsquo;alu, pour ses vertus thermiques. Apple a largement boss\u00e9 sur l&rsquo;aspect dissipation de la chaleur, int\u00e9grant sur ses mod\u00e8les Pro un syst\u00e8me de refroidissement par chambre \u00e0 vapeur, jusqu&rsquo;ici uniquement aper\u00e7u sur le segment Premium sous Android.<\/p>\n<p><img loading=\"lazy\" decoding=\"async\" class=\"w-full lazyload lazyload--opacity object-contain\" style=\"aspect-ratio:189 \/ 100;opacity:1\" alt=\"L'iPhone Air, seulement 5,6 mm d'\u00e9paisseur et 1229 \u20ac de tarif officiel en Belgique.\" width=\"768\" height=\"405\" fetchpriority=\"auto\" src=\"https:\/\/www.europesays.com\/fr\/wp-content\/uploads\/2025\/04\/S5VKD3X55FFF3BW6V4SEHXNP7I.png\"  data- data-optimumx=\"1\"\/>L&rsquo;iPhone 16 Pro change de mat\u00e9rau, de look et de rev\u00eatement. \u00a9APPLE<\/p>\n<p class=\"ap-StoryElement ap-StoryElement--mb ap-StoryText\">Apple annonce \u00e9galement une autonomie (qui n&rsquo;\u00e9tait pas le d\u00e9faut n\u00b01 des iPhone) revue \u00e0 la hausse, sur toute sa gamme.<\/p>\n<p class=\"ap-StoryElement ap-StoryElement--mb ap-StoryText\">Du c\u00f4t\u00e9 des iPhone 17 Pro, les trois cam\u00e9ras passent \u00e0 un capteur de 48 Mpix avec un traitement Fusion.<\/p>\n<p class=\"ap-StoryElement ap-StoryElement--mb ap-StoryText\">Sur l&rsquo;iPhone 17, \u00e0 l&rsquo;exception d&rsquo;un \u00e9cran Promotion de 120 Hz et d&rsquo;une puce A19 (non-pro), on est quasi sur un clone de l&rsquo;iPhone 16 (tout court).<\/p>\n<p class=\"text-left ap-StoryElement ap-StoryElement--mb ap-StoryText\">L&rsquo;iPhone 17 sera disponible en cinq coloris : mauve, vert, bleu, noir et blanc. L&rsquo;iPhone Air sera disponible en quatre coloris : noir, blanc, or et bleu ciel. L&rsquo;iPhone 17 Pro et l&rsquo;iPhone 17 Pro Max font un choix audacieux : d\u00e9clin\u00e9s en orange, bleu et argent, ils font l&rsquo;impasse sur le coloris noir. Une premi\u00e8re, de m\u00e9moire de suiveur de keynote !<\/p>\n<p><a href=\"https:\/\/www.lalibre.be\/economie\/entreprises-startup\/2025\/08\/06\/apple-promet-un-gros-investissement-aux-etats-unis-PG53555FYVGJ5BH57VO25CXPBU\/\" target=\"_blank\" rel=\"noopener noreferrer nofollow\" class=\"ap-StoryInterstitialLink ap-StoryElement ap-StoryElement--mb\">Apple promet un gros investissement aux Etats-Unis<\/a>Des prix costauds : l&rsquo;iPhone Air, pas en dessous de 1229 \u20ac\u2026<\/p>\n<p class=\"ap-StoryElement ap-StoryElement--mb ap-StoryText\">Le petit nouveau, l&rsquo;iPhone Air, d\u00e9bute sa vie commerciale en Belgique au prix, cossu, de 1229 \u20ac pour sa version 256 Go. L&rsquo;iPhone 17 Pro est encore plus on\u00e9reux : \u00e0 partir de 1329 \u20ac (Pro) et 1479 \u20ac (Pro Max). L&rsquo;iPhone 17, le plus accessible du lot, vendra sa peau \u00e0 partir de 969 \u20ac. Pr\u00e9commandes le 12 septembre, sortie commerciale le 19.<\/p>\n","protected":false},"excerpt":{"rendered":"Comme pr\u00e9dit par la rumeur, d&rsquo;une pr\u00e9cision chirurgicale, l&rsquo;iPhone 17 se d\u00e9cline bien en quatre mod\u00e8les : l&rsquo;iPhone&hellip;\n","protected":false},"author":2,"featured_media":379247,"comment_status":"","ping_status":"","sticky":false,"template":"","format":"standard","meta":{"footnotes":""},"categories":[7],"tags":[1011,27,1227,9024,43,40,41,39,9027,42,44,5809],"class_list":{"0":"post-379246","1":"post","2":"type-post","3":"status-publish","4":"format-standard","5":"has-post-thumbnail","7":"category-sciences-et-technologies","8":"tag-fr","9":"tag-france","10":"tag-horizontal","11":"tag-politics","12":"tag-science","13":"tag-science-and-technology","14":"tag-sciences","15":"tag-sciences-et-technologies","16":"tag-tariff","17":"tag-technologies","18":"tag-technology","19":"tag-trade"},"share_on_mastodon":{"url":"https:\/\/pubeurope.com\/@fr\/115177764244051331","error":""},"_links":{"self":[{"href":"https:\/\/www.europesays.com\/fr\/wp-json\/wp\/v2\/posts\/379246","targetHints":{"allow":["GET"]}}],"collection":[{"href":"https:\/\/www.europesays.com\/fr\/wp-json\/wp\/v2\/posts"}],"about":[{"href":"https:\/\/www.europesays.com\/fr\/wp-json\/wp\/v2\/types\/post"}],"author":[{"embeddable":true,"href":"https:\/\/www.europesays.com\/fr\/wp-json\/wp\/v2\/users\/2"}],"replies":[{"embeddable":true,"href":"https:\/\/www.europesays.com\/fr\/wp-json\/wp\/v2\/comments?post=379246"}],"version-history":[{"count":0,"href":"https:\/\/www.europesays.com\/fr\/wp-json\/wp\/v2\/posts\/379246\/revisions"}],"wp:featuredmedia":[{"embeddable":true,"href":"https:\/\/www.europesays.com\/fr\/wp-json\/wp\/v2\/media\/379247"}],"wp:attachment":[{"href":"https:\/\/www.europesays.com\/fr\/wp-json\/wp\/v2\/media?parent=379246"}],"wp:term":[{"taxonomy":"category","embeddable":true,"href":"https:\/\/www.europesays.com\/fr\/wp-json\/wp\/v2\/categories?post=379246"},{"taxonomy":"post_tag","embeddable":true,"href":"https:\/\/www.europesays.com\/fr\/wp-json\/wp\/v2\/tags?post=379246"}],"curies":[{"name":"wp","href":"https:\/\/api.w.org\/{rel}","templated":true}]}}