{"id":379249,"date":"2025-09-10T03:00:12","date_gmt":"2025-09-10T03:00:12","guid":{"rendered":"https:\/\/www.europesays.com\/fr\/379249\/"},"modified":"2025-09-10T03:00:12","modified_gmt":"2025-09-10T03:00:12","slug":"parlement-incendie-fusillades-colere-contre-les-elites-ces-48-heures-qui-ont-mis-le-nepal-a-feu-et-a-sang","status":"publish","type":"post","link":"https:\/\/www.europesays.com\/fr\/379249\/","title":{"rendered":"Parlement incendi\u00e9, fusillades, col\u00e8re contre les \u00e9lites&#8230; ces 48 heures qui ont mis le N\u00e9pal \u00e0 feu et \u00e0 sang"},"content":{"rendered":"<p><strong>R\u00c9CIT &#8211;<\/strong> Le courroux des contestataires, compos\u00e9 de la jeune g\u00e9n\u00e9ration n\u00e9palaise, porte sur la corruption des hommes politiques et contre le taux de ch\u00f4mage immense dans ce petit pays asiatique.<\/p>\n<p class=\"fig-paragraph\">La nuit tombe sur\u00a0<a href=\"http:\/\/www.lefigaro.fr\/flash-actu\/nepal-de-fortes-secousses-ressenties-a-katmandou-apres-un-seisme-20250107\" target=\"_blank\" data-fig-type=\"NewsFlash\" rel=\"noopener\" data-gtm-custom-categorie=\"navigation\" data-gtm-custom-action=\"crossclick\" data-gtm-custom-label=\"Contextuel\" data-gtm-event=\"customEventSPE\" data-fig-domain=\"LEFIGARO\">Katmandou<\/a>. Au-dessus de la capitale n\u00e9palaise, un \u00e9cran de fum\u00e9es noires recouvre le ciel, au\u00a0<a href=\"http:\/\/www.lefigaro.fr\/international\/nepal-16-morts-dans-la-manifestation-contre-le-blocage-des-reseaux-sociaux-20250908\" target=\"_blank\" data-fig-type=\"NewsFlash\" rel=\"noopener\" data-gtm-custom-categorie=\"navigation\" data-gtm-custom-action=\"crossclick\" data-gtm-custom-label=\"Contextuel\" data-gtm-event=\"customEventSPE\" data-fig-domain=\"LEFIGARO\">deuxi\u00e8me jour des manifestations anticorruption<\/a>\u00a0qui secouent le pays. Connu pour ses p\u00e9riodes d\u2019instabilit\u00e9 politique r\u00e9guli\u00e8res, le pays himalayen de 30 millions d\u2019habitants a vu passer une douzaine de gouvernements depuis sa transition vers une R\u00e9publique apr\u00e8s l\u2019abolition de sa monarchie vieille de 239 ans en 2008.<\/p>\n<p class=\"fig-paragraph\">Mais les derni\u00e8res manifestations sont les pires de sa r\u00e9cente histoire d\u00e9mocratique. Des milliers de jeunes en col\u00e8re, qui se revendiquent de la g\u00e9n\u00e9ration Z, ont incendi\u00e9 mardi le Parlement n\u00e9palais, dans la foul\u00e9e de la d\u00e9mission du premier ministre Khadga Prasad Oli. La veille, des manifestations contre le blocage des r\u00e9seaux sociaux et la corruption avaient fait 19 morts et plus de 400 bless\u00e9s.<\/p>\n<p class=\"fig-paragraph\">La col\u00e8re des jeunes n\u00e9palais s\u2019est intensifi\u00e9e ces derni\u00e8res semaines, sur fond de libert\u00e9 restreinte par le gouvernement. Elle visait ouvertement les \u00abNepo Kids\u00bb, les\u2026<\/p>\n<p class=\"fig-premium-paywall__infos\">\n        Cet article est r\u00e9serv\u00e9 aux abonn\u00e9s.        Il vous reste 86% \u00e0 d\u00e9couvrir.\n    <\/p>\n<p>                <img  data- alt=\"Le Figaro\" class=\"fig-img--complete fig-img\"\/><\/p>\n<p class=\"fig-premium-paywall__title\">Vous avez envie de lire la suite ?<\/p>\n<p class=\"fig-premium-paywall__subtitle\">D\u00e9bloquez tous les articles imm\u00e9diatement.<\/p>\n<p class=\"fig-premium-paywall__connect\">\n                D\u00e9j\u00e0 abonn\u00e9\u00a0?                <a class=\"fig-premium-paywall__connect-link\" href=\"https:\/\/connect.lefigaro.fr\/login?client=horizon_web&amp;type=main&amp;redirect_uri=https%3A%2F%2Fwww.lefigaro.fr%2Finternational%2Fparlement-incendie-fusillades-colere-contre-les-elites-ces-48-heures-qui-ont-mis-le-nepal-a-feu-et-a-sang-20250910\" data-js-gtm=\"{&quot;customCategorie&quot;: &quot;conversion&quot;, &quot;customAction&quot;: &quot;before_Landing_Connexion_paywall_auto&quot;, &quot;customLabel&quot;: &quot;bGVmaWdhcm8uZnJfXzFmMDhkOTkwLTIwZDEtNjQ0Ni1hNzA0LTViMWI3N2FiZTVhYV9fTmV3c0ZsYXNo_Parlement incendi\u00e9, fusillades, col\u00e8re contre les \u00e9lites... ces 48 heures qui ont mis le N\u00e9pal \u00e0 feu et \u00e0 sang_167&quot;, &quot;customIDSPE&quot;: &quot;bGVmaWdhcm8uZnJfXzFmMDhkOTkwLTIwZDEtNjQ0Ni1hNzA0LTViMWI3N2FiZTVhYV9fTmV3c0ZsYXNo&quot;, &quot;event&quot;: &quot;customEventSPE&quot;}\" target=\"_blank\" rel=\"noopener\"><br \/>\n                    Connectez-vous<br \/>\n                <\/a>\n            <\/p>\n","protected":false},"excerpt":{"rendered":"R\u00c9CIT &#8211; Le courroux des contestataires, compos\u00e9 de la jeune g\u00e9n\u00e9ration n\u00e9palaise, porte sur la corruption des hommes&hellip;\n","protected":false},"author":2,"featured_media":379250,"comment_status":"","ping_status":"","sticky":false,"template":"","format":"standard","meta":{"footnotes":""},"categories":[5],"tags":[11,1011,27,14,2088,29114,12,28],"class_list":{"0":"post-379249","1":"post","2":"type-post","3":"status-publish","4":"format-standard","5":"has-post-thumbnail","7":"category-international","8":"tag-actualites","9":"tag-fr","10":"tag-france","11":"tag-international","12":"tag-manifestation","13":"tag-nepal","14":"tag-news","15":"tag-world"},"share_on_mastodon":{"url":"https:\/\/pubeurope.com\/@fr\/115177771690837461","error":""},"_links":{"self":[{"href":"https:\/\/www.europesays.com\/fr\/wp-json\/wp\/v2\/posts\/379249","targetHints":{"allow":["GET"]}}],"collection":[{"href":"https:\/\/www.europesays.com\/fr\/wp-json\/wp\/v2\/posts"}],"about":[{"href":"https:\/\/www.europesays.com\/fr\/wp-json\/wp\/v2\/types\/post"}],"author":[{"embeddable":true,"href":"https:\/\/www.europesays.com\/fr\/wp-json\/wp\/v2\/users\/2"}],"replies":[{"embeddable":true,"href":"https:\/\/www.europesays.com\/fr\/wp-json\/wp\/v2\/comments?post=379249"}],"version-history":[{"count":0,"href":"https:\/\/www.europesays.com\/fr\/wp-json\/wp\/v2\/posts\/379249\/revisions"}],"wp:featuredmedia":[{"embeddable":true,"href":"https:\/\/www.europesays.com\/fr\/wp-json\/wp\/v2\/media\/379250"}],"wp:attachment":[{"href":"https:\/\/www.europesays.com\/fr\/wp-json\/wp\/v2\/media?parent=379249"}],"wp:term":[{"taxonomy":"category","embeddable":true,"href":"https:\/\/www.europesays.com\/fr\/wp-json\/wp\/v2\/categories?post=379249"},{"taxonomy":"post_tag","embeddable":true,"href":"https:\/\/www.europesays.com\/fr\/wp-json\/wp\/v2\/tags?post=379249"}],"curies":[{"name":"wp","href":"https:\/\/api.w.org\/{rel}","templated":true}]}}