{"id":37925,"date":"2025-04-20T03:55:12","date_gmt":"2025-04-20T03:55:12","guid":{"rendered":"https:\/\/www.europesays.com\/fr\/37925\/"},"modified":"2025-04-20T03:55:12","modified_gmt":"2025-04-20T03:55:12","slug":"un-homme-blesse-par-balle-dans-le-xe-arrondissement-de-paris","status":"publish","type":"post","link":"https:\/\/www.europesays.com\/fr\/37925\/","title":{"rendered":"Un homme bless\u00e9 par balle dans le Xe arrondissement de Paris"},"content":{"rendered":"<p>                             Par Esther Paolini<\/p>\n<p>\n            Publi\u00e9<br \/>\n                le 19 avril 2025 \u00e0 20h28,<br \/>\n                 mis \u00e0 jour le 19 avril 2025 \u00e0 20h57<\/p>\n<p>\u00a0\u00bb<br \/>\n        data-script=\u00a0\u00bbhttps:\/\/static.lefigaro.fr\/widget-video\/short-ttl\/video\/index.js\u00a0\u00bb<br \/>\n    &gt;<\/p>\n<p class=\"fig-paragraph\">Selon une information du Parisien que le parquet de Paris a confirm\u00e9e dans la soir\u00e9e au Figaro, un homme a \u00e9t\u00e9\u00a0<a href=\"http:\/\/www.lefigaro.fr\/faits-divers\/serie-d-attaques-sur-des-prisons-francaises-qu-est-ce-que-le-terrorisme-par-intimidation-20250418\" target=\"_blank\" data-fig-type=\"NewsFlash\" rel=\"noopener\" data-gtm-custom-categorie=\"navigation\" data-gtm-custom-action=\"crossclick\" data-gtm-custom-label=\"Contextuel\" data-gtm-event=\"customEventSPE\" data-fig-domain=\"LEFIGARO\">bless\u00e9 par balle<\/a>\u00a0dans le Xe arrondissement de la capitale en fin d\u2019apr\u00e8s-midi ce samedi. Les faits se sont d\u00e9roul\u00e9s dans un parking aux abords de la gare de l\u2019Est et l\u2019homme, qui pr\u00e9sentait des plaies \u00absuperficielles\u00bb \u00e0 une main, au ventre et \u00e0 deux doigts, a \u00e9t\u00e9 transport\u00e9 \u00e0 l\u2019h\u00f4pital.\u00a0Son pronostic vital n\u2019a pas \u00e9t\u00e9 engag\u00e9.<\/p>\n<p class=\"fig-paragraph\">D\u2019apr\u00e8s nos confr\u00e8res, l\u2019affaire serait li\u00e9e \u00e0 un d\u00e9saccord lors d\u2019un rendez-vous pour la\u00a0<a href=\"http:\/\/www.lefigaro.fr\/faits-divers\/des-montres-de-luxe-volees-dans-un-train-entre-geneve-et-paris-20250404\" target=\"_blank\" data-fig-type=\"NewsFlash\" rel=\"noopener\" data-gtm-custom-categorie=\"navigation\" data-gtm-custom-action=\"crossclick\" data-gtm-custom-label=\"Contextuel\" data-gtm-event=\"customEventSPE\" data-fig-domain=\"LEFIGARO\">vente d\u2019une montre<\/a>, qui pourrait avoir \u00e9t\u00e9 un guet-apens tendu \u00e0 la victime. Selon le parquet, une enqu\u00eate a \u00e9t\u00e9 ouverte et confi\u00e9e au 2e district de police judiciaire \u00abpour homicide volontaire en bande organis\u00e9e, vol en bande organis\u00e9e avec usage d\u2019une arme et violences aggrav\u00e9es.\u00bb Samedi dans la soir\u00e9e, les tireurs ont pris la fuite \u00e0 bord d\u2019un v\u00e9hicule.<\/p>\n","protected":false},"excerpt":{"rendered":"Par Esther Paolini Publi\u00e9 le 19 avril 2025 \u00e0 20h28, mis \u00e0 jour le 19 avril 2025 \u00e0&hellip;\n","protected":false},"author":2,"featured_media":37926,"comment_status":"","ping_status":"","sticky":false,"template":"","format":"standard","meta":{"footnotes":""},"categories":[1888],"tags":[119,1111,1928,11,1927,3694,271,2951,3695,1777,674,3696,118,1011,27,3832,2825,1253,303,12,1926,626,1925,1072,2694,25,2949],"class_list":{"0":"post-37925","1":"post","2":"type-post","3":"status-publish","4":"format-standard","5":"has-post-thumbnail","7":"category-paris","8":"tag-accident","9":"tag-actu","10":"tag-actu-paris","11":"tag-actualites","12":"tag-actualites-paris","13":"tag-affaires","14":"tag-crime","15":"tag-criminalite","16":"tag-enquetes","17":"tag-eu","18":"tag-europe","19":"tag-evenements","20":"tag-faits-divers","21":"tag-fr","22":"tag-france","23":"tag-fusillade","24":"tag-insecurite","25":"tag-islamisme","26":"tag-justice","27":"tag-news","28":"tag-news-paris","29":"tag-paris","30":"tag-paris-news","31":"tag-police","32":"tag-proces","33":"tag-republique-francaise","34":"tag-violences"},"share_on_mastodon":{"url":"https:\/\/pubeurope.com\/@fr\/114368277613417960","error":""},"_links":{"self":[{"href":"https:\/\/www.europesays.com\/fr\/wp-json\/wp\/v2\/posts\/37925","targetHints":{"allow":["GET"]}}],"collection":[{"href":"https:\/\/www.europesays.com\/fr\/wp-json\/wp\/v2\/posts"}],"about":[{"href":"https:\/\/www.europesays.com\/fr\/wp-json\/wp\/v2\/types\/post"}],"author":[{"embeddable":true,"href":"https:\/\/www.europesays.com\/fr\/wp-json\/wp\/v2\/users\/2"}],"replies":[{"embeddable":true,"href":"https:\/\/www.europesays.com\/fr\/wp-json\/wp\/v2\/comments?post=37925"}],"version-history":[{"count":0,"href":"https:\/\/www.europesays.com\/fr\/wp-json\/wp\/v2\/posts\/37925\/revisions"}],"wp:featuredmedia":[{"embeddable":true,"href":"https:\/\/www.europesays.com\/fr\/wp-json\/wp\/v2\/media\/37926"}],"wp:attachment":[{"href":"https:\/\/www.europesays.com\/fr\/wp-json\/wp\/v2\/media?parent=37925"}],"wp:term":[{"taxonomy":"category","embeddable":true,"href":"https:\/\/www.europesays.com\/fr\/wp-json\/wp\/v2\/categories?post=37925"},{"taxonomy":"post_tag","embeddable":true,"href":"https:\/\/www.europesays.com\/fr\/wp-json\/wp\/v2\/tags?post=37925"}],"curies":[{"name":"wp","href":"https:\/\/api.w.org\/{rel}","templated":true}]}}