{"id":379251,"date":"2025-09-10T03:02:15","date_gmt":"2025-09-10T03:02:15","guid":{"rendered":"https:\/\/www.europesays.com\/fr\/379251\/"},"modified":"2025-09-10T03:02:15","modified_gmt":"2025-09-10T03:02:15","slug":"le-premier-ministre-demissionne-face-a-la-colere-de-la-rue-le-parlement-en-feu-liberation","status":"publish","type":"post","link":"https:\/\/www.europesays.com\/fr\/379251\/","title":{"rendered":"le Premier ministre d\u00e9missionne face \u00e0 la col\u00e8re de la rue, le parlement en feu \u2013 Lib\u00e9ration"},"content":{"rendered":"<p class=\"sc-cPiKLX AiZTS text-element\">Fin de partie pour le Premier ministre n\u00e9palais. KP Sharma Oli a annonc\u00e9 ce mardi 9 septembre sa d\u00e9mission \u00abafin que des mesures puissent \u00eatre prises en vue d\u2019une solution politique et d\u2019une r\u00e9solution de probl\u00e8mes\u00bb. Une annonce &#8211; faite dans une lettre au pr\u00e9sident et transmise \u00e0 la presse &#8211; qui intervient au lendemain de manifestations contre le blocage des r\u00e9seaux sociaux et la corruption. <a href=\"https:\/\/www.liberation.fr\/international\/asie-pacifique\/nepal-au-moins-17-morts-lors-dune-manifestation-contre-le-blocage-des-reseaux-sociaux-lonu-demande-une-enquete-20250908_2W2XGAU2IVDLZDKE4MLK5ASYTE\/\" target=\"_blank\" rel=\"noreferrer noopener\" title=\"https:\/\/www.liberation.fr\/international\/asie-pacifique\/nepal-au-moins-17-morts-lors-dune-manifestation-contre-le-blocage-des-reseaux-sociaux-lonu-demande-une-enquete-20250908_2W2XGAU2IVDLZDKE4MLK5ASYTE\/\">S\u00e9v\u00e8rement r\u00e9prim\u00e9es par la police<\/a>, ces mobilisations ont fait 19 morts dans le pays. <\/p>\n<p class=\"sc-cPiKLX AiZTS text-element\">Mais la col\u00e8re de la population n\u2019est pas retomb\u00e9e. Malgr\u00e9 le couvre-feu instaur\u00e9 au d\u00e9but de la matin\u00e9e, des groupes de jeunes manifestants sont descendus dans les rues de Katmandou et s\u2019en sont pris toute la journ\u00e9e aux b\u00e2timents publics et aux r\u00e9sidences de dirigeants politiques. Des centaines de manifestants en col\u00e8re ont ainsi incendi\u00e9 le parlement n\u00e9palais. \u00abDes centaines de personnes ont investi l\u2019enceinte du parlement et mis le feu au b\u00e2timent principal\u00bb, selon un porte-parole du secr\u00e9tariat de l\u2019institution, Ekram Giri. <\/p>\n<p class=\"sc-cPiKLX AiZTS text-element\">Un groupe de protestataires a \u00e9galement r\u00e9ussi \u00e0 s\u2019emparer des armes \u00e0 feu de policiers charg\u00e9s de prot\u00e9ger le complexe gouvernemental de Singha Durbar et le domicile du Premier ministre a lui aussi \u00e9t\u00e9 incendi\u00e9, selon l\u2019AFP.<\/p>\n<p class=\"sc-cPiKLX AiZTS text-element\">En r\u00e9ponse \u00e0 ces mobilisations, le pr\u00e9sident du N\u00e9pal, Ramchandra Paudel, a appel\u00e9 \u00e0 l\u2019unit\u00e9 nationale dans un communiqu\u00e9 publi\u00e9 ce mardi : \u00abJ\u2019exhorte tout le monde, y compris les manifestants, \u00e0 coop\u00e9rer pour une r\u00e9solution pacifique de la situation difficile du pays\u00bb, a-t-il \u00e9crit apr\u00e8s que son bureau a \u00e9t\u00e9 incendi\u00e9. \u00abJe fais appel \u00e0 toutes les parties pour qu\u2019elles fassent preuve de retenue, qu\u2019elles ne causent pas d\u2019autres d\u00e9g\u00e2ts au pays et qu\u2019elles entament des n\u00e9gociations.\u00bb <\/p>\n<p class=\"sc-cPiKLX AiZTS text-element\">Lundi, la police a ouvert le feu sur des milliers de manifestants qui d\u00e9filaient dans les rues de Katmandou pour exiger la fin du blocage des r\u00e9seaux sociaux ordonn\u00e9e quatre jours plus t\u00f4t et d\u00e9noncer la corruption des \u00e9lites du pays. Au moins 19 personnes ont \u00e9t\u00e9 tu\u00e9es, dont 17 dans la seule capitale, plusieurs centaines d\u2019autres bless\u00e9es, selon un bilan officiel.<\/p>\n<p class=\"sc-cPiKLX AiZTS text-element\">Au soir de cette journ\u00e9e de violentes protestations, le d\u00e9sormais ex-chef du gouvernement avait ordonn\u00e9 le r\u00e9tablissement des r\u00e9seaux sociaux et l\u2019ouverture d\u2019une enqu\u00eate \u00abind\u00e9pendante\u00bb sur les conditions dans lesquelles la police a ouvert le feu sur la foule. <\/p>\n<p class=\"sc-cPiKLX AiZTS text-element\">Le d\u00e9part de <a href=\"https:\/\/www.liberation.fr\/international\/asie-pacifique\/nepal-au-moins-17-morts-lors-dune-manifestation-contre-le-blocage-des-reseaux-sociaux-lonu-demande-une-enquete-20250908_2W2XGAU2IVDLZDKE4MLK5ASYTE\/\" target=\"_blank\" rel=\"noreferrer noopener\" title=\"https:\/\/www.liberation.fr\/international\/asie-pacifique\/nepal-au-moins-17-morts-lors-dune-manifestation-contre-le-blocage-des-reseaux-sociaux-lonu-demande-une-enquete-20250908_2W2XGAU2IVDLZDKE4MLK5ASYTE\/\">Khadga Prasad Sharma Oli<\/a>, chef du Parti communiste n\u00e9palais, conclut une carri\u00e8re politique de plus de 60 ans, marqu\u00e9e notamment par la longue guerre civile qui a ensanglant\u00e9 le N\u00e9pal jusqu\u2019\u00e0 l\u2019abolition de la monarchie en 2008. Sa d\u00e9mission est intervenue apr\u00e8s celles de trois autres ministres, dont celui de l\u2019Int\u00e9rieur. <\/p>\n<p class=\"sc-cPiKLX AiZTS text-element\">Le gouvernement avait annonc\u00e9 jeudi le blocage des r\u00e9seaux sociaux en application d\u2019un arr\u00eat rendu en 2023 par la Cour supr\u00eame exigeant qu\u2019elles nomment un repr\u00e9sentant local et une personne charg\u00e9e de r\u00e9guler leurs contenus. Parmi les plateformes bloqu\u00e9es figuraient Facebook, X, Youtube ou Linkedin, au grand dam de plusieurs millions d\u2019usagers.<\/p>\n<p class=\"sc-cPiKLX AiZTS text-element\">\u00abLe gouvernement ne souhaitait pas bloquer l\u2019usage des m\u00e9dias sociaux\u00bb, a plaid\u00e9 une derni\u00e8re fois le Premier ministre mardi. \u00abIl souhaite simplement prot\u00e9ger le cadre de leur utilisation\u00bb, a-t-il insist\u00e9. \u00abCe n\u2019\u00e9tait pas la peine de manifester pour \u00e7a.\u00bb <\/p>\n<p class=\"sc-cPiKLX AiZTS text-element\">Motiv\u00e9es initialement par le blocage, les manifestations de lundi ont largement vir\u00e9 \u00e0 la d\u00e9nonciation de la corruption des autorit\u00e9s, dans un pays \u00e0 l\u2019\u00e9conomie ralentie et au fort taux de ch\u00f4mage. Ces derniers jours, les plateformes encore en service, comme Tik Tok, ont \u00e9t\u00e9 inond\u00e9es de vid\u00e9os mettant en cause la vie luxueuse des enfants de responsables politiques.<\/p>\n<p class=\"sc-cPiKLX AiZTS text-element\"><b>Mise \u00e0 jour<\/b> \u00e0 15h19 avec la r\u00e9action du pr\u00e9sident n\u00e9palais. <\/p>\n","protected":false},"excerpt":{"rendered":"Fin de partie pour le Premier ministre n\u00e9palais. KP Sharma Oli a annonc\u00e9 ce mardi 9 septembre sa&hellip;\n","protected":false},"author":2,"featured_media":379252,"comment_status":"","ping_status":"","sticky":false,"template":"","format":"standard","meta":{"footnotes":""},"categories":[2],"tags":[11,1011,27,29114,12],"class_list":{"0":"post-379251","1":"post","2":"type-post","3":"status-publish","4":"format-standard","5":"has-post-thumbnail","7":"category-actualites","8":"tag-actualites","9":"tag-fr","10":"tag-france","11":"tag-nepal","12":"tag-news"},"share_on_mastodon":{"url":"https:\/\/pubeurope.com\/@fr\/115177779596866648","error":""},"_links":{"self":[{"href":"https:\/\/www.europesays.com\/fr\/wp-json\/wp\/v2\/posts\/379251","targetHints":{"allow":["GET"]}}],"collection":[{"href":"https:\/\/www.europesays.com\/fr\/wp-json\/wp\/v2\/posts"}],"about":[{"href":"https:\/\/www.europesays.com\/fr\/wp-json\/wp\/v2\/types\/post"}],"author":[{"embeddable":true,"href":"https:\/\/www.europesays.com\/fr\/wp-json\/wp\/v2\/users\/2"}],"replies":[{"embeddable":true,"href":"https:\/\/www.europesays.com\/fr\/wp-json\/wp\/v2\/comments?post=379251"}],"version-history":[{"count":0,"href":"https:\/\/www.europesays.com\/fr\/wp-json\/wp\/v2\/posts\/379251\/revisions"}],"wp:featuredmedia":[{"embeddable":true,"href":"https:\/\/www.europesays.com\/fr\/wp-json\/wp\/v2\/media\/379252"}],"wp:attachment":[{"href":"https:\/\/www.europesays.com\/fr\/wp-json\/wp\/v2\/media?parent=379251"}],"wp:term":[{"taxonomy":"category","embeddable":true,"href":"https:\/\/www.europesays.com\/fr\/wp-json\/wp\/v2\/categories?post=379251"},{"taxonomy":"post_tag","embeddable":true,"href":"https:\/\/www.europesays.com\/fr\/wp-json\/wp\/v2\/tags?post=379251"}],"curies":[{"name":"wp","href":"https:\/\/api.w.org\/{rel}","templated":true}]}}