{"id":379255,"date":"2025-09-10T03:04:16","date_gmt":"2025-09-10T03:04:16","guid":{"rendered":"https:\/\/www.europesays.com\/fr\/379255\/"},"modified":"2025-09-10T03:04:16","modified_gmt":"2025-09-10T03:04:16","slug":"bloquons-tout-les-actions-a-prevoir-ce-10-septembre-dans-la-loire","status":"publish","type":"post","link":"https:\/\/www.europesays.com\/fr\/379255\/","title":{"rendered":"Bloquons tout : Les actions \u00e0 pr\u00e9voir ce 10 septembre dans la Loire"},"content":{"rendered":"<p>Le d\u00e9partement de la Loire va \u00eatre impact\u00e9 par le mouvement national Bloquons tout qui a \u00e9t\u00e9 lanc\u00e9 sur les r\u00e9seaux sociaux. Des rassemblements ont \u00e9t\u00e9 pr\u00e9vus dans diff\u00e9rentes villes du d\u00e9partement.<\/p>\n<p>La journ\u00e9e de mobilisation nationale \u00ab\u00a0Bloquons Tout\u00a0\u00bb pr\u00e9vue ce mercredi 10 septembre, aura des r\u00e9percutions dans diff\u00e9rentes villes de la Loire. Des actions de l&rsquo;intersyndicale sont \u00e9galement \u00e0 pr\u00e9voir.<\/p>\n<p>D\u00e8s 6 heures, les cheminots de Saint-\u00c9tienne ont lanc\u00e9 une gr\u00e8ve, et ils seront rejoints par des soutiens du mouvement. Un premier rassemblement est pr\u00e9vu \u00e0 8 h 30 sur le parvis de la gare de Ch\u00e2teaucreux.<\/p>\n<p>\u00c0 Montbrison, un rendez-vous est donn\u00e9 devant la sous-pr\u00e9fecture \u00e0 8 h, tandis qu\u2019\u00e0 Saint-Bonnet-le-Ch\u00e2teau, un rassemblement doit se tenir \u00e0 partir de 11 h \u00e0 l\u2019ancienne gare.<\/p>\n<p>De son c\u00f4t\u00e9, l\u2019intersyndicale a appel\u00e9 \u00e0 la gr\u00e8ve dans plusieurs entreprises. Deux manifestations sont pr\u00e9vues : la premi\u00e8re \u00e0 Roanne, d\u00e8s 10 h 30, du tribunal \u00e0 la sous-pr\u00e9fecture, et la seconde \u00e0 Saint-\u00c9tienne, \u00e0 15 h, entre la bourse du travail et la pr\u00e9fecture.<\/p>\n<p>Concernant les transports, la STAS a annonc\u00e9 de faibles perturbations : une vingtaine de conducteurs sont mobilis\u00e9s mais l\u2019ensemble du r\u00e9seau circule, y compris les trams. Les lignes m\u00e9tropoles M6 et M9 fonctionnent toutefois avec une fr\u00e9quence r\u00e9duite, toutes les 12 minutes (14 minutes en heures creuses pour la M6).<\/p>\n<p>L\u2019avenir du mouvement reste encore incertain. Des r\u00e9unions sont pr\u00e9vues en fin de journ\u00e9e pour d\u00e9cider de la suite. Une nouvelle mobilisation a d\u00e9j\u00e0 \u00e9t\u00e9 annonc\u00e9e pour le 18 septembre, confirm\u00e9e par l\u2019intersyndicale apr\u00e8s la chute du gouvernement de Fran\u00e7ois Bayrou. Une conf\u00e9rence de presse est programm\u00e9e le 15 septembre pour pr\u00e9ciser les modalit\u00e9s de cette prochaine journ\u00e9e d\u2019action.<\/p>\n<p style=\"text-align: right;\">L.Valla<\/p>\n","protected":false},"excerpt":{"rendered":"Le d\u00e9partement de la Loire va \u00eatre impact\u00e9 par le mouvement national Bloquons tout qui a \u00e9t\u00e9 lanc\u00e9&hellip;\n","protected":false},"author":2,"featured_media":379256,"comment_status":"","ping_status":"","sticky":false,"template":"","format":"standard","meta":{"footnotes":""},"categories":[9653],"tags":[1111,11,2430,1777,674,1011,27,12,25,4001],"class_list":{"0":"post-379255","1":"post","2":"type-post","3":"status-publish","4":"format-standard","5":"has-post-thumbnail","7":"category-saint-etienne","8":"tag-actu","9":"tag-actualites","10":"tag-auvergne-rhone-alpes","11":"tag-eu","12":"tag-europe","13":"tag-fr","14":"tag-france","15":"tag-news","16":"tag-republique-francaise","17":"tag-saint-etienne"},"share_on_mastodon":{"url":"https:\/\/pubeurope.com\/@fr\/115177787479590398","error":""},"_links":{"self":[{"href":"https:\/\/www.europesays.com\/fr\/wp-json\/wp\/v2\/posts\/379255","targetHints":{"allow":["GET"]}}],"collection":[{"href":"https:\/\/www.europesays.com\/fr\/wp-json\/wp\/v2\/posts"}],"about":[{"href":"https:\/\/www.europesays.com\/fr\/wp-json\/wp\/v2\/types\/post"}],"author":[{"embeddable":true,"href":"https:\/\/www.europesays.com\/fr\/wp-json\/wp\/v2\/users\/2"}],"replies":[{"embeddable":true,"href":"https:\/\/www.europesays.com\/fr\/wp-json\/wp\/v2\/comments?post=379255"}],"version-history":[{"count":0,"href":"https:\/\/www.europesays.com\/fr\/wp-json\/wp\/v2\/posts\/379255\/revisions"}],"wp:featuredmedia":[{"embeddable":true,"href":"https:\/\/www.europesays.com\/fr\/wp-json\/wp\/v2\/media\/379256"}],"wp:attachment":[{"href":"https:\/\/www.europesays.com\/fr\/wp-json\/wp\/v2\/media?parent=379255"}],"wp:term":[{"taxonomy":"category","embeddable":true,"href":"https:\/\/www.europesays.com\/fr\/wp-json\/wp\/v2\/categories?post=379255"},{"taxonomy":"post_tag","embeddable":true,"href":"https:\/\/www.europesays.com\/fr\/wp-json\/wp\/v2\/tags?post=379255"}],"curies":[{"name":"wp","href":"https:\/\/api.w.org\/{rel}","templated":true}]}}