{"id":379261,"date":"2025-09-10T03:08:14","date_gmt":"2025-09-10T03:08:14","guid":{"rendered":"https:\/\/www.europesays.com\/fr\/379261\/"},"modified":"2025-09-10T03:08:14","modified_gmt":"2025-09-10T03:08:14","slug":"visite-contee-bebe-le-voyage-du-petit-mousse-29-10-2025-toulon","status":"publish","type":"post","link":"https:\/\/www.europesays.com\/fr\/379261\/","title":{"rendered":"Visite cont\u00e9e b\u00e9b\u00e9 : Le voyage du petit mousse &#8211; 29\/10\/2025 &#8211; Toulon"},"content":{"rendered":"<p>Le mus\u00e9e propose une visite pour les plus petits accompagn\u00e9s de leur famille. Laissez-vous conter l\u2019histoire de Frimousse, petite souris curieuse de d\u00e9couvrir le port de Toulon et ses navires. Petits et grands sont invit\u00e9s \u00e0 toucher, voir, \u00e9couter, chanter et imaginer, l\u2019occasion de d\u00e9couvrir le mus\u00e9e autrement. <\/p>\n<p>Mercredi 29 octobre<br \/>\u00c0 10h30<\/p>\n<p>Pour les enfants jusqu\u2019\u00e0 3 ans et leurs parents (2 adultes maximum par enfant)<br \/>Dur\u00e9e : 45 minutes<br \/>Tarif : 8 \u20ac par adulte \/ gratuit pour les enfants<br \/>Sur r\u00e9servation uniquement, par mail ou par t\u00e9l\u00e9phone<\/p>\n","protected":false},"excerpt":{"rendered":"Le mus\u00e9e propose une visite pour les plus petits accompagn\u00e9s de leur famille. Laissez-vous conter l\u2019histoire de Frimousse,&hellip;\n","protected":false},"author":2,"featured_media":379262,"comment_status":"","ping_status":"","sticky":false,"template":"","format":"standard","meta":{"footnotes":""},"categories":[9619],"tags":[1111,11,1777,674,1011,27,12,882,25,2310],"class_list":{"0":"post-379261","1":"post","2":"type-post","3":"status-publish","4":"format-standard","5":"has-post-thumbnail","7":"category-toulon","8":"tag-actu","9":"tag-actualites","10":"tag-eu","11":"tag-europe","12":"tag-fr","13":"tag-france","14":"tag-news","15":"tag-provence-alpes-cote-dazur","16":"tag-republique-francaise","17":"tag-toulon"},"share_on_mastodon":{"url":"https:\/\/pubeurope.com\/@fr\/115177803394748166","error":""},"_links":{"self":[{"href":"https:\/\/www.europesays.com\/fr\/wp-json\/wp\/v2\/posts\/379261","targetHints":{"allow":["GET"]}}],"collection":[{"href":"https:\/\/www.europesays.com\/fr\/wp-json\/wp\/v2\/posts"}],"about":[{"href":"https:\/\/www.europesays.com\/fr\/wp-json\/wp\/v2\/types\/post"}],"author":[{"embeddable":true,"href":"https:\/\/www.europesays.com\/fr\/wp-json\/wp\/v2\/users\/2"}],"replies":[{"embeddable":true,"href":"https:\/\/www.europesays.com\/fr\/wp-json\/wp\/v2\/comments?post=379261"}],"version-history":[{"count":0,"href":"https:\/\/www.europesays.com\/fr\/wp-json\/wp\/v2\/posts\/379261\/revisions"}],"wp:featuredmedia":[{"embeddable":true,"href":"https:\/\/www.europesays.com\/fr\/wp-json\/wp\/v2\/media\/379262"}],"wp:attachment":[{"href":"https:\/\/www.europesays.com\/fr\/wp-json\/wp\/v2\/media?parent=379261"}],"wp:term":[{"taxonomy":"category","embeddable":true,"href":"https:\/\/www.europesays.com\/fr\/wp-json\/wp\/v2\/categories?post=379261"},{"taxonomy":"post_tag","embeddable":true,"href":"https:\/\/www.europesays.com\/fr\/wp-json\/wp\/v2\/tags?post=379261"}],"curies":[{"name":"wp","href":"https:\/\/api.w.org\/{rel}","templated":true}]}}