{"id":37927,"date":"2025-04-20T03:56:14","date_gmt":"2025-04-20T03:56:14","guid":{"rendered":"https:\/\/www.europesays.com\/fr\/37927\/"},"modified":"2025-04-20T03:56:14","modified_gmt":"2025-04-20T03:56:14","slug":"le-depanneur-rouvre-a-pigalle-avec-une-nouvelle-carte-et-une-terrasse-ensoleillee","status":"publish","type":"post","link":"https:\/\/www.europesays.com\/fr\/37927\/","title":{"rendered":"Le D\u00e9panneur rouvre \u00e0 Pigalle avec une nouvelle carte et une terrasse ensoleill\u00e9e"},"content":{"rendered":"<p class=\"\" data-start=\"142\" data-end=\"616\">Finie la devanture chrom\u00e9e de diner ricain, finis les horaires \u00e0 rallonge qui arrangeaient bien les insomniaques du si\u00e8cle dernier : le D\u00e9panneur, adresse mythique de la nuit de Pigalle des 90\u2019s, revient sans surjouer la nostalgie noctambule. Derri\u00e8re ce retour surprise, on trouve le discret David Asseraf (<a href=\"https:\/\/www.timeout.fr\/paris\/bars\/mesures\" target=\"_blank\" rel=\"noopener\">Mesures<\/a>), qui propose ici un caf\u00e9-restaurant, <a href=\"https:\/\/www.timeout.fr\/paris\/restaurants\/ou-manger-un-bon-petit-dejeuner-a-paris\" target=\"_blank\" rel=\"noopener\">ouvert d\u00e8s 9 h<\/a>, qui s\u2019adresse plut\u00f4t aux touristes de passage qu\u2019\u00e0 la hype (qui ne sort plus du Marais, de toute fa\u00e7on).<\/p>\n<p>Une r\u00e9ouverture attendue \u00e0 Pigalle<\/p>\n<p class=\"\" data-start=\"618\" data-end=\"1170\">Un d\u00e9cor de bleu tendre, bois et blanc passe-partout ; une belle terrasse qui concurrence celle du <a href=\"https:\/\/www.timeout.fr\/paris\/bars\/le-mansart\" target=\"_blank\" rel=\"noopener\">Mansart<\/a> voisin ; et une carte sign\u00e9e Benjamin Fergan (pass\u00e9 par la Cantine du Troquet Daguerre), o\u00f9 l\u2019on croise burger, tatin d\u2019oignons\u2026 Le D\u00e9panneur peut (re)faire son trou. On a sirot\u00e9 un Narcos Sour (mezcal, citron vert, gingembre) \u00e0 12 \u20ac, tout \u00e0 fait honn\u00eate. Reste \u00e0 rouvrir le Moloko (encore d\u00e9tenu par Olivier Demarle, ex-proprio du D\u00e9panneur) sur le trottoir d\u2019en face, et on aura vraiment l\u2019impression d\u2019\u00eatre \u00e0 nouveau dans le Pigalle de 1993 !<\/p>\n<p><strong data-start=\"1200\" data-end=\"1208\">O\u00f9 ?<\/strong> 27, rue Pierre-Fontaine Paris 9e<\/p>\n","protected":false},"excerpt":{"rendered":"Finie la devanture chrom\u00e9e de diner ricain, finis les horaires \u00e0 rallonge qui arrangeaient bien les insomniaques du&hellip;\n","protected":false},"author":2,"featured_media":37928,"comment_status":"","ping_status":"","sticky":false,"template":"","format":"standard","meta":{"footnotes":""},"categories":[1888],"tags":[11,2925,2924,1777,674,1011,27,12,626,25,2923],"class_list":{"0":"post-37927","1":"post","2":"type-post","3":"status-publish","4":"format-standard","5":"has-post-thumbnail","7":"category-paris","8":"tag-actualites","9":"tag-actualites-dans-nos-assiettes","10":"tag-categories-restaurants","11":"tag-eu","12":"tag-europe","13":"tag-fr","14":"tag-france","15":"tag-news","16":"tag-paris","17":"tag-republique-francaise","18":"tag-restaurants"},"share_on_mastodon":{"url":"https:\/\/pubeurope.com\/@fr\/114368281610719460","error":""},"_links":{"self":[{"href":"https:\/\/www.europesays.com\/fr\/wp-json\/wp\/v2\/posts\/37927","targetHints":{"allow":["GET"]}}],"collection":[{"href":"https:\/\/www.europesays.com\/fr\/wp-json\/wp\/v2\/posts"}],"about":[{"href":"https:\/\/www.europesays.com\/fr\/wp-json\/wp\/v2\/types\/post"}],"author":[{"embeddable":true,"href":"https:\/\/www.europesays.com\/fr\/wp-json\/wp\/v2\/users\/2"}],"replies":[{"embeddable":true,"href":"https:\/\/www.europesays.com\/fr\/wp-json\/wp\/v2\/comments?post=37927"}],"version-history":[{"count":0,"href":"https:\/\/www.europesays.com\/fr\/wp-json\/wp\/v2\/posts\/37927\/revisions"}],"wp:featuredmedia":[{"embeddable":true,"href":"https:\/\/www.europesays.com\/fr\/wp-json\/wp\/v2\/media\/37928"}],"wp:attachment":[{"href":"https:\/\/www.europesays.com\/fr\/wp-json\/wp\/v2\/media?parent=37927"}],"wp:term":[{"taxonomy":"category","embeddable":true,"href":"https:\/\/www.europesays.com\/fr\/wp-json\/wp\/v2\/categories?post=37927"},{"taxonomy":"post_tag","embeddable":true,"href":"https:\/\/www.europesays.com\/fr\/wp-json\/wp\/v2\/tags?post=37927"}],"curies":[{"name":"wp","href":"https:\/\/api.w.org\/{rel}","templated":true}]}}