{"id":379272,"date":"2025-09-10T03:16:13","date_gmt":"2025-09-10T03:16:13","guid":{"rendered":"https:\/\/www.europesays.com\/fr\/379272\/"},"modified":"2025-09-10T03:16:13","modified_gmt":"2025-09-10T03:16:13","slug":"des-barrages-filtrants-a-grenoble-suivez-levolution-du-trafic-en-temps-reel","status":"publish","type":"post","link":"https:\/\/www.europesays.com\/fr\/379272\/","title":{"rendered":"des barrages filtrants \u00e0 Grenoble, suivez l&rsquo;\u00e9volution du trafic en temps r\u00e9el"},"content":{"rendered":"<p class=\"article__intro\">De nombreuses actions, li\u00e9es au mouvement \u00ab\u00a0Bloquons tout\u00a0\u00bb et \u00ab\u00a0Indignons-nous\u00a0\u00bb, sont pr\u00e9vues ce mercredi 10 septembre. \u00c0 Grenoble, des barrages filtrants sont pr\u00e9vus t\u00f4t dans la matin\u00e9e. Le trafic pr\u00e9voit d&rsquo;\u00eatre perturb\u00e9 sur plusieurs axes. Retrouvez les conditions de circulation en temps r\u00e9el dans la carte ci-dessous.<\/p>\n<p>\n      L\u2019actu des r\u00e9gions\n    <\/p>\n<p>\n      Chaque jour, un tour d\u2019horizon des principales infos de toutes les r\u00e9gions.\n    <\/p>\n<p>    France T\u00e9l\u00e9visions utilise votre adresse e-mail afin de vous envoyer la newsletter \u00ab\u00a0L\u2019actu des r\u00e9gions\u00a0\u00bb. Vous pouvez vous d\u00e9sinscrire \u00e0 tout moment via le lien en bas de cette newsletter. <a target=\"_blank\" href=\"https:\/\/www.francetelevisions.fr\/groupe\/confidentialite\/politique-de-confidentialite\/politique-de-confidentialite-de-france-televisions-6503\" rel=\"nofollow noopener\">Notre politique de confidentialit\u00e9<\/a><\/p>\n<p>La circulation promet d&rsquo;\u00eatre difficile, ce mercredi 10 septembre au matin, alors que de nombreuses actions li\u00e9es au mouvement \u00ab\u00a0Bloquons tout\u00a0\u00bb et \u00ab\u00a0Indignons-nous\u00a0\u00bb sont pr\u00e9vues dans toute la France. \u00c0 Grenoble, des barrages filtrants sont en place d\u00e8s 6 heures sur plusieurs axes strat\u00e9giques de la capitale des Alpes.<\/p>\n<p>Le trafic routier promet d&rsquo;\u00eatre compliqu\u00e9 une partie de la journ\u00e9e de ce mercredi. Des embouteillages pourraient se former sur les principales art\u00e8res qui m\u00e8nent au centre-ville. Retrouvez ci-dessous une carte mise \u00e0 jour en temps r\u00e9el sur l&rsquo;\u00e9volution du trafic \u00e0 Grenoble.<\/p>\n<\/p>\n<p>Voici la liste des barrages filtrants pr\u00e9vus \u00e0 Grenoble et dans sa p\u00e9riph\u00e9rie :<\/p>\n<ul>\n<li>Barrage filtrant \u00e0 Porte de France (\u00e0 partir de 6 heures) ;<\/li>\n<li>Barrage filtrant au pont de Catane (\u00e0 partir de 6 heures) ;<\/li>\n<li>Barrage filtrant sur le boulevard Jean-Pain, face au stade (\u00e0 partir de 6 heures) ;<\/li>\n<li>Barrage filtrant au niveau du rond-point IKEA de Saint-Martin-d&rsquo;H\u00e8res (\u00e0 partir de 6 heures) ;<\/li>\n<\/ul>\n<p>Des rassemblements et manifestations sont aussi pr\u00e9vus dans d&rsquo;autres grandes villes is\u00e9roises. \u00c0 Saint-Quentin-Fallavier, par exemple, des manifestants sont appel\u00e9s \u00e0 se retrouver pr\u00e8s du p\u00e9age de l&rsquo;A43 d\u00e8s 9 heures.<\/p>\n<p>Voici une liste des autres actions pr\u00e9vues dans le d\u00e9partement :<\/p>\n<ul>\n<li>\u00c0 Grenoble, action d'\u00a0\u00bbauto-r\u00e9duction contre la grande distribution\u00a0\u00bb au parc Maurice Thorez (\u00e0 partir de 11 heures) ;<\/li>\n<li>\u00c0 Grenoble, manifestation au d\u00e9part de la place Victor-Hugo (\u00e0 partir de 16 heures) ;<\/li>\n<li>\u00c0 Vienne, rassemblement au niveau de la place Simone-Veil (\u00e0 partir de 9 heures) ;<\/li>\n<li>\u00c0 Saint-Marcellin, rassemblement au niveau du rond-point de l&rsquo;Europe (\u00e0 partir de 7 heures) ;<\/li>\n<li>\u00c0 Pont-en-Royans, barrage filtrant au niveau du pont Picard (\u00e0 partir de 17 heures).<\/li>\n<\/ul>\n<p>D&rsquo;autres actions sont \u00e9galement pr\u00e9vues dans les d\u00e9partements de la Savoie et de la Haute-Savoie. Vous pouvez retrouver davantage d&rsquo;informations dans notre article d\u00e9di\u00e9, <a href=\"https:\/\/france3-regions.franceinfo.fr\/auvergne-rhone-alpes\/isere\/grenoble\/carte-manifestations-du-10-septembre-quels-blocages-a-grenoble-annecy-chambery-et-les-autres-grandes-villes-des-alpes-3213263.html\" target=\"_blank\" rel=\"noopener nofollow\">en cliquant sur ce lien<\/a>.<\/p>\n","protected":false},"excerpt":{"rendered":"De nombreuses actions, li\u00e9es au mouvement \u00ab\u00a0Bloquons tout\u00a0\u00bb et \u00ab\u00a0Indignons-nous\u00a0\u00bb, sont pr\u00e9vues ce mercredi 10 septembre. \u00c0 Grenoble,&hellip;\n","protected":false},"author":2,"featured_media":379273,"comment_status":"","ping_status":"","sticky":false,"template":"","format":"standard","meta":{"footnotes":""},"categories":[9566],"tags":[1111,11,2430,1777,674,1011,27,2731,12,25],"class_list":{"0":"post-379272","1":"post","2":"type-post","3":"status-publish","4":"format-standard","5":"has-post-thumbnail","7":"category-grenoble","8":"tag-actu","9":"tag-actualites","10":"tag-auvergne-rhone-alpes","11":"tag-eu","12":"tag-europe","13":"tag-fr","14":"tag-france","15":"tag-grenoble","16":"tag-news","17":"tag-republique-francaise"},"share_on_mastodon":{"url":"https:\/\/pubeurope.com\/@fr\/115177834636578373","error":""},"_links":{"self":[{"href":"https:\/\/www.europesays.com\/fr\/wp-json\/wp\/v2\/posts\/379272","targetHints":{"allow":["GET"]}}],"collection":[{"href":"https:\/\/www.europesays.com\/fr\/wp-json\/wp\/v2\/posts"}],"about":[{"href":"https:\/\/www.europesays.com\/fr\/wp-json\/wp\/v2\/types\/post"}],"author":[{"embeddable":true,"href":"https:\/\/www.europesays.com\/fr\/wp-json\/wp\/v2\/users\/2"}],"replies":[{"embeddable":true,"href":"https:\/\/www.europesays.com\/fr\/wp-json\/wp\/v2\/comments?post=379272"}],"version-history":[{"count":0,"href":"https:\/\/www.europesays.com\/fr\/wp-json\/wp\/v2\/posts\/379272\/revisions"}],"wp:featuredmedia":[{"embeddable":true,"href":"https:\/\/www.europesays.com\/fr\/wp-json\/wp\/v2\/media\/379273"}],"wp:attachment":[{"href":"https:\/\/www.europesays.com\/fr\/wp-json\/wp\/v2\/media?parent=379272"}],"wp:term":[{"taxonomy":"category","embeddable":true,"href":"https:\/\/www.europesays.com\/fr\/wp-json\/wp\/v2\/categories?post=379272"},{"taxonomy":"post_tag","embeddable":true,"href":"https:\/\/www.europesays.com\/fr\/wp-json\/wp\/v2\/tags?post=379272"}],"curies":[{"name":"wp","href":"https:\/\/api.w.org\/{rel}","templated":true}]}}