{"id":379274,"date":"2025-09-10T03:17:27","date_gmt":"2025-09-10T03:17:27","guid":{"rendered":"https:\/\/www.europesays.com\/fr\/379274\/"},"modified":"2025-09-10T03:17:27","modified_gmt":"2025-09-10T03:17:27","slug":"chaque-bijou-raconte-une-histoire-a-rennes-lesenechal-joailliers-mele-savoir-faire-et","status":"publish","type":"post","link":"https:\/\/www.europesays.com\/fr\/379274\/","title":{"rendered":"\u00ab Chaque bijou raconte une histoire \u00bb : \u00c0 Rennes, Les\u00e9n\u00e9chal joailliers m\u00eale savoir-faire et"},"content":{"rendered":"<p>La bijouterie-joaillerie Janin a \u00e9t\u00e9 reprise par Marie Les\u00e9n\u00e9chal et son associ\u00e9 Johan Parodi.<\/p>\n<p>V\u00e9ritable institution, cr\u00e9\u00e9e en 1987, Les\u00e9n\u00e9chal joailliers revendique un ancrage breton et une passion familiale pour les m\u00e9tiers d\u2019art. Forte de ses onze collaborateurs, l\u2019\u00e9quipe constitu\u00e9e de joailliers et gemmologues (sp\u00e9cialistes des pierres pr\u00e9cieuses), m\u00eale pr\u00e9cision, savoir-faire, cr\u00e9ativit\u00e9 et instinct artistique dans la cr\u00e9ation des bijoux.<\/p>\n<p>\u00a0\u00c0 ce jour, nous sommes le seul \u00e9tablissement rennais \u00e0 proposer une palette d\u2019offres aussi vari\u00e9es\u00a0: achat et vente de bijoux, achat d\u2019or, expertises pour assurances, succession ou partage, renfilage, restauration et r\u00e9parations de bijoux. Et surtout la cr\u00e9ation et la fabrication de pi\u00e8ces uniques dans notre propre atelier\u00a0<strong>dot\u00e9 d\u2019outils d\u2019un autre \u00e2ge et aussi de technologies dernier cri comme la 3D, qui permet au client de se projeter et de visualiser son futur bijou.<\/strong> <strong>Il est important que celui-ci soit acteur car chaque bijou raconte une histoire \u2013 la sienne\u00a0\u00bb.<\/strong><\/p>\n<p>Si vous poss\u00e9dez d\u2019anciennes montures, us\u00e9es ou d\u00e9mod\u00e9es, la maison se charge de les remettre au go\u00fbt du jour.<\/p>\n<p><strong>Les\u00e9n\u00e9chal joailliers,<\/strong> 9, rue Hoche. Ferm\u00e9 le lundi. Contact\u00a0: T\u00e9l. 02\u00a099\u00a038\u00a053\u00a085 ou contact@lesenechaljoailliers.com<\/p>\n<p>\u00a0<\/p>\n","protected":false},"excerpt":{"rendered":"La bijouterie-joaillerie Janin a \u00e9t\u00e9 reprise par Marie Les\u00e9n\u00e9chal et son associ\u00e9 Johan Parodi. V\u00e9ritable institution, cr\u00e9\u00e9e en&hellip;\n","protected":false},"author":2,"featured_media":379275,"comment_status":"","ping_status":"","sticky":false,"template":"","format":"standard","meta":{"footnotes":""},"categories":[2821],"tags":[1111,11,945,829,1777,674,1011,27,937,51272,51271,37487,12,9580,9068,584,25,6939],"class_list":{"0":"post-379274","1":"post","2":"type-post","3":"status-publish","4":"format-standard","5":"has-post-thumbnail","7":"category-rennes","8":"tag-actu","9":"tag-actualites","10":"tag-bijou","11":"tag-bretagne","12":"tag-eu","13":"tag-europe","14":"tag-fr","15":"tag-france","16":"tag-histoire","17":"tag-joailliers","18":"tag-lesenechal","19":"tag-mele","20":"tag-news","21":"tag-passion","22":"tag-raconte","23":"tag-rennes","24":"tag-republique-francaise","25":"tag-savoir-faire"},"share_on_mastodon":{"url":"https:\/\/pubeurope.com\/@fr\/115177838624824131","error":""},"_links":{"self":[{"href":"https:\/\/www.europesays.com\/fr\/wp-json\/wp\/v2\/posts\/379274","targetHints":{"allow":["GET"]}}],"collection":[{"href":"https:\/\/www.europesays.com\/fr\/wp-json\/wp\/v2\/posts"}],"about":[{"href":"https:\/\/www.europesays.com\/fr\/wp-json\/wp\/v2\/types\/post"}],"author":[{"embeddable":true,"href":"https:\/\/www.europesays.com\/fr\/wp-json\/wp\/v2\/users\/2"}],"replies":[{"embeddable":true,"href":"https:\/\/www.europesays.com\/fr\/wp-json\/wp\/v2\/comments?post=379274"}],"version-history":[{"count":0,"href":"https:\/\/www.europesays.com\/fr\/wp-json\/wp\/v2\/posts\/379274\/revisions"}],"wp:featuredmedia":[{"embeddable":true,"href":"https:\/\/www.europesays.com\/fr\/wp-json\/wp\/v2\/media\/379275"}],"wp:attachment":[{"href":"https:\/\/www.europesays.com\/fr\/wp-json\/wp\/v2\/media?parent=379274"}],"wp:term":[{"taxonomy":"category","embeddable":true,"href":"https:\/\/www.europesays.com\/fr\/wp-json\/wp\/v2\/categories?post=379274"},{"taxonomy":"post_tag","embeddable":true,"href":"https:\/\/www.europesays.com\/fr\/wp-json\/wp\/v2\/tags?post=379274"}],"curies":[{"name":"wp","href":"https:\/\/api.w.org\/{rel}","templated":true}]}}