{"id":379276,"date":"2025-09-10T03:18:16","date_gmt":"2025-09-10T03:18:16","guid":{"rendered":"https:\/\/www.europesays.com\/fr\/379276\/"},"modified":"2025-09-10T03:18:16","modified_gmt":"2025-09-10T03:18:16","slug":"a-rennes-la-joconde-exposee-dans-ce-centre-commercial","status":"publish","type":"post","link":"https:\/\/www.europesays.com\/fr\/379276\/","title":{"rendered":"\u00e0 Rennes, La Joconde expos\u00e9e dans ce centre commercial"},"content":{"rendered":"<p>            Par<br \/>\n        <strong><br \/>\n            <a href=\"https:\/\/actu.fr\/auteur\/brian-legoff\" title=\"Consulter tous les articles de Brian Le Goff\" rel=\"nofollow noopener\" target=\"_blank\">Brian Le Goff<\/a><br \/>\n        <\/strong><\/p>\n<p>        Publi\u00e9 le<\/p>\n<p>            9 sept. 2025 \u00e0 18h19        <\/p>\n<p>Elles ont \u00e9t\u00e9 <strong>install\u00e9es dans la nuit du lundi\u00a08 au mardi 9<\/strong>\u00a0septembre 2025. Au centre commercial Alma \u00e0 <a href=\"https:\/\/actu.fr\/rennes\/\" rel=\"nofollow noopener\" target=\"_blank\">Rennes<\/a>,<strong> 24 \u0153uvres reproduites <\/strong>des collections du <a href=\"https:\/\/actu.fr\/tag\/musee-du-louvre\" rel=\"nofollow noopener\" target=\"_blank\">mus\u00e9e du Louvre<\/a> ont pris place pour une exposition d\u2019une semaine,<strong> jusqu\u2019au mercredi 17\u00a0septembre 2025<\/strong> inclus. Sur la \u00ab\u2009place de la Fontaine\u2009\u00bb, des structures, reprenant \u00ab\u2009l\u2019architecture atypique du mus\u00e9e\u2009\u00bb, ont \u00e9t\u00e9 mont\u00e9es pour accueillir ces \u0153uvres. Et, ce mardi 9\u00a0septembre, les premiers curieux, qui n\u2019avaient pas tous vent de cet \u00e9v\u00e9nement in\u00e9dit, n\u2019en ont pas cru leurs yeux.<\/p>\n<p>\u00ab\u2009On ne s\u2019attend pas forc\u00e9ment \u00e0 \u00e7a\u2009\u00bb<\/p>\n<p class=\" wall-content\"><strong>\u00ab\u2009Ah regarde, il y a La Joconde\u2009!\u2009\u00bb<\/strong>, s\u2019exclamait l\u2019un d\u2019entre eux, alors que l\u2019exposition ouvrait ses portes, ce mardi matin.<\/p>\n<blockquote class=\"ac-article-quote wall-content\">\n<p>Je n&rsquo;\u00e9tais pas au courant. C&rsquo;est vrai que c&rsquo;est sympa comme initiative. On ne s&rsquo;attend pas forc\u00e9ment \u00e0 \u00e7a dans un centre commercial.<\/p>\n<p>    <strong>Cliente du centre commercial Alma \u00e0 Rennes face \u00e0 l&rsquo;exposition d&rsquo;\u0153uvres du Louvre<\/strong>\n            <\/p><\/blockquote>\n<p class=\" wall-content\">Et c\u2019\u00e9tait tout l\u2019objectif de ce <strong>partenariat<\/strong> entre le groupe gestionnaire du centre et le mus\u00e9e du Louvre. \u00ab\u2009Le but est <strong>d\u2019apporter la culture aupr\u00e8s de tous<\/strong>, de faire d\u00e9couvrir le mus\u00e9e \u00e0 des gens qui n\u2019ont pas l\u2019habitude d\u2019y aller\u2009\u00bb, d\u00e9veloppe <strong>Nathalie Taillandier,<\/strong> la directrice d\u2019Alma, sans passer sous silence l\u2019ambition d\u2019<strong>attirer du public au centre commercial<\/strong>. \u00ab\u2009Mais, \u00e0 la fois, on peut tr\u00e8s bien venir d\u00e9couvrir l\u2019exposition sans devoir consommer.\u2009\u00bb<\/p>\n<p>Au plus pr\u00e8s des \u0153uvres<\/p>\n<p class=\" wall-content\">Qui plus est, tous les supports pour en savoir davantage sur chaque \u0153uvre ont \u00e9t\u00e9 pens\u00e9s pour le plus grand nombre.<\/p>\n<blockquote class=\"ac-article-quote wall-content\">\n<p>L&rsquo;op\u00e9ration s&rsquo;appelle Le Louvre au centre, mais l&rsquo;exposition se nomme \u00ab\u00a0J&rsquo;habite au mus\u00e9e\u00a0\u00bb. Dans l&rsquo;exposition, il n&rsquo;y a que des tableaux avec des personnages. Ils appartiennent tous au mus\u00e9e. Pour rapprocher les visiteurs de cet univers, les descriptions de chaque \u0153uvre ont \u00e9t\u00e9 retravaill\u00e9es et r\u00e9dig\u00e9es \u00e0 la premi\u00e8re personne dans le but de retenir leur attention.<\/p>\n<p>    <strong>Cathy Losson<\/strong><br \/>\n        Cheffe de projet au mus\u00e9e du Louvre    <\/p><\/blockquote>\n<p class=\" wall-content\">Chaque jour, <strong>plusieurs m\u00e9diateurs<\/strong> pourront raconter l\u2019histoire des \u0153uvres, mais aussi les <strong>anecdotes<\/strong> qui les entourent, comme le jour o\u00f9 La Joconde a \u00e9t\u00e9 vol\u00e9e.<\/p>\n<p>Votre r\u00e9gion, votre actu !<\/p>\n<p>Recevez chaque jour les infos qui comptent pour vous.<\/p>\n<p>\t<a href=\"https:\/\/actu.fr\/newsletter\" class=\"ac-btn ac-btn--corner ac-btn--medium ac-btn--blue800\" rel=\"nofollow noopener\" target=\"_blank\">S&rsquo;incrire<\/a><\/p>\n<p class=\" wall-content\">Au-del\u00e0 de <strong>La Joconde \u2013 \u00e0 taille r\u00e9elle \u2013<\/strong> La V\u00e9nus de Milo, Balthazar Castiglione, Le Bouffon au luth, Portrait d\u2019une femme noire, Le Scribe accroupi, le Gladiateur Borgh\u00e8se, etc. sont \u00e0 d\u00e9couvrir.<\/p>\n<blockquote class=\"ac-article-quote wall-content\">\n<p>Ce qui est int\u00e9ressant, c&rsquo;est que l&rsquo;on peut \u00eatre au plus proche des \u0153uvres et voir les moindres d\u00e9tails, comme les craquelures de la peinture.<\/p>\n<p>    <strong>Cathy Losson<\/strong><br \/>\n        Cheffe de projet au mus\u00e9e du Louvre    <\/p><\/blockquote>\n<p>Le plein d\u2019animations<\/p>\n<p class=\" wall-content\">Apr\u00e8s avoir (re) d\u00e9couvert ces \u0153uvres, le public peut aussi participer \u00e0 des animations comme\u2009:<\/p>\n<ul class=\" wall-content\">\n<li>des <strong>visites guid\u00e9es<\/strong>\u2009;<\/li>\n<li>une<strong> table tactile<\/strong> o\u00f9 il est possible de toucher des statuettes et leur mat\u00e9riau d\u2019origine\u2009;<\/li>\n<li>un<strong> photobooth<\/strong> avec intelligence artificielle qui vous permettra de devenir le personnage de tableaux expos\u00e9s\u2009;<\/li>\n<li>un <strong>baby-foot\u2009;<\/strong><\/li>\n<li>un jeu <strong>\u00ab\u2009Qui est-ce\u2009?\u2009\u00bb<\/strong> sp\u00e9cial sur les personnages les plus c\u00e9l\u00e8bres du Louvre.<\/li>\n<\/ul>\n<p class=\" wall-content\">Enfin, le <a href=\"https:\/\/actu.fr\/bretagne\/rennes_35238\/ce-tableau-des-beaux-arts-a-rennes-est-exceptionnel-voici-trois-raisons-d-aller-le-voir_61139799.html\" rel=\"nofollow noopener\" target=\"_blank\">mus\u00e9e des Beaux-Arts de Rennes<\/a> fait aussi partie de l\u2019aventure avec l\u2019exposition d\u2019\u0153uvres du Louvre d\u00e9pos\u00e9es dans ses collections.<\/p>\n<p class=\" wall-content\">Il mettra \u00e0 disposition un <strong>casque de r\u00e9alit\u00e9 virtuelle<\/strong> afin de prendre en main une <strong>momie de chat<\/strong>. \u00ab\u2009\u00c0 travers diff\u00e9rentes visions dans le casque de r\u00e9alit\u00e9 virtuelle et diff\u00e9rents travaux de recherche men\u00e9s, les<strong> visiteurs seront surpris \u00e0 coup s\u00fbr<\/strong> par ce qu\u2019ils verront\u2009\u00bb, glisse <strong>Odile Hays,<\/strong> m\u00e9diatrice culturelle du mus\u00e9e breton.<\/p>\n<p>L\u2019exposition, accessible gratuitement, est visible aux horaires d\u2019ouverture du centre commercial.<\/p>\n<p class=\" wall-content\">Personnalisez votre actualit\u00e9 en ajoutant vos villes et m\u00e9dias en favori avec <a href=\"https:\/\/moncompte.actu.fr\" title=\"D\u00e9couvez Mon Actu\" rel=\"nofollow noopener\" data-trk=\"{&quot;cta&quot;:{&quot;action&quot;:&quot;https:\\\/\\\/moncompte.actu.fr&quot;,&quot;category&quot;:&quot;mon compte&quot;,&quot;from&quot;:&quot;article footer&quot;,&quot;name&quot;:&quot;Mon actu&quot;,&quot;type&quot;:&quot;cta&quot;}}\" target=\"_blank\">Mon Actu<\/a>.<\/p>\n","protected":false},"excerpt":{"rendered":"Par Brian Le Goff Publi\u00e9 le 9 sept. 2025 \u00e0 18h19 Elles ont \u00e9t\u00e9 install\u00e9es dans la nuit&hellip;\n","protected":false},"author":2,"featured_media":379277,"comment_status":"","ping_status":"","sticky":false,"template":"","format":"standard","meta":{"footnotes":""},"categories":[2821],"tags":[1111,11,829,215,1777,674,1011,27,1652,3094,12,584,25],"class_list":{"0":"post-379276","1":"post","2":"type-post","3":"status-publish","4":"format-standard","5":"has-post-thumbnail","7":"category-rennes","8":"tag-actu","9":"tag-actualites","10":"tag-bretagne","11":"tag-commerce","12":"tag-eu","13":"tag-europe","14":"tag-fr","15":"tag-france","16":"tag-loisirs-culture","17":"tag-musee-du-louvre","18":"tag-news","19":"tag-rennes","20":"tag-republique-francaise"},"share_on_mastodon":{"url":"https:\/\/pubeurope.com\/@fr\/115177842549386229","error":""},"_links":{"self":[{"href":"https:\/\/www.europesays.com\/fr\/wp-json\/wp\/v2\/posts\/379276","targetHints":{"allow":["GET"]}}],"collection":[{"href":"https:\/\/www.europesays.com\/fr\/wp-json\/wp\/v2\/posts"}],"about":[{"href":"https:\/\/www.europesays.com\/fr\/wp-json\/wp\/v2\/types\/post"}],"author":[{"embeddable":true,"href":"https:\/\/www.europesays.com\/fr\/wp-json\/wp\/v2\/users\/2"}],"replies":[{"embeddable":true,"href":"https:\/\/www.europesays.com\/fr\/wp-json\/wp\/v2\/comments?post=379276"}],"version-history":[{"count":0,"href":"https:\/\/www.europesays.com\/fr\/wp-json\/wp\/v2\/posts\/379276\/revisions"}],"wp:featuredmedia":[{"embeddable":true,"href":"https:\/\/www.europesays.com\/fr\/wp-json\/wp\/v2\/media\/379277"}],"wp:attachment":[{"href":"https:\/\/www.europesays.com\/fr\/wp-json\/wp\/v2\/media?parent=379276"}],"wp:term":[{"taxonomy":"category","embeddable":true,"href":"https:\/\/www.europesays.com\/fr\/wp-json\/wp\/v2\/categories?post=379276"},{"taxonomy":"post_tag","embeddable":true,"href":"https:\/\/www.europesays.com\/fr\/wp-json\/wp\/v2\/tags?post=379276"}],"curies":[{"name":"wp","href":"https:\/\/api.w.org\/{rel}","templated":true}]}}